{"id":5812,"date":"2023-01-04T10:15:26","date_gmt":"2023-01-04T13:15:26","guid":{"rendered":"https:\/\/aguaslindasnoticias.com.br\/index.php\/2023\/01\/04\/setor-de-eventos-podera-ter-representante-na-camara-dos-deputados\/"},"modified":"2023-01-04T10:15:26","modified_gmt":"2023-01-04T13:15:26","slug":"setor-de-eventos-podera-ter-representante-na-camara-dos-deputados","status":"publish","type":"post","link":"https:\/\/aguaslindasnoticias.com.br\/index.php\/2023\/01\/04\/setor-de-eventos-podera-ter-representante-na-camara-dos-deputados\/","title":{"rendered":"Setor de eventos poder\u00e1 ter representante na C\u00e2mara dos Deputados"},"content":{"rendered":"\n<figure class=\"wp-block-image size-large\"><img decoding=\"async\" src=\"http:\/\/claricegulyas.com.br\/wp-content\/uploads\/2022\/09\/karla-vinhas-deputada-federal-psdb-df.png\" alt=\"\" class=\"wp-image-10822\"\/><\/figure>\n\n\n\n<p><em>Com a proposta de criar uma secretaria especial para o segmento, Karla Vinhas concorre para deputada federal pelo PSDB no DF<\/em><\/p>\n\n\n\n<p>Refer\u00eancia no ramo de decora\u00e7\u00e3o e loca\u00e7\u00e3o para festas e eventos no Distrito Federal, <strong>Karla Vinhas<\/strong> \u00e9 uma das apostas do PSDB para a C\u00e2mara dos Deputados. A empres\u00e1ria viveu na pele as dificuldades impostas pelo enfrentamento da Covid-19 e hoje quer representar os direitos e interesses de empreendedores e profissionais da \u00e1rea.<\/p>\n\n\n\n<p>Com 37 anos, casada, m\u00e3e, crist\u00e3 e defensora de pautas ligadas \u00e0 educa\u00e7\u00e3o, fam\u00edlia e empreendedorismo, a candidata apresenta como principais propostas para o setor de eventos a cria\u00e7\u00e3o da Secretaria de Eventos do DF, Linha de Renegocia\u00e7\u00e3o dos D\u00e9bitos, e C\u00f3digo de Defesa do Empreendedor. Caso eleita, ela tamb\u00e9m pretende lutar pela melhoria das condi\u00e7\u00f5es de trabalho e regulariza\u00e7\u00e3o do segmento, tratando, por exemplo, da regulamenta\u00e7\u00e3o de profiss\u00f5es que envolvem a cadeia produtiva do deste setor.<\/p>\n\n\n\n<p>&#8220;Durante a pandemia, assim como v\u00e1rias empresas que viram seu faturamento cair, tamb\u00e9m busquei alternativas para sobreviver \u00e0 crise causada pela Covid-19. Recebi v\u00e1rios &#8216;n\u00e3os&#8217; e senti de perto a dificuldade de apoio para este setor, que foi o primeiro a fechar e o \u00faltimo a reabrir&#8221;, afirma Karla Vinhas.<\/p>\n\n\n\n<p>Empresas de presentes, gr\u00e1ficas, loca\u00e7\u00e3o de materiais, m\u00f3veis, m\u00fasica, decora\u00e7\u00e3o, organiza\u00e7\u00e3o, ilumina\u00e7\u00e3o, fotografia, som, bebidas, comida, moda, aluguel de espa\u00e7os e tantas outras \u00e1reas tiveram medidas restritivas que chegaram a atingir 97% do setor em 2020.<\/p>\n\n\n\n<p>Segundo a Associa\u00e7\u00e3o Brasileira de Empresas de Eventos (Abeoc Brasil), cerca de 350 mil eventos foram cancelados naquele ano, deixando de faturar ao menos R$ 90 bilh\u00f5es, considerando shows, festas, congressos, rodeios, teatro, eventos esportivos e sociais. Em 2021, esse n\u00famero foi de R$ 140 bilh\u00f5es, com aproximadamente 450 mil pessoas demitidas.<\/p>\n\n\n\n<p><strong>Confira as principais propostas de Karla Vinhas:<\/strong><\/p>\n\n\n\n<p>1 Lutar pela cria\u00e7\u00e3o da Secretaria de Eventos do DF e, assim, organizar as demandas do setor junto ao Executivo, evitando falta de lideran\u00e7as como tem ocorrido at\u00e9 hoje.<\/p>\n\n\n\n<p>2 Trabalhar para a aprova\u00e7\u00e3o de lei distrital que isenta de IPTU os sal\u00f5es de festas, buffets, espa\u00e7os de eventos at\u00e9 2026 para a recupera\u00e7\u00e3o dos preju\u00edzos da pandemia.<\/p>\n\n\n\n<p>3 Trabalhar para que o BRB crie a Linha de Renegocia\u00e7\u00e3o dos D\u00e9bitos de todas as empresas do setor de eventos com prazo de 120 meses de pagamento, 12 meses de car\u00eancia, juros de 6% fixos e sem corre\u00e7\u00e3o monet\u00e1ria de maneira que as emrpesas possam se organizar financeiramente por conta da pandemia da Covid-19.<\/p>\n\n\n\n<p>4 Propor a cria\u00e7\u00e3o do aux\u00edlio creche para crian\u00e7as de 0 a 6 anos para que todas as mulheres que n\u00e3o tiverem acesso \u00e0s vagas em creches p\u00fablicas possam contratar pessoas para cuidar das crian\u00e7as ou coloc\u00e1-las em destabelecimentos privados.<\/p>\n\n\n\n<p>5 Propor a revis\u00e3o do modelo de tarifa\u00e7\u00e3o das contas de \u00e1gua para que as taxas de esgotamento sanit\u00e1rio n\u00e3o sejam proporcionais ao consumo de \u00e1gua, dado que em diversos pa\u00edses do mundo \u00e9 cobrado apenas o consumo de \u00e1gua. Para as pessoas desempregadas a mesma legisla\u00e7\u00e3o ir\u00e1 isentar as pessoas do pagamento de \u00e1gua por se tratar de bem universal e direito constitucional \u00e0 vida.<\/p>\n\n\n\n<p>6 Lutar para a cria\u00e7\u00e3o da Feira Anual de Eventos do DF, onde as empresas do setor e interessados ter\u00e3o acesso aos servi\u00e7os com pre\u00e7os e condi\u00e7\u00f5es adequados para contrata\u00e7\u00e3o de batizados, casamentos, noivados, anivers\u00e1rios e demais festividades de maneira que o setor de eventos possa ter contratos para todo o ano em curso.<\/p>\n\n\n\n<p>7 Batalhar para aprovar a lei federal de cria\u00e7\u00e3o do C\u00f3digo de Defesa do Empreendedor e, assim, assegurar os direitos devidos para a classe empresarial que n\u00e3o tem apoio e amparo devido \u00e0 aus\u00eancia de uma legisla\u00e7\u00e3o adequada e espec\u00edfica para o setor.<\/p>\n\n\n\n<p>8 Instituir programa federal de capacita\u00e7\u00e3o de jovens, adultos e mulheres para reinser\u00e7\u00e3o ao mercado de trabalho, preferencialmente no setor de eventos com cursos e certificados profissionais emitidos e ainda que durante o curso os inscritos recebam bolsa aux\u00edlio.<\/p>\n\n\n\n<p>9 Lutar para a cria\u00e7\u00e3o de pelo menos uma escola t\u00e9cnica em cada regi\u00e3o administrativa do DF para que, assim, as pessoas possam obter a sua qualifica\u00e7\u00e3o para o primeiro emprego.<\/p>\n\n\n\n<p>10 Assist\u00eancia ampliada com acompanhamento, atendimento m\u00e9dico especializado mensal \u00e0s gestantes e m\u00e3es com crian\u00e7as at\u00e9 o primeiro ano de vida afim de minimizar o diagn\u00f3stico tardio de doen\u00e7as pr\u00e9-existentes.<\/p>\n\n\n\n<p><br><strong>Acompanhe Karla Vinhas pelo Instagram:<\/strong> @KarlaVinhasBSB<\/p>\n","protected":false},"excerpt":{"rendered":"<p>Com a proposta de criar uma secretaria especial para o segmento, Karla Vinhas concorre para deputada federal pelo PSDB no DF Refer\u00eancia no ramo de decora\u00e7\u00e3o e loca\u00e7\u00e3o para festas e eventos no Distrito Federal, Karla Vinhas \u00e9 uma das apostas do PSDB para a C\u00e2mara dos Deputados. A empres\u00e1ria viveu na pele as dificuldades [&hellip;]<\/p>\n","protected":false},"author":1,"featured_media":0,"comment_status":"open","ping_status":"open","sticky":false,"template":"","format":"standard","meta":{"footnotes":""},"categories":[],"tags":[],"class_list":["post-5812","post","type-post","status-publish","format-standard","hentry"],"_links":{"self":[{"href":"https:\/\/aguaslindasnoticias.com.br\/index.php\/wp-json\/wp\/v2\/posts\/5812","targetHints":{"allow":["GET"]}}],"collection":[{"href":"https:\/\/aguaslindasnoticias.com.br\/index.php\/wp-json\/wp\/v2\/posts"}],"about":[{"href":"https:\/\/aguaslindasnoticias.com.br\/index.php\/wp-json\/wp\/v2\/types\/post"}],"author":[{"embeddable":true,"href":"https:\/\/aguaslindasnoticias.com.br\/index.php\/wp-json\/wp\/v2\/users\/1"}],"replies":[{"embeddable":true,"href":"https:\/\/aguaslindasnoticias.com.br\/index.php\/wp-json\/wp\/v2\/comments?post=5812"}],"version-history":[{"count":0,"href":"https:\/\/aguaslindasnoticias.com.br\/index.php\/wp-json\/wp\/v2\/posts\/5812\/revisions"}],"wp:attachment":[{"href":"https:\/\/aguaslindasnoticias.com.br\/index.php\/wp-json\/wp\/v2\/media?parent=5812"}],"wp:term":[{"taxonomy":"category","embeddable":true,"href":"https:\/\/aguaslindasnoticias.com.br\/index.php\/wp-json\/wp\/v2\/categories?post=5812"},{"taxonomy":"post_tag","embeddable":true,"href":"https:\/\/aguaslindasnoticias.com.br\/index.php\/wp-json\/wp\/v2\/tags?post=5812"}],"curies":[{"name":"wp","href":"https:\/\/api.w.org\/{rel}","templated":true}]}}