{"id":5811,"date":"2023-01-04T10:15:26","date_gmt":"2023-01-04T13:15:26","guid":{"rendered":"https:\/\/aguaslindasnoticias.com.br\/index.php\/2023\/01\/04\/candidata-trans-a-deputada-federal-mari-valentim-defende-liberdade-economica-e-pauta-lgbtqia\/"},"modified":"2023-01-04T10:15:26","modified_gmt":"2023-01-04T13:15:26","slug":"candidata-trans-a-deputada-federal-mari-valentim-defende-liberdade-economica-e-pauta-lgbtqia","status":"publish","type":"post","link":"https:\/\/aguaslindasnoticias.com.br\/index.php\/2023\/01\/04\/candidata-trans-a-deputada-federal-mari-valentim-defende-liberdade-economica-e-pauta-lgbtqia\/","title":{"rendered":"Candidata trans a deputada federal, Mari Valentim defende liberdade econ\u00f4mica e pauta LGBTQIA+"},"content":{"rendered":"\n<figure class=\"wp-block-image size-large\"><img decoding=\"async\" src=\"http:\/\/claricegulyas.com.br\/wp-content\/uploads\/2022\/09\/mari-valentim.png\" alt=\"\" class=\"wp-image-10818\"\/><\/figure>\n\n\n\n<p><em>Candidata a deputada federal pelo DF, Mari Valentim (Cidadania) defende que a pauta trans n\u00e3o tem nenhum conflito com uma vis\u00e3o pol\u00edtica de centro<\/em><\/p>\n\n\n\n<p>Mari Valentim \u00e9 uma arquiteta, urbanista e empres\u00e1ria que h\u00e1 seis anos colocou a milit\u00e2ncia pol\u00edtica a favor do liberalismo como um dos pontos chave de sua vida. Ela, que \u00e9 candidata a deputada federal no DF com o n\u00famero 2324 (Cidadania), \u00e9 tamb\u00e9m uma mulher trans que acredita que \u00e9 a partir das pautas econ\u00f4micas em que se poder\u00e1 garantir uma vida mais justa e plena para as popula\u00e7\u00f5es de minorias pol\u00edticas.<\/p>\n\n\n\n<p>\u201cFiz minha transi\u00e7\u00e3o de g\u00eanero aos 40 anos. Fiz esta revolu\u00e7\u00e3o pessoal e a partir dela entendi melhor meu desejo de que todos possam ter liberdade e condi\u00e7\u00f5es financeiras para viver sua vida conforme seus desejos, com suas convic\u00e7\u00f5es\u201d, aponta ela.<\/p>\n\n\n\n<p>Mari Valentim busca trazer representatividade para a pol\u00edtica, mas sem se esquecer da compet\u00eancia para pensar a pol\u00edtica a partir de um ponto de vista mais aberto. \u201cSer trans me traduz, mas n\u00e3o deve me reduzir. Sou um ser bem mais amplo do que minha identidade de g\u00eanero\u201d, resume ela. \u201cTenho propostas muito concretas para as minorias, mas acredito que \u00e9 preciso pensar para al\u00e9m de pautas soltas, indo para uma vis\u00e3o social e econ\u00f4mica mais abarcadora\u201d, aponta.<\/p>\n\n\n\n<p>\u00c9 a primeira vez que Mari Valentim se candidata a um cargo eletivo, mas ela n\u00e3o \u00e9 estrangeira \u00e0 pol\u00edtica. Sua carreira na milit\u00e2ncia de movimentos sociais e depois na estrutura interna do partido Cidadania lhe deram a experi\u00eancia pol\u00edtica para conseguir realizar seu objetivo: representar a popula\u00e7\u00e3o LGBTQIA+ sem deixar de enxergar a import\u00e2ncia de lutar pela realiza\u00e7\u00e3o econ\u00f4mica e individual das pessoas de maneira plena.<\/p>\n\n\n\n<p><strong>Uma vida nova aos 40 anos<\/strong><\/p>\n\n\n\n<p>Mari Valentim afirma que vivia em uma \u201cjaula de g\u00eanero\u201d antes de iniciar seu processo de transi\u00e7\u00e3o, j\u00e1 aos 40 anos. Apesar de sua carreira s\u00f3lida e uma s\u00e9rie de conquistas pessoais, ela considera que at\u00e9 ent\u00e3o nunca tinha tido uma experi\u00eancia de realiza\u00e7\u00e3o plena.<\/p>\n\n\n\n<p>\u201cEu n\u00e3o conseguia viver minha plenitude e n\u00e3o tinha coragem de enfrentar os amigos, a fam\u00edlia, o trabalho&#8230; A partir da transi\u00e7\u00e3o, fui redescobrindo a vida, me sentindo mais plena, de minha exist\u00eancia ser conforme eu sempre desejei, sempre senti.\u201d<\/p>\n\n\n\n<p>Apesar da sensa\u00e7\u00e3o de aprisionamento, Mari Valentim considera que a experi\u00eancia de ter passado por uma transi\u00e7\u00e3o de g\u00eanero em uma etapa mais madura de sua vida tamb\u00e9m foi uma possibilidade para que ela entendesse a import\u00e2ncia da autonomia financeira no processo de exerc\u00edcio da pr\u00f3pria liberdade.<\/p>\n\n\n\n<p><strong>Autonomia que come\u00e7a no bolso<\/strong><\/p>\n\n\n\n<p>Ao se aproximar da realidade de outras pessoas que haviam transicionado mais cedo e enfrentado preconceitos que os privavam de oportunidades, Mari Valentim entendeu que sua estabilidade econ\u00f4mica tornou o processo de readequa\u00e7\u00e3o muito mais f\u00e1cil.<\/p>\n\n\n\n<p>\u201cClaro que nunca \u00e9 tranquilo passar por uma transi\u00e7\u00e3o, mas quando voc\u00ea conquista sua liberdade econ\u00f4mica, os desafios s\u00e3o menores: voc\u00ea tem condi\u00e7\u00f5es de viver sua vida e ter esta autonomia&#8221;, diz. Para ela, a ideia de autonomia econ\u00f4mica passou a ser ent\u00e3o indissoci\u00e1vel da liberdade de g\u00eanero e de sexualidade.&nbsp;<\/p>\n\n\n\n<p>\u201cSem o trabalho, sem o estudo, as pessoas LGBTQIA+ tem muita dificuldade de viver sua liberdade. Uma das minhas pautas \u00e9 que n\u00e3o existe ativismo sem que a pessoa ter grana para enfrentar a fam\u00edlia, ter um estudo para ter uma condi\u00e7\u00e3o de vida melhor. N\u00e3o defendo as pautas LGBTQIA+ soltas, como se fossem descoladas da realidade. Precisamos pensar que toda pessoa vai muito al\u00e9m de sua orienta\u00e7\u00e3o sexual ou de seu g\u00eanero\u201d, afirma.<\/p>\n\n\n\n<p><strong>Milit\u00e2ncia liberal<\/strong><\/p>\n\n\n\n<p>A partir da experi\u00eancia da pr\u00f3pria transi\u00e7\u00e3o e em contato com outras mulheres que haviam passado por jornadas semelhantes, Mari Valentim foi se aproximando cada vez mais da pol\u00edtica. \u201cQuando eu vivi a experi\u00eancia de viver minha liberdade, assumir minha identidade de g\u00eanero, eu vi que eu tinha ali uma luta pol\u00edtica para ser travada\u201d, diz.<\/p>\n\n\n\n<p>A transi\u00e7\u00e3o iniciada aos 40 anos tamb\u00e9m deu \u00e0 luz a uma pessoa muito mais engajada nas pautas de debate pol\u00edtico, especialmente buscando evidenciar a import\u00e2ncia de aliar a pauta econ\u00f4mica com a defesa da autonomia das pessoas.<\/p>\n\n\n\n<p>\u201cFoi assim que eu comecei a me ocupar da pol\u00edtica, primeiro com movimentos suprapartid\u00e1rios, como o movimento Livres. Depois eu entrei no Lola, um movimento de mulheres liberais que est\u00e1 presente em 23 pa\u00edses do mundo. Me formei pela maior escola de forma\u00e7\u00e3o pol\u00edtica do Brasil, o RenovaBr&#8230; Fui me envolvendo mais e mais\u201d, resume a candidata.<\/p>\n\n\n\n<p><strong>Rela\u00e7\u00e3o com o Cidadania<\/strong><\/p>\n\n\n\n<p>A ponte que ela estabeleceu entre a filosofia pol\u00edtica e seu exerc\u00edcio pr\u00e1tico, dentro de um partido, foi firmada em 2019, quando Mari Valentim recebeu um convite para se filiar ao Cidadania, um partido que tem o centro do espectro pol\u00edtico como base, aliando o respeito \u00e0 realiza\u00e7\u00e3o econ\u00f4mica e a prote\u00e7\u00e3o do indiv\u00edduo.<\/p>\n\n\n\n<p>\u201cO Cidadania foi um presente na minha vida. O partido veio com uma proposta de abra\u00e7ar os sociais-democratas, os liberais, reunir as pessoas que haviam se interessado pelos movimentos suprapartid\u00e1rios e eu aceitei de pronto o convite\u201d, diz.<\/p>\n\n\n\n<p>Mari Valentim participou da estrutura local do partido no DF e tamb\u00e9m no planejamento nacional do Cidadania, atuando tanto na Secretaria de Mulheres como junto \u00e0 Dire\u00e7\u00e3o Nacional desde sua filia\u00e7\u00e3o, em 2019. Logo depois, a candidatura dela passou a ser constru\u00edda como fruto desta participa\u00e7\u00e3o ativa no partido.<\/p>\n\n\n\n<p>\u201cO Cidadania \u00e9 um partido que se voc\u00ea ler o estatuto, se voc\u00ea ler o campo program\u00e1tico, ele traduz muito o que eu desejo na milit\u00e2ncia pol\u00edtica. Eu tenho essa posi\u00e7\u00e3o mais pragm\u00e1tica, mais centrista. Uma vis\u00e3o de mundo moderada. Enfim, \u00e9 um partido em que eu me sinto muito \u00e0 vontade para atuar\u201d, sustenta.<\/p>\n\n\n\n<p><strong>Principais propostas<\/strong><\/p>\n\n\n\n<p>Mari Valentim sonha em poder ser eleita deputada federal para mostrar um equil\u00edbrio que o seu pr\u00f3prio n\u00famero na urna antev\u00ea. O 23 do Cidadania, com o enfoque no centro pol\u00edtico, no liberalismo econ\u00f4mico com um cuidado social-democrata, aliado com o 24, n\u00famero por anos associado \u00e0 uma marginaliza\u00e7\u00e3o da popula\u00e7\u00e3o LGBTQIA+ que ela pretende ressignificar.<\/p>\n\n\n\n<p>Entre suas principais propostas de atua\u00e7\u00e3o como deputada federal, Mari Valentim elenca tr\u00eas eixos principais que podem ser sintetizados como: a pauta econ\u00f4mica, a quest\u00e3o fundi\u00e1ria e o respeito \u00e0s minorias, listados nesta ordem pela candidata.<\/p>\n\n\n\n<p>No primeiro eixo, econ\u00f4mico, Mari afirma defender: \u201ca desburocratiza\u00e7\u00e3o do estado, para que o estado interfira menos na vida empresarial e afetiva das pessoas. Que possam ser pensados programas de gera\u00e7\u00e3o de emprego e renda para criar uma economia com condi\u00e7\u00f5es para o empreendedor crescer e formar um mercado robusto, mas que tamb\u00e9m se estabele\u00e7am empregos dignos, distantes da precariza\u00e7\u00e3o laboral que vivemos hoje em dia\u201d.<\/p>\n\n\n\n<p>J\u00e1 o eixo dois, relacionado \u00e0 moradia, \u00e9 especialmente tocante \u00e0 candidata por sua atua\u00e7\u00e3o profissional. \u201cComo urbanista, eu defendo a regulariza\u00e7\u00e3o fundi\u00e1ria. Quero que as pessoas tenham direito \u00e0s suas escrituras, \u00e0 sua terra. Metade das constru\u00e7\u00f5es no Brasil s\u00e3o irregulares, o que atrapalha toda a quest\u00e3o de alcan\u00e7ar a pr\u00f3pria liberdade. Sem ter um teto para viver, ningu\u00e9m pode ser livre para sonhar\u201d, diz.<\/p>\n\n\n\n<p>No terceiro ponto em que pretende atuar como deputada federal, Mari Valentim se coloca como representante das minorias. \u201cEu olho muito para as quest\u00f5es das pautas LGBTQIA+, das mulheres, dos povos ind\u00edgenas, das pessoas negras, das pessoas com defici\u00eancia&#8230; Eu abra\u00e7o muito as quest\u00f5es das minorias por tamb\u00e9m fazer parte delas. Pretendo ajudar a deter estes retrocessos que vivemos nos \u00faltimos anos neste governo reacion\u00e1rio e conservador e tamb\u00e9m ampliar direitos e empregabilidade de pessoas que se incluam nestes grupos\u201d, conclui a candidata.<\/p>\n\n\n\n<p><strong>Acompanhe Mari Valentim pelo Instagram:<\/strong> @marivalentimdf<\/p>\n","protected":false},"excerpt":{"rendered":"<p>Candidata a deputada federal pelo DF, Mari Valentim (Cidadania) defende que a pauta trans n\u00e3o tem nenhum conflito com uma vis\u00e3o pol\u00edtica de centro Mari Valentim \u00e9 uma arquiteta, urbanista e empres\u00e1ria que h\u00e1 seis anos colocou a milit\u00e2ncia pol\u00edtica a favor do liberalismo como um dos pontos chave de sua vida. Ela, que \u00e9 [&hellip;]<\/p>\n","protected":false},"author":1,"featured_media":0,"comment_status":"open","ping_status":"open","sticky":false,"template":"","format":"standard","meta":{"footnotes":""},"categories":[],"tags":[],"class_list":["post-5811","post","type-post","status-publish","format-standard","hentry"],"_links":{"self":[{"href":"https:\/\/aguaslindasnoticias.com.br\/index.php\/wp-json\/wp\/v2\/posts\/5811","targetHints":{"allow":["GET"]}}],"collection":[{"href":"https:\/\/aguaslindasnoticias.com.br\/index.php\/wp-json\/wp\/v2\/posts"}],"about":[{"href":"https:\/\/aguaslindasnoticias.com.br\/index.php\/wp-json\/wp\/v2\/types\/post"}],"author":[{"embeddable":true,"href":"https:\/\/aguaslindasnoticias.com.br\/index.php\/wp-json\/wp\/v2\/users\/1"}],"replies":[{"embeddable":true,"href":"https:\/\/aguaslindasnoticias.com.br\/index.php\/wp-json\/wp\/v2\/comments?post=5811"}],"version-history":[{"count":0,"href":"https:\/\/aguaslindasnoticias.com.br\/index.php\/wp-json\/wp\/v2\/posts\/5811\/revisions"}],"wp:attachment":[{"href":"https:\/\/aguaslindasnoticias.com.br\/index.php\/wp-json\/wp\/v2\/media?parent=5811"}],"wp:term":[{"taxonomy":"category","embeddable":true,"href":"https:\/\/aguaslindasnoticias.com.br\/index.php\/wp-json\/wp\/v2\/categories?post=5811"},{"taxonomy":"post_tag","embeddable":true,"href":"https:\/\/aguaslindasnoticias.com.br\/index.php\/wp-json\/wp\/v2\/tags?post=5811"}],"curies":[{"name":"wp","href":"https:\/\/api.w.org\/{rel}","templated":true}]}}