{"id":5808,"date":"2023-01-04T10:15:26","date_gmt":"2023-01-04T13:15:26","guid":{"rendered":"https:\/\/aguaslindasnoticias.com.br\/index.php\/2023\/01\/04\/valfredo-perfeito-aposta-de-goias-para-a-assembleia-legislativa\/"},"modified":"2023-01-04T10:15:26","modified_gmt":"2023-01-04T13:15:26","slug":"valfredo-perfeito-aposta-de-goias-para-a-assembleia-legislativa","status":"publish","type":"post","link":"https:\/\/aguaslindasnoticias.com.br\/index.php\/2023\/01\/04\/valfredo-perfeito-aposta-de-goias-para-a-assembleia-legislativa\/","title":{"rendered":"Valfredo Perfeito, aposta de Goi\u00e1s para a Assembleia Legislativa"},"content":{"rendered":"\n<figure class=\"wp-block-image size-large\"><img decoding=\"async\" src=\"http:\/\/claricegulyas.com.br\/wp-content\/uploads\/2022\/09\/valfredo.png\" alt=\"\" class=\"wp-image-10806\"\/><\/figure>\n\n\n\n<p>Nascido e criado em Ipameri, Valfredo Perfeito promete ser a revela\u00e7\u00e3o do Centro-Oeste goiano nas elei\u00e7\u00f5es deste ano. Candidato a deputado estadual pelo Patriota, ele \u00e9 filho do ex-prefeito de Ipameri Valfredo Perfeito. Em campanha por v\u00e1rios munic\u00edpios goianos, tem lembrado do legado deixado pelo pai e feito compromissos com a popula\u00e7\u00e3o, especialmente em \u00e1reas essenciais, como sa\u00fade, seguran\u00e7a, educa\u00e7\u00e3o e agricultura.<\/p>\n\n\n\n<p>Aos 39 anos, casado e pai de duas meninas, Valfredo concorre a um cargo pol\u00edtico pela primeira vez, mas garante que, apesar de ser um novato nas urnas, tem experi\u00eancia pol\u00edtica para assumir o mandato. \u201cApesar de nunca ter colocado o meu nome para concorrer em uma elei\u00e7\u00e3o, vivo pol\u00edtica desde a minha inf\u00e2ncia. Nasci quando meu pai foi eleito pela primeira vez prefeito de Ipameri. Acompanhei trabalhos e obras que at\u00e9 hoje fazem a diferen\u00e7a na vida da popula\u00e7\u00e3o, como, por exemplo, a Escola Agr\u00edcola Godofredo Perfeito e as casas para os funcion\u00e1rios da prefeitura, o C\u00e9sar Ceva\u201d, lembra.<\/p>\n\n\n\n<p>Para a \u00e1rea de sa\u00fade, ele promete fiscalizar o uso de recursos para que sejam aplicados, adequadamente, nos hospitais p\u00fablicos e nas farm\u00e1cias populares, destinar recursos para constru\u00e7\u00e3o do Hospital Municipal de Ipameri e para a cria\u00e7\u00e3o de Centros de Refer\u00eancia em Oncologia nos munic\u00edpios de Goi\u00e1s, al\u00e9m de ter firmado outros compromissos.<\/p>\n\n\n\n<p>Produtor Rural em Ipameri, Valfredo Perfeito tamb\u00e9m pretende estimular a agricultura familiar, a moderniza\u00e7\u00e3o do campo e fortalecer escolas em \u00e1reas rurais. \u201cPrecisamos mostrar a for\u00e7a da agricultura em Goi\u00e1s. Temos um potencial enorme de gera\u00e7\u00e3o de emprego e fomento da economia, mas precisamos tratar o tema com comprometimento e responsabilidade\u201d, afirma o candidato.<\/p>\n\n\n\n<p>Criado em Goi\u00e1s, Valfredo destaca que a entrada na pol\u00edtica \u00e9 uma forma de retribuir tudo que o estado ofereceu para ele at\u00e9 agora. \u201cGoi\u00e1s me deu tudo que tenho. E para Goi\u00e1s quero dar tudo que posso. \u00c9 por isso que estou na pol\u00edtica: para estar cada vez mais pr\u00f3ximo da popula\u00e7\u00e3o e fazer a diferen\u00e7a na vida dos que mais precisam, afinal, conhe\u00e7o os principais problemas e entendo as mais urgentes demandas da regi\u00e3o desde muito novo\u201d, resume.<\/p>\n\n\n\n<p>Acompanhe o candidato pelas redes sociais:<\/p>\n\n\n\n<p>Instagram: https:\/\/www.instagram.com\/valfredo_perfeito\/<\/p>\n\n\n\n<p>Facebook: https:\/\/www.facebook.com\/valfredoperfeitoGO<\/p>\n\n\n\n<p>LinkTree: https:\/\/linktr.ee\/valfredoperfeito<\/p>\n","protected":false},"excerpt":{"rendered":"<p>Nascido e criado em Ipameri, Valfredo Perfeito promete ser a revela\u00e7\u00e3o do Centro-Oeste goiano nas elei\u00e7\u00f5es deste ano. Candidato a deputado estadual pelo Patriota, ele \u00e9 filho do ex-prefeito de Ipameri Valfredo Perfeito. Em campanha por v\u00e1rios munic\u00edpios goianos, tem lembrado do legado deixado pelo pai e feito compromissos com a popula\u00e7\u00e3o, especialmente em \u00e1reas [&hellip;]<\/p>\n","protected":false},"author":1,"featured_media":0,"comment_status":"open","ping_status":"open","sticky":false,"template":"","format":"standard","meta":{"footnotes":""},"categories":[],"tags":[],"class_list":["post-5808","post","type-post","status-publish","format-standard","hentry"],"_links":{"self":[{"href":"https:\/\/aguaslindasnoticias.com.br\/index.php\/wp-json\/wp\/v2\/posts\/5808","targetHints":{"allow":["GET"]}}],"collection":[{"href":"https:\/\/aguaslindasnoticias.com.br\/index.php\/wp-json\/wp\/v2\/posts"}],"about":[{"href":"https:\/\/aguaslindasnoticias.com.br\/index.php\/wp-json\/wp\/v2\/types\/post"}],"author":[{"embeddable":true,"href":"https:\/\/aguaslindasnoticias.com.br\/index.php\/wp-json\/wp\/v2\/users\/1"}],"replies":[{"embeddable":true,"href":"https:\/\/aguaslindasnoticias.com.br\/index.php\/wp-json\/wp\/v2\/comments?post=5808"}],"version-history":[{"count":0,"href":"https:\/\/aguaslindasnoticias.com.br\/index.php\/wp-json\/wp\/v2\/posts\/5808\/revisions"}],"wp:attachment":[{"href":"https:\/\/aguaslindasnoticias.com.br\/index.php\/wp-json\/wp\/v2\/media?parent=5808"}],"wp:term":[{"taxonomy":"category","embeddable":true,"href":"https:\/\/aguaslindasnoticias.com.br\/index.php\/wp-json\/wp\/v2\/categories?post=5808"},{"taxonomy":"post_tag","embeddable":true,"href":"https:\/\/aguaslindasnoticias.com.br\/index.php\/wp-json\/wp\/v2\/tags?post=5808"}],"curies":[{"name":"wp","href":"https:\/\/api.w.org\/{rel}","templated":true}]}}