{"id":5807,"date":"2023-01-04T10:15:26","date_gmt":"2023-01-04T13:15:26","guid":{"rendered":"https:\/\/aguaslindasnoticias.com.br\/index.php\/2023\/01\/04\/comeca-neste-sabado-17-a-semana-de-atividades-do-sesc-de-combate-ao-sedentarismo-e-promocao-ao-esporte-no-distrito-federal\/"},"modified":"2023-01-04T10:15:26","modified_gmt":"2023-01-04T13:15:26","slug":"comeca-neste-sabado-17-a-semana-de-atividades-do-sesc-de-combate-ao-sedentarismo-e-promocao-ao-esporte-no-distrito-federal","status":"publish","type":"post","link":"https:\/\/aguaslindasnoticias.com.br\/index.php\/2023\/01\/04\/comeca-neste-sabado-17-a-semana-de-atividades-do-sesc-de-combate-ao-sedentarismo-e-promocao-ao-esporte-no-distrito-federal\/","title":{"rendered":"Come\u00e7a neste s\u00e1bado (17), a semana de atividades do Sesc de combate ao sedentarismo e promo\u00e7\u00e3o ao esporte, no Distrito Federal"},"content":{"rendered":"\n<figure class=\"wp-block-image size-large\"><img decoding=\"async\" src=\"http:\/\/claricegulyas.com.br\/wp-content\/uploads\/2022\/09\/0-karat\u00ea-1024x682.jpeg\" alt=\"\" class=\"wp-image-10802\"\/><\/figure>\n\n\n\n<p><strong><em>A \u201cSemana MOVE\u201d \u00e9 uma iniciativa do Sesc-DF, que visa incentivar a popula\u00e7\u00e3o a um estilo de vida mais ativo e saud\u00e1vel, com atividades na \u00e1gua, no tatame e na academia<\/em><\/strong>&nbsp;<\/p>\n\n\n\n<p>O Sesc -DF realiza a partir deste s\u00e1bado (17) a \u201cSemana MOVE\u201d, que tem o objetivo de combater o sedentarismo e estimular a pr\u00e1tica de esportes e atividades f\u00edsicas, incentivando a popula\u00e7\u00e3o a um estilo de vida mais ativo e saud\u00e1vel. Esta ser\u00e1 a 10\u00aa edi\u00e7\u00e3o do evento, que ser\u00e1 gratuito, aberto ao p\u00fablico e realizado entre os dias 17 e 25 de setembro.&nbsp;&nbsp;<\/p>\n\n\n\n<p>&#8220;O Sesc-DF participa dessa campanha desde a sua implanta\u00e7\u00e3o. Sua import\u00e2ncia e os objetivos alcan\u00e7ados v\u00e3o muito al\u00e9m das nossas expectativas. Esse \u00e9 um trabalho de conscientiza\u00e7\u00e3o mundial. Nosso dia a dia est\u00e1 cada vez mais digital, trazendo conforto e praticidade para todos n\u00f3s. Por\u00e9m, esse avan\u00e7o tecnol\u00f3gico favorece e muito o sedentarismo, impactando diretamente na nossa sa\u00fade e qualidade de vida. Precisamos entender e disseminar a import\u00e2ncia do &#8220;movimento&#8221;. Nosso corpo \u00e9 movimento. Movimente-se!&#8221;, completa o&nbsp;coordenador de Esporte e Lazer do Sesc-DF, Gustavo Schmarczek Beier.\u200b<\/p>\n\n\n\n<p><em>As atividades ser\u00e3o divididas em cinco eixos:&nbsp;&nbsp;MOVE Zen, MOVE Academia, MOVE Esportes, MOVE \u00c1gua e MOVE Crian\u00e7a,&nbsp;<\/em>com o tema \u201cFaz do seu Jeito\u201d. O evento conta com o&nbsp;engajamento de pa\u00edses, cidades, institui\u00e7\u00f5es, escolas, clubes e demais organizadores, para que motivem suas comunidades locais, de todas as faixas et\u00e1rias para a pr\u00e1tica de atividade f\u00edsica. A 10\u00aa edi\u00e7\u00e3o da Semana MOVE traz uma programa\u00e7\u00e3o&nbsp;que visa ressaltar o respeito \u00e0 individualidade, promover a socializa\u00e7\u00e3o e a retomada e manuten\u00e7\u00e3o da pr\u00e1tica de atividade f\u00edsica e esportes.&nbsp;<\/p>\n\n\n\n<p>At\u00e9 o momento, o evento conta com a participa\u00e7\u00e3o de 10 pa\u00edses (Argentina, Brasil, Col\u00f4mbia, Costa Rica, Cuba, M\u00e9xico, Peru, Rep\u00fablica Dominicana, Uruguai e Venezuela) e tem como novidade uma programa\u00e7\u00e3o dividida em cinco blocos de atividades, com objetivo de estimular a promo\u00e7\u00e3o de a\u00e7\u00f5es organizadas em grupos distintos de interesse, para que cada pessoa tenha uma experi\u00eancia diferente com as atividades e a campanha como um todo.&nbsp;&nbsp;<\/p>\n\n\n\n<p><strong>Mais sobre a programa\u00e7\u00e3o<\/strong><\/p>\n\n\n\n<p>As atividades agrupadas na categoria MOVE Zen&nbsp;t\u00eam como foco o desenvolvimento da consci\u00eancia corporal, concentra\u00e7\u00e3o e controle respirat\u00f3rio e envolvem diversas t\u00e9cnicas orientais e ocidentais, como Yoga, Tai Chi Chuan, Pilates, dentre outras, para que sejam estimulados o autocuidado e o autoconhecimento.&nbsp;<\/p>\n\n\n\n<p>J\u00e1 a categoria MOVE Academia traz aulas abertas e treinos de GMF (Gin\u00e1stica Multifuncional), condicionamento f\u00edsico, muscula\u00e7\u00e3o, &nbsp;crossfit, dan\u00e7a, ritmos, bike indoor,&nbsp;treinamento funcional&nbsp;e aulas de gin\u00e1stica em geral.&nbsp;<\/p>\n\n\n\n<p>Outro segmento da programa\u00e7\u00e3o, o MOVE Esportes, re\u00fane atividades treinos, torneios, corridas, campeonatos, experimenta\u00e7\u00f5es, bate-papos e apresenta\u00e7\u00f5es de atletas.&nbsp;<\/p>\n\n\n\n<p>As atividades nas piscinas tamb\u00e9m t\u00eam importante espa\u00e7o na programa\u00e7\u00e3o, na categoria MOVE \u00c1gua, que traz a\u00e7\u00f5es relacionadas \u00e0s atividades f\u00edsicas ou esportes que acontecem no ambiente aqu\u00e1tico, al\u00e9m de encontros com atletas, recrea\u00e7\u00f5es, festivais ou torneios.&nbsp;<\/p>\n\n\n\n<p>Por fim, a categoria MOVE Crian\u00e7a trar\u00e1 uma s\u00e9rie de atividades f\u00edsico-esportivas e recreativas, especificamente para esse p\u00fablico ou de acesso livre para todas as idades.&nbsp;&nbsp;<\/p>\n\n\n\n<p><strong>Confira AQUI a programa\u00e7\u00e3o!<\/strong>&#8211;&nbsp;&nbsp;<a href=\"https:\/\/bit.ly\/3xnEQm1\" target=\"_blank\" rel=\"noreferrer noopener\">https:\/\/bit.ly\/3xnEQm1<\/a>&nbsp;<\/p>\n\n\n\n<p><strong>Servi\u00e7o&nbsp;<br><\/strong><strong>SEMANA MOVE 2022<\/strong>Per\u00edodo: De 17 a 25 de setembro de 2022&nbsp;<br>Classifica\u00e7\u00e3o indicativa: Livre&nbsp;<br>Gratuito&nbsp;<br>Mais informa\u00e7\u00f5es:&nbsp;<a href=\"http:\/\/www.semanamove.com\/\" target=\"_blank\" rel=\"noreferrer noopener\">www.semanamove.com<\/a>&nbsp;&nbsp;<br>Registre a sua participa\u00e7\u00e3o:&nbsp;<a href=\"https:\/\/www.semanamove.com\/registre\" target=\"_blank\" rel=\"noreferrer noopener\">https:\/\/www.semanamove.com\/registre<\/a>&nbsp;&nbsp;<\/p>\n","protected":false},"excerpt":{"rendered":"<p>A \u201cSemana MOVE\u201d \u00e9 uma iniciativa do Sesc-DF, que visa incentivar a popula\u00e7\u00e3o a um estilo de vida mais ativo e saud\u00e1vel, com atividades na \u00e1gua, no tatame e na academia&nbsp; O Sesc -DF realiza a partir deste s\u00e1bado (17) a \u201cSemana MOVE\u201d, que tem o objetivo de combater o sedentarismo e estimular a pr\u00e1tica [&hellip;]<\/p>\n","protected":false},"author":1,"featured_media":0,"comment_status":"open","ping_status":"open","sticky":false,"template":"","format":"standard","meta":{"footnotes":""},"categories":[],"tags":[],"class_list":["post-5807","post","type-post","status-publish","format-standard","hentry"],"_links":{"self":[{"href":"https:\/\/aguaslindasnoticias.com.br\/index.php\/wp-json\/wp\/v2\/posts\/5807","targetHints":{"allow":["GET"]}}],"collection":[{"href":"https:\/\/aguaslindasnoticias.com.br\/index.php\/wp-json\/wp\/v2\/posts"}],"about":[{"href":"https:\/\/aguaslindasnoticias.com.br\/index.php\/wp-json\/wp\/v2\/types\/post"}],"author":[{"embeddable":true,"href":"https:\/\/aguaslindasnoticias.com.br\/index.php\/wp-json\/wp\/v2\/users\/1"}],"replies":[{"embeddable":true,"href":"https:\/\/aguaslindasnoticias.com.br\/index.php\/wp-json\/wp\/v2\/comments?post=5807"}],"version-history":[{"count":0,"href":"https:\/\/aguaslindasnoticias.com.br\/index.php\/wp-json\/wp\/v2\/posts\/5807\/revisions"}],"wp:attachment":[{"href":"https:\/\/aguaslindasnoticias.com.br\/index.php\/wp-json\/wp\/v2\/media?parent=5807"}],"wp:term":[{"taxonomy":"category","embeddable":true,"href":"https:\/\/aguaslindasnoticias.com.br\/index.php\/wp-json\/wp\/v2\/categories?post=5807"},{"taxonomy":"post_tag","embeddable":true,"href":"https:\/\/aguaslindasnoticias.com.br\/index.php\/wp-json\/wp\/v2\/tags?post=5807"}],"curies":[{"name":"wp","href":"https:\/\/api.w.org\/{rel}","templated":true}]}}