{"id":5803,"date":"2023-01-04T10:15:26","date_gmt":"2023-01-04T13:15:26","guid":{"rendered":"https:\/\/aguaslindasnoticias.com.br\/index.php\/2023\/01\/04\/sesc-df-esta-com-inscricoes-abertas-para-a-caminhada-da-memoria-que-sera-realizada-no-domingo-18\/"},"modified":"2023-01-04T10:15:26","modified_gmt":"2023-01-04T13:15:26","slug":"sesc-df-esta-com-inscricoes-abertas-para-a-caminhada-da-memoria-que-sera-realizada-no-domingo-18","status":"publish","type":"post","link":"https:\/\/aguaslindasnoticias.com.br\/index.php\/2023\/01\/04\/sesc-df-esta-com-inscricoes-abertas-para-a-caminhada-da-memoria-que-sera-realizada-no-domingo-18\/","title":{"rendered":"Sesc -DF est\u00e1 com inscri\u00e7\u00f5es abertas para a \u201cCaminhada da Mem\u00f3ria\u2019, que ser\u00e1 realizada no domingo (18)"},"content":{"rendered":"\n<figure class=\"wp-block-image size-large\"><img decoding=\"async\" src=\"http:\/\/claricegulyas.com.br\/wp-content\/uploads\/2022\/09\/0-2.jpg\" alt=\"\" class=\"wp-image-10786\"\/><\/figure>\n\n\n\n<p><strong><em>Haver\u00e1 recrea\u00e7\u00e3o para crian\u00e7as, tenda de musicaliza\u00e7\u00e3o, massagem, medita\u00e7\u00e3o e outros<\/em><\/strong>\u00a0O Sesc-DF tem entre os seus objetivos contribuir para o bem-estar e a melhoria da qualidade de vida, nesse sentido realizar\u00e1 no domingo (18), a \u201cCaminhada da Mem\u00f3ria\u201d, de 8h \u00e0s 12h, no Parque da Cidade (Estacionamento 13), com programa\u00e7\u00e3o para toda a fam\u00edlia. Al\u00e9m da caminhada, haver\u00e1 atividades para crian\u00e7as e orienta\u00e7\u00f5es sobre sa\u00fade. As inscri\u00e7\u00f5es est\u00e3o abertas pelo link:\u00a0<a rel=\"noreferrer noopener\" href=\"https:\/\/bit.ly\/3LamTx6\" target=\"_blank\">https:\/\/bit.ly\/3LamTx6<\/a>\u00a0\u00a0<\/p>\n\n\n\n<p>Essa ser\u00e1 a primeira edi\u00e7\u00e3o do evento, e contar\u00e1 com massagem, tenda sensorial, medita\u00e7\u00e3o, brinquedoteca, tai chi chuan e m\u00fasica. \u00a0A caminhada ter\u00e1 como pano de fundo a defesa e conscientiza\u00e7\u00e3o da sociedade, sobre a import\u00e2ncia da preven\u00e7\u00e3o, do diagn\u00f3stico precoce e do cuidado ofertado, bem como do apoio e suporte aos familiares e cuidadores das pessoas que vivem com a doen\u00e7a de alzheimer.\u00a0O encontro tamb\u00e9m preconiza a sensibiliza\u00e7\u00e3o quanto ao tema\u00a0e atuar\u00e1 juntamente com parceiros de importantes atua\u00e7\u00f5es na \u00e1rea do envelhecimento humano. A trilha possibilita o resgate de hist\u00f3ria de vida, reviver espa\u00e7os da natureza e o contato com pessoas que podem manifestar suas percep\u00e7\u00f5es frente ao processo que est\u00e3o vivendo.\u00a0\u00a0<\/p>\n\n\n\n<p>\u201cPor se tratar de um evento para fam\u00edlia, foi preparado tamb\u00e9m um espa\u00e7o recreativo para crian\u00e7as, com vistas a possibilitar o resgate entre gera\u00e7\u00f5es\u201d, completou a coordenadora de Assist\u00eancia do Sesc-DF, Adriana Costa.\u00a0O SESC-DF, a Universidade de Bras\u00edlia (UnB) e o Coletivo Filhas da M\u00e3e contam com os seguintes parceiros: \u00a0Rodas da Paz, Instituto Tocar, Bike Anjos, Grupo Caminhadas de Bras\u00edlia (GCB), Grupo Trilheiras de Bras\u00edlia, Grupo Caminhadas \u00a0Hist\u00f3ricas\/Candangol\u00e2ndia, Grupo Caminhantes do Cerrado (CDC) e Senac-DF.\u00a0\u00a0<\/p>\n\n\n\n<p><strong>PROGRAMA\u00c7\u00c3O<\/strong><\/p>\n\n\n\n<p><strong>Atividades da Associa\u00e7\u00e3o Civil Rodas da Paz e do Bike Anjo-DFTema:\u00a0<\/strong>\u00a0Pedalar faz bem \u00e0 sa\u00fade e ao meio ambiente9 \u00e0s 10:30 &#8211; Escola Bike Anjo (EBA) &#8211; Ensinando pessoas de todas as idades a pedalar<\/p>\n\n\n\n<p>\u2022 \u00a0 \u00a0 \u00a0 \u00a0 \u00a0Divulga\u00e7\u00e3o de informa\u00e7\u00f5es sobre os benef\u00edcios para a sa\u00fade f\u00edsica e mental de pedalar (Banner e conversa com a Rodas da Paz);<\/p>\n\n\n\n<p>\u2022 \u00a0 \u00a0 \u00a0 \u00a0 \u00a0Exibi\u00e7\u00e3o de Bicicletas que s\u00e3o usadas por pessoas com mobilidade reduzida \u2013 Triciclo e Tandem (bicicleta para duas ou tr\u00eas pessoas pedalarem juntas).\u00a0<\/p>\n\n\n\n<p><strong>Programa\u00e7\u00e3o do Coletivo Filhas da M\u00e3e\u00a0<\/strong><\/p>\n\n\n\n<p><strong>\u2022 \u00a0 \u00a0 \u00a0 \u00a0 \u00a0Tai Chi Chuan, com prof Vitor Borisow<\/strong>\u00a0 \u00a0 \u00a0 \u00a0 \u00a0 \u00a0 &#8211; 8 \u00e0s 9h \u00a0<strong>\u00a0<\/strong><\/p>\n\n\n\n<p><strong>\u2022 \u00a0 \u00a0 \u00a0 \u00a0 \u00a0Corpo em Movimento \u00a0com a prof. Lilian Araujo<\/strong>\u00a0 \u00a0 \u00a0 \u00a0 \u00a0 \u00a0 &#8211; 9 \u00e0s 10h<strong>\u00a0<\/strong><\/p>\n\n\n\n<p><strong>\u2022 \u00a0 \u00a0 \u00a0 \u00a0 \u00a0TRE com Raquel Flores e equipe ( Silvana e Cristina)<\/strong>\u00a0&#8211; 10 \u00e0s 11h<strong>\u00a0<\/strong><\/p>\n\n\n\n<p><strong>\u2022 \u00a0 \u00a0 \u00a0 \u00a0 \u00a0Reflexologia e massagem com Ana Vale e equipe ( Marluce, Aparecida e Mary Anne)<\/strong>&#8211; 11 \u00e0s 12h<strong>\u00a0<\/strong><\/p>\n\n\n\n<p><strong>\u2022 \u00a0 \u00a0 \u00a0 \u00a0 \u00a0Escuta na Rua &#8211; Com Fl\u00e1via Adami e Maria Motta<\/strong>&#8211; \u00a0das 9 h \u00e0s 11h<strong>\u00a0<\/strong><\/p>\n\n\n\n<p><strong>\u2022 \u00a0 \u00a0 \u00a0 \u00a0 \u00a0Informa\u00e7\u00f5es sobre alimenta\u00e7\u00e3o e degluti\u00e7\u00e3o nas dem\u00eancias com as fonoaudi\u00f3logas Manoela Dias e Juliana Lira<\/strong>&#8211; das 9 \u00e0s 11h<strong>\u00a0<\/strong><\/p>\n\n\n\n<p><strong>\u2022 \u00a0 \u00a0 \u00a0 \u00a0 \u00a0Informa\u00e7\u00f5es sobre Dem\u00eancias \u00a0<\/strong>Ana, Cosette, Nat\u00e1lia, Toshiko- Toda a manh\u00e3 \u00a0\u00a0<\/p>\n\n\n\n<p>\u2022 \u00a0 \u00a0 \u00a0 \u00a0<strong>\u00a0\u00a0Informa\u00e7\u00f5es sobre Envelhecimento \u00a0<\/strong>&#8211; prof. Jairo Souza Jr.- prof. Vicente Faleiros \u00a0\u00a0 \u00a0 \u00a0 \u00a0 \u00a0 \u00a0 &#8211; Toda manh\u00e3 \u00a0<strong>\u00a0<\/strong><\/p>\n\n\n\n<p><strong>\u2022 \u00a0 \u00a0 \u00a0 \u00a0 \u00a0Viol\u00e3o com marchinha e m\u00fasica &#8211; Messias, Adriano e Clara Ana (e perna de pau)<\/strong><\/p>\n\n\n\n<p><strong>Inscreva-se-AQUI &#8211;\u00a0<\/strong><a rel=\"noreferrer noopener\" href=\"https:\/\/bit.ly\/3U1dgot\" target=\"_blank\">https:\/\/bit.ly\/3U1dgot<\/a><br><strong>Fotos:<\/strong>\u00a0Felipe Menezes e Kl\u00e9ber Lima\/ Sesc-DF\u00a0<\/p>\n","protected":false},"excerpt":{"rendered":"<p>Haver\u00e1 recrea\u00e7\u00e3o para crian\u00e7as, tenda de musicaliza\u00e7\u00e3o, massagem, medita\u00e7\u00e3o e outros\u00a0O Sesc-DF tem entre os seus objetivos contribuir para o bem-estar e a melhoria da qualidade de vida, nesse sentido realizar\u00e1 no domingo (18), a \u201cCaminhada da Mem\u00f3ria\u201d, de 8h \u00e0s 12h, no Parque da Cidade (Estacionamento 13), com programa\u00e7\u00e3o para toda a fam\u00edlia. Al\u00e9m [&hellip;]<\/p>\n","protected":false},"author":1,"featured_media":0,"comment_status":"open","ping_status":"open","sticky":false,"template":"","format":"standard","meta":{"footnotes":""},"categories":[],"tags":[],"class_list":["post-5803","post","type-post","status-publish","format-standard","hentry"],"_links":{"self":[{"href":"https:\/\/aguaslindasnoticias.com.br\/index.php\/wp-json\/wp\/v2\/posts\/5803","targetHints":{"allow":["GET"]}}],"collection":[{"href":"https:\/\/aguaslindasnoticias.com.br\/index.php\/wp-json\/wp\/v2\/posts"}],"about":[{"href":"https:\/\/aguaslindasnoticias.com.br\/index.php\/wp-json\/wp\/v2\/types\/post"}],"author":[{"embeddable":true,"href":"https:\/\/aguaslindasnoticias.com.br\/index.php\/wp-json\/wp\/v2\/users\/1"}],"replies":[{"embeddable":true,"href":"https:\/\/aguaslindasnoticias.com.br\/index.php\/wp-json\/wp\/v2\/comments?post=5803"}],"version-history":[{"count":0,"href":"https:\/\/aguaslindasnoticias.com.br\/index.php\/wp-json\/wp\/v2\/posts\/5803\/revisions"}],"wp:attachment":[{"href":"https:\/\/aguaslindasnoticias.com.br\/index.php\/wp-json\/wp\/v2\/media?parent=5803"}],"wp:term":[{"taxonomy":"category","embeddable":true,"href":"https:\/\/aguaslindasnoticias.com.br\/index.php\/wp-json\/wp\/v2\/categories?post=5803"},{"taxonomy":"post_tag","embeddable":true,"href":"https:\/\/aguaslindasnoticias.com.br\/index.php\/wp-json\/wp\/v2\/tags?post=5803"}],"curies":[{"name":"wp","href":"https:\/\/api.w.org\/{rel}","templated":true}]}}