{"id":5801,"date":"2023-01-04T10:15:26","date_gmt":"2023-01-04T13:15:26","guid":{"rendered":"https:\/\/aguaslindasnoticias.com.br\/index.php\/2023\/01\/04\/corrida-brasilia-com-saude-e-promovida-com-o-apoio-do-sesc-df\/"},"modified":"2023-01-04T10:15:26","modified_gmt":"2023-01-04T13:15:26","slug":"corrida-brasilia-com-saude-e-promovida-com-o-apoio-do-sesc-df","status":"publish","type":"post","link":"https:\/\/aguaslindasnoticias.com.br\/index.php\/2023\/01\/04\/corrida-brasilia-com-saude-e-promovida-com-o-apoio-do-sesc-df\/","title":{"rendered":"Corrida Bras\u00edlia com Sa\u00fade \u00e9 promovida com o apoio do Sesc-DF"},"content":{"rendered":"\n<figure class=\"wp-block-image size-large\"><img decoding=\"async\" src=\"http:\/\/claricegulyas.com.br\/wp-content\/uploads\/2022\/09\/esporte-sesc-1024x663.png\" alt=\"\" class=\"wp-image-10778\"\/><\/figure>\n\n\n\n<p><em><strong>O evento ser\u00e1 realizado na Arena BRB Man\u00e9 Garrincha e ter\u00e1 circuitos de 5km e 10km<\/strong><\/em><\/p>\n\n\n\n<p><br>A 1\u00aa edi\u00e7\u00e3o da \u201cCorrida Bras\u00edlia com Sa\u00fade\u201d ser\u00e1 realizada com o apoio do Sesc-DF,&nbsp;&nbsp;no s\u00e1bado (24), \u00e0s 16h,&nbsp;&nbsp;Arena BRB &#8211; Man\u00e9 Garrincha. As corridas ser\u00e3o de&nbsp;&nbsp;5km e 10km. Paralelo \u00e0 competi\u00e7\u00e3o haver\u00e1 um momento para cuidar da sa\u00fade bucal e da sa\u00fade da mulher. Para se inscrever, basta se cadastrar no site&nbsp;&nbsp;<a href=\"http:\/\/www.centraldacorrida.com.br\/brasiliacomsaude\" target=\"_blank\" rel=\"noreferrer noopener\">www.centraldacorrida.com.br\/brasiliacomsaude<\/a>, at\u00e9 o dia 20 de setembro,&nbsp;&nbsp;com taxa de R$65,00, por participante. Os atletas ter\u00e3o atendimento gratuito, com exames que ser\u00e3o realizados nas Unidades M\u00f3veis do Sesc, de 8h \u00e0s 17h.&nbsp;&nbsp;&nbsp;<\/p>\n\n\n\n<p>Para o diretor regional do Sesc-DF, Valcides de Ara\u00fajo, eventos como este s\u00e3o muito importantes para Bras\u00edlia, onde a esportiva est\u00e1 presente no dia a dia de grande parte da nossa popula\u00e7\u00e3o. \u201cNosso objetivo \u00e9 contribuir para a manuten\u00e7\u00e3o do bem-estar e qualidade de vida dos brasilienses, atrav\u00e9s de pr\u00e1ticas esportivas. Esse momento tr\u00e1gico vivido com a pandemia, que ainda n\u00e3o acabou, percebemos o quanto \u00e9 importante a atividade f\u00edsica para nosso bem-estar. Por isso, esperamos todos l\u00e1, os mais jovens, os mais vividos, enfim, todos que tem na pr\u00e1tica esportiva um h\u00e1bito, mas tamb\u00e9m aqueles que querem iniciar. Nossa unidades m\u00f3veis tamb\u00e9m estar\u00e3o presentes, para levar atendimento gratuito \u00e0 popula\u00e7\u00e3o em geral\u201d, complementa.&nbsp;<\/p>\n\n\n\n<p>&nbsp;O p\u00fablico atleta e a popula\u00e7\u00e3o em geral, poder\u00e3o contar com atendimentos gratuitos da carreta da sa\u00fade da mulher, que disponibilizar\u00e1 mamografia, aplica\u00e7\u00e3o de DIU, atendimento de cl\u00ednica m\u00e9dica e enfermagem, al\u00e9m de&nbsp;&nbsp;servi\u00e7os de odontologia&nbsp;&nbsp;pelo odontosesc. O atendimento ser\u00e1 realizado por meio de agendamento ou por ordem de chegada, com vagas limitadas. &nbsp;<\/p>\n\n\n\n<p>&nbsp;&nbsp;Os atletas participantes da corrida receber\u00e3o Kit, contendo camisa, viseira, medalha, moleskine, download free de fotos da corrida, al\u00e9m de diversos brindes especiais, disponibilizados pelos apoiadores do evento. Ao final da corrida cada atleta receber\u00e1 um kit lanche contendo fruta e isot\u00f4nico. Os Kits poder\u00e3o ser retirados no 23 de setembro de 10h \u00e0s 17h e no dia 24 de setembro de 10h \u00e0s 14h.&nbsp;&nbsp;<\/p>\n\n\n\n<p>A corrida \u2018Bras\u00edlia com Sa\u00fade\u2019 contar\u00e1 com premia\u00e7\u00e3o em dinheiro, distribu\u00edda entre as modalidades masculino e feminino, al\u00e9m disso, haver\u00e1 desconto de 50% para atletas com mais de 60 anos e grupos de corrida tamb\u00e9m ter\u00e3o desconto no evento, no valor de R$ 5,00. As inscri\u00e7\u00f5es podem ser feitas por meio do endere\u00e7o eletr\u00f4nico:&nbsp;<a href=\"mailto:corridabrasiliacomsaude@gmail.com\" target=\"_blank\" rel=\"noreferrer noopener\">corridabrasiliacomsaude@gmail.com<\/a>. Durante o evento ser\u00e1 realizado um sorteio de passagem a\u00e9rea com destino nacional e uma TV 55\u201d.&nbsp;&nbsp;<\/p>\n\n\n\n<p>A corrida Bras\u00edlia com Sa\u00fade conta com marcas que apoiam e incentivam o esporte e a promo\u00e7\u00e3o \u00e0 sa\u00fade em Bras\u00edlia. Com o apoio do Sesc-DF e patroc\u00ednio da Brasilcap, CBV \u2013 Hospital de olhos, Drogasil, DrogariaBrasil, EMS, Energel, Grupo Kora Sa\u00fade \u2013 Hospital Anchieta e Hospital S\u00e3o Francisco, Healthcare, Hospital Santa Marta, Voriques \u00f3ptic, Sabin, Voetur Turismo e Ambev com a PEPSI\u00ae BLACK e a Michelob Ultra.&nbsp;<\/p>\n\n\n\n<p><strong>Servi\u00e7o:<br><\/strong><strong>Corrida Bras\u00edlia com Sa\u00fade<br><\/strong>Quando: 24 de setembro. S\u00e1bado 16h.<br>Onde: Arena BRB Man\u00e9 Garrincha<br>Entrada: R$ 65 &#8211; As inscri\u00e7\u00f5es est\u00e3o abertas at\u00e9 o dia 20 de setembro no&nbsp;<a href=\"http:\/\/www.centraldacorrida.com.br\/brasiliacomsaude\" target=\"_blank\" rel=\"noreferrer noopener\">www.centraldacorrida.com.br\/brasiliacomsaude<\/a><br>Faixa indicativa: livre&nbsp;<\/p>\n","protected":false},"excerpt":{"rendered":"<p>O evento ser\u00e1 realizado na Arena BRB Man\u00e9 Garrincha e ter\u00e1 circuitos de 5km e 10km A 1\u00aa edi\u00e7\u00e3o da \u201cCorrida Bras\u00edlia com Sa\u00fade\u201d ser\u00e1 realizada com o apoio do Sesc-DF,&nbsp;&nbsp;no s\u00e1bado (24), \u00e0s 16h,&nbsp;&nbsp;Arena BRB &#8211; Man\u00e9 Garrincha. As corridas ser\u00e3o de&nbsp;&nbsp;5km e 10km. Paralelo \u00e0 competi\u00e7\u00e3o haver\u00e1 um momento para cuidar da sa\u00fade [&hellip;]<\/p>\n","protected":false},"author":1,"featured_media":0,"comment_status":"open","ping_status":"open","sticky":false,"template":"","format":"standard","meta":{"footnotes":""},"categories":[],"tags":[],"class_list":["post-5801","post","type-post","status-publish","format-standard","hentry"],"_links":{"self":[{"href":"https:\/\/aguaslindasnoticias.com.br\/index.php\/wp-json\/wp\/v2\/posts\/5801","targetHints":{"allow":["GET"]}}],"collection":[{"href":"https:\/\/aguaslindasnoticias.com.br\/index.php\/wp-json\/wp\/v2\/posts"}],"about":[{"href":"https:\/\/aguaslindasnoticias.com.br\/index.php\/wp-json\/wp\/v2\/types\/post"}],"author":[{"embeddable":true,"href":"https:\/\/aguaslindasnoticias.com.br\/index.php\/wp-json\/wp\/v2\/users\/1"}],"replies":[{"embeddable":true,"href":"https:\/\/aguaslindasnoticias.com.br\/index.php\/wp-json\/wp\/v2\/comments?post=5801"}],"version-history":[{"count":0,"href":"https:\/\/aguaslindasnoticias.com.br\/index.php\/wp-json\/wp\/v2\/posts\/5801\/revisions"}],"wp:attachment":[{"href":"https:\/\/aguaslindasnoticias.com.br\/index.php\/wp-json\/wp\/v2\/media?parent=5801"}],"wp:term":[{"taxonomy":"category","embeddable":true,"href":"https:\/\/aguaslindasnoticias.com.br\/index.php\/wp-json\/wp\/v2\/categories?post=5801"},{"taxonomy":"post_tag","embeddable":true,"href":"https:\/\/aguaslindasnoticias.com.br\/index.php\/wp-json\/wp\/v2\/tags?post=5801"}],"curies":[{"name":"wp","href":"https:\/\/api.w.org\/{rel}","templated":true}]}}