{"id":5799,"date":"2023-01-04T10:15:26","date_gmt":"2023-01-04T13:15:26","guid":{"rendered":"https:\/\/aguaslindasnoticias.com.br\/index.php\/2023\/01\/04\/candidato-a-distrital-rogerio-morro-da-cruz-lidera-pesquisa-eleitoral\/"},"modified":"2023-01-04T10:15:26","modified_gmt":"2023-01-04T13:15:26","slug":"candidato-a-distrital-rogerio-morro-da-cruz-lidera-pesquisa-eleitoral","status":"publish","type":"post","link":"https:\/\/aguaslindasnoticias.com.br\/index.php\/2023\/01\/04\/candidato-a-distrital-rogerio-morro-da-cruz-lidera-pesquisa-eleitoral\/","title":{"rendered":"Candidato a Distrital, Rog\u00e9rio Morro da Cruz lidera pesquisa eleitoral"},"content":{"rendered":"\n<figure class=\"wp-block-image size-large\"><img decoding=\"async\" src=\"http:\/\/claricegulyas.com.br\/wp-content\/uploads\/2022\/09\/rogerio-morro-da-cruz-candidato-deputado-distrital-df-pmn-1024x813.jpeg\" alt=\"\" class=\"wp-image-10770\"\/><\/figure>\n\n\n\n<p><em>Lideran\u00e7a comunit\u00e1ria de S\u00e3o Sebasti\u00e3o tem como principais bandeiras a regulariza\u00e7\u00e3o dos bairros da regi\u00e3o<\/em><\/p>\n\n\n\n<p>Forte concorrente \u00e0 C\u00e2mara Legislativa pelo partido PMN, <strong>Rog\u00e9rio Morro da Cruz<\/strong> tem se destacado cada vez mais em sua segunda candidatura para distrital. Atual suplente ocupa o topo das inten\u00e7\u00f5es de voto para o cargo em pesquisa espont\u00e2nea divulgada no \u00faltimo dia 20 pelo Metr\u00f3poles\/Ideia. Ao todo, 591 nomes disputam as 24 cadeiras da CLDF.<\/p>\n\n\n\n<p>Dentre os nomes mais citados pela popula\u00e7\u00e3o, est\u00e1 Rog\u00e9rio Morro da Cruz com 0,8% das inten\u00e7\u00f5es de voto, mesmo n\u00famero alcan\u00e7ado por deputados j\u00e1 eleitos. A pesquisa foi realizada pelo Instituto Ideia \u00e0 pedido do portal Metr\u00f3poles e ouviu 1,2 mil pessoas com 16 anos ou mais entre os dias 13 e 18 de agosto.<\/p>\n\n\n\n<p><strong>Defensor da moradia<\/strong><\/p>\n\n\n\n<p>Atuante e participativo, Rog\u00e9rio Morro da Cruz \u00e9 conhecido por realizar e apoiar a\u00e7\u00f5es sociais que beneficiam centenas de fam\u00edlias que moram em S\u00e3o Sebasti\u00e3o, seja por meio de bingos, rifas ou diversas outras iniciativas que contam com o apoio de comerciantes e moradores. Morador do Morro da Cruz, conhece de perto os problemas da cidade, principalmente, em \u00e1reas, como Cap\u00e3o Comprido, Expans\u00e3o do Bela Vista, Itaip\u00fa, S\u00e3o Gabriel, Vila do Boa, Bora Mansa, Vila Vit\u00f3ria e Vila Green.<\/p>\n\n\n\n<p>&#8220;Defendo o direito sagrado \u00e0 moradia e a melhoria das infraestruturas dessas regi\u00f5es. Estou ciente que n\u00e3o cabe aos deputados distritais as prerrogativas do Executivo, no entanto, sei da import\u00e2ncia que tem um distrital para o desenvolvimento de uma regi\u00e3o, seja atrav\u00e9s de emendas parlamentares e ou parcerias com as secretarias e autarquias do governo do DF&#8221;, diz Rog\u00e9rio Morro da Cruz.<\/p>\n\n\n\n<p>Voz do sofrimento e do desespero de tantos brasileiros jogados \u00e0 pr\u00f3pria sorte diante da m\u00e1 vontade pol\u00edtica, Rog\u00e9rio Morro da Cruz, 41 anos, j\u00e1 foi at\u00e9 mesmo preso por protestar contra derrubadas e abandono dos governos. O reconhecimento de um trabalho bem feito e tamb\u00e9m \u00e0 frente da Associa\u00e7\u00e3o dos Moradores do Morro da Cruz veio atrav\u00e9s das urnas nas elei\u00e7\u00f5es de 2018, quando obteve 5.718 votos ao disputar uma cadeira na C\u00e2mara Legislativa pelo partido Avante.<\/p>\n\n\n\n<figure class=\"wp-block-image size-large\"><img decoding=\"async\" src=\"http:\/\/claricegulyas.com.br\/wp-content\/uploads\/2022\/09\/rogerio-morro-da-cruz-pesquisa-metropoles-candidato-deputado-distrital-df.png\" alt=\"\" class=\"wp-image-10771\"\/><\/figure>\n\n\n\n<p><br><strong>Principais propostas para S\u00e3o Sebasti\u00e3o:<\/strong><\/p>\n\n\n\n<p>Regulariza\u00e7\u00e3o fundi\u00e1ria de S\u00e3o Sebasti\u00e3o<br>Constru\u00e7\u00e3o da Casa da Mulher<br>Constru\u00e7\u00e3o do Hospital de S\u00e3o Sebasti\u00e3o<br>Constru\u00e7\u00e3o de escolas e creches p\u00fablicas<br>Constru\u00e7\u00e3o de Hospital Veterin\u00e1rio e Abrigo p\u00fablico para animais<br>Constru\u00e7\u00e3o de um campus universit\u00e1rio<br>Estudo de viabilidade de tr\u00e2nsito<br>Liga\u00e7\u00e3o do Morro da Cruz ao PRO-DF<br>Implementa\u00e7\u00e3o de novas paradas de \u00f4nibus<br>Endere\u00e7amento dos novos bairros da cidade<br>Reforma e amplia\u00e7\u00e3o do 21\u00ba Batalh\u00e3o da PM e constru\u00e7\u00e3o de galp\u00e3o para monitoramento 24h<br>Constru\u00e7\u00e3o da quadra de esportes do 17\u00ba CBMDF e constru\u00e7\u00e3o da sede para a brigada do 17\u00ba CBMDF<br>Amplia\u00e7\u00e3o de c\u00e2meras de monitoramento<br>Amplia\u00e7\u00e3o e recursos para o Batalh\u00e3o Rural<br>Destina\u00e7\u00e3o de emendas para manuten\u00e7\u00e3o da UPA<br>Destina\u00e7\u00e3o de recursos para a Casa de Parte<br>Lutas pela volta da Regional da Sa\u00fade<br>Destina\u00e7\u00e3o de recursos para as UBS de S\u00e3o Sebasti\u00e3o<br>Implanta\u00e7\u00e3o de \u00e1guas pluviais na cidade, incluindo novos bairros e condom\u00ednios<br>Implanta\u00e7\u00e3o de ilumina\u00e7\u00e3o p\u00fablica nos novos bairros de S\u00e3o Sebasti\u00e3o<br>Reforma do Parque de Exposi\u00e7\u00e3o<br>Constru\u00e7\u00e3o e reforma das quadras de esporte<br>Reforma do Gin\u00e1sio de Esportes<\/p>\n\n\n\n<p><br><strong>Confira, abaixo, entrevista com Rog\u00e9rio Morro da Cruz:<\/strong><\/p>\n\n\n\n<p><strong>Por que voc\u00ea resolveu tentar concorrer pela segunda vez a este cargo?<\/strong><\/p>\n\n\n\n<p>Em minha vida tudo que conquistei foi debaixo de muito luta, sofrimento e suor, Nada veio f\u00e1cil, exatamente nada. Nunca encarei as perdas como derrotas\u2026 as encaro como experi\u00eancias, amadurecimento. O brasileiro de verdade \u201cn\u00e3o foge \u00e0 luta\u201d e eu n\u00e3o descansarei enquanto n\u00e3o ver a nossa cidade ser realmente um modelo para todo o Distrito Federal, e sem sombra de d\u00favidas expandirei meu trabalho por todo o DF.<\/p>\n\n\n\n<p><strong>Por que escolheu o PMN?<\/strong><\/p>\n\n\n\n<p>Sou grato \u00e0s oportunidades que tive no in\u00edcio da minha jornada pol\u00edtica, quando o Avante me permitiu a candidatura, mas nos \u00faltimos anos senti que o solo que era firme tinha se tornado arenoso\/argiloso. Ou seja, um solo impr\u00f3prio para quem tem sede e garra para crescer. Realizamos a sondagem no PMN e por aqui estamos fixando nossos pilares, pois a constru\u00e7\u00e3o do evoluir nunca ter\u00e1 fim.<\/p>\n\n\n\n<p><strong>Qual a sua expectativa com estas elei\u00e7\u00f5es e qual a mensagem que voc\u00ea deixa para seus eleitores?<\/strong><\/p>\n\n\n\n<p>As expectativas s\u00e3o as melhores poss\u00edveis, trabalharemos com a pol\u00edtica limpa, combatendo principalmente as fake news. Deixo n\u00e3o somente para os meus eleitores, mas para todos os eleitores do DF uma mensagem de Pierre Logan: \u201cEm ano eleitoral acontece um interessante fen\u00f4meno: os pol\u00edticos lembram-se de tudo que N\u00c3O fizeram e o povo se esquece de tudo pelo que passou\u201d. Eleitores, n\u00e3o se esque\u00e7am de suas lutas. Voc\u00ea foram atendidos? Juntos, somos mais fortes!<\/p>\n\n\n\n<p><strong>Saiba mais sobre Rog\u00e9rio Morro da Cruz pelo Instagram:<\/strong> @RogerioMorrodaCruz<\/p>\n","protected":false},"excerpt":{"rendered":"<p>Lideran\u00e7a comunit\u00e1ria de S\u00e3o Sebasti\u00e3o tem como principais bandeiras a regulariza\u00e7\u00e3o dos bairros da regi\u00e3o Forte concorrente \u00e0 C\u00e2mara Legislativa pelo partido PMN, Rog\u00e9rio Morro da Cruz tem se destacado cada vez mais em sua segunda candidatura para distrital. Atual suplente ocupa o topo das inten\u00e7\u00f5es de voto para o cargo em pesquisa espont\u00e2nea divulgada [&hellip;]<\/p>\n","protected":false},"author":1,"featured_media":0,"comment_status":"open","ping_status":"open","sticky":false,"template":"","format":"standard","meta":{"footnotes":""},"categories":[],"tags":[],"class_list":["post-5799","post","type-post","status-publish","format-standard","hentry"],"_links":{"self":[{"href":"https:\/\/aguaslindasnoticias.com.br\/index.php\/wp-json\/wp\/v2\/posts\/5799","targetHints":{"allow":["GET"]}}],"collection":[{"href":"https:\/\/aguaslindasnoticias.com.br\/index.php\/wp-json\/wp\/v2\/posts"}],"about":[{"href":"https:\/\/aguaslindasnoticias.com.br\/index.php\/wp-json\/wp\/v2\/types\/post"}],"author":[{"embeddable":true,"href":"https:\/\/aguaslindasnoticias.com.br\/index.php\/wp-json\/wp\/v2\/users\/1"}],"replies":[{"embeddable":true,"href":"https:\/\/aguaslindasnoticias.com.br\/index.php\/wp-json\/wp\/v2\/comments?post=5799"}],"version-history":[{"count":0,"href":"https:\/\/aguaslindasnoticias.com.br\/index.php\/wp-json\/wp\/v2\/posts\/5799\/revisions"}],"wp:attachment":[{"href":"https:\/\/aguaslindasnoticias.com.br\/index.php\/wp-json\/wp\/v2\/media?parent=5799"}],"wp:term":[{"taxonomy":"category","embeddable":true,"href":"https:\/\/aguaslindasnoticias.com.br\/index.php\/wp-json\/wp\/v2\/categories?post=5799"},{"taxonomy":"post_tag","embeddable":true,"href":"https:\/\/aguaslindasnoticias.com.br\/index.php\/wp-json\/wp\/v2\/tags?post=5799"}],"curies":[{"name":"wp","href":"https:\/\/api.w.org\/{rel}","templated":true}]}}