{"id":5797,"date":"2023-01-04T10:15:18","date_gmt":"2023-01-04T13:15:18","guid":{"rendered":"https:\/\/aguaslindasnoticias.com.br\/index.php\/2023\/01\/04\/conheca-missionaria-cristiane-candidata-a-distrital\/"},"modified":"2023-01-04T10:15:18","modified_gmt":"2023-01-04T13:15:18","slug":"conheca-missionaria-cristiane-candidata-a-distrital","status":"publish","type":"post","link":"https:\/\/aguaslindasnoticias.com.br\/index.php\/2023\/01\/04\/conheca-missionaria-cristiane-candidata-a-distrital\/","title":{"rendered":"Conhe\u00e7a Mission\u00e1ria Cristiane, candidata a Distrital"},"content":{"rendered":"\n<figure class=\"wp-block-image size-large\"><img decoding=\"async\" src=\"http:\/\/claricegulyas.com.br\/wp-content\/uploads\/2022\/09\/missionaria-cristiane-deputada-distrital-df-1024x842.jpeg\" alt=\"\" class=\"wp-image-10761\"\/><\/figure>\n\n\n\n<p><em>Com o lema &#8220;amar e acolher&#8221;, evang\u00e9lica conquista espa\u00e7o em pesquisas espont\u00e2neas e promete trabalhar &#8220;incansavelmente por todos, sem distin\u00e7\u00e3o&#8221;<\/em><\/p>\n\n\n\n<p><br>Conhecida em todo o Distrito Federal por desempenhar trabalhos sociais e espirituais \u00e0 frente do Minist\u00e9rio Rhema AIC,<strong> Mission\u00e1ria Cristiane<\/strong> \u00e9 uma das candidatas a deputada distrital que tem chamado a aten\u00e7\u00e3o nas pesquisas eleitorais. Nascida em Bras\u00edlia e criada na Fercal, a evang\u00e9lica concorre a uma das 24 cadeiras da C\u00e2mara Legislativa (CLDF) pelo partido PMN.<\/p>\n\n\n\n<p>Ela tem 43 anos, \u00e9 casada, m\u00e3e de Anna Vit\u00f3ria e fundadora do projeto Curados por Deus, que atende diversas comunidades do DF.<br>Na pesquisa espont\u00e2nea do Metr\u00f3poles\/Ideia, divulgada no dia 20 de agosto, Mission\u00e1ria Cristiane \u00e9 um dos destaques com 0,2% das inten\u00e7\u00f5es de voto para o cargo de deputado distrital. Ao todo, s\u00e3o 591 candidaturas \u00e0 CLDF.<\/p>\n\n\n\n<p><br><strong>Confira, abaixo, entrevista com a candidata:<\/strong><\/p>\n\n\n\n<p><strong>Quem \u00e9 a Mission\u00e1ria Cristiane?<\/strong><br>A mission\u00e1ria Cristiane \u00e9 uma mulher cheia de feridas que vida trouxe, mas que sempre permaneceu em p\u00e9 diante das batalhas pela f\u00e9 e confian\u00e7a que tenho em Deus. Sou esposa, m\u00e3e, crist\u00e3, filha de caminhoneiro e comerciante. Gra\u00e7as a Deus e a eles consegui conquistar o meu car\u00e1ter e minha garra de lutar no dia a dia.<br>Apesar de ser crist\u00e3, costumo dizer que vivo Deus e n\u00e3o religi\u00e3o. Minha verdadeira miss\u00e3o \u00e9 amar e acolher todos sem distin\u00e7\u00e3o, pois Cristo apenas amou, sem julgamentos e sem condenar aqueles que precisam de uma palavra, de uma ora\u00e7\u00e3o, n\u00e3o olho a quem, apenas cumpro a minha obriga\u00e7\u00e3o de acolher, amar, abra\u00e7ar e orar.<\/p>\n\n\n\n<p><strong>O que voc\u00ea faz?<\/strong><br>Sempre atuei no meio pol\u00edtico e chegou um tempo que resolvi dar uma pausa ap\u00f3s trabalhar para alguns pol\u00edticos de Bras\u00edlia e ficar apenas na promessa. Deus me colocou para trabalhar em um hospital privado durante tr\u00eas meses antes da pandemia, Hospital Santa Helena, como auxiliar administrativo no pronto-socorro.<\/p>\n\n\n\n<p>Fora isso, tenho um trabalho social e espiritual que se chama Curados por Deus. Esse projeto surgiu em um grupo de WhatsApp apenas para intercess\u00e3o de mulheres, mas certo dia veio a necessidade de abrir o grupo para outras pessoas, e uns sempre orando pelos outros.<\/p>\n\n\n\n<p>Chegou um momento que percebi que alguns irm\u00e3os estavam necessitando de alimento, a partir da\u00ed come\u00e7amos arrecadar cestas b\u00e1sicas e distribuir para essas pessoas. Outros precisavam de dinheiro para pagar conta de \u00e1gua e luz que estavam cortadas, da\u00ed faz\u00edamos vaquinhas para arrecadar o dinheiro e aos poucos esse movimento foi crescendo. Levamos hoje um refrig\u00e9rio para as necessidades humanas e para a alma daqueles que precisam.<\/p>\n\n\n\n<p><strong>O que Bras\u00edlia representa para voc\u00ea?<\/strong><br>Atualmente resido em Sobradinho II com a minha fam\u00edlia que s\u00e3o minha filha Anna Vit\u00f3ria, de 16 anos, meu Esposo Robson, e dois cachorros: Nina e Bilingo. Eu nasci e fui criada aqui, e nunca tive o desejo de sair. Bras\u00edlia \u00e9 um lugar que tenho muitas realiza\u00e7\u00f5es e sou feliz.<\/p>\n\n\n\n<p>Bras\u00edlia representa parte de minha hist\u00f3ria. Nascida e criada aqui, pude viver experi\u00eancias incr\u00edveis, momentos dif\u00edceis e de grandes conquistas mas que me tornaram a mulher que sou hoje. Sou orgulhosa de ser filha de Bras\u00edlia!<\/p>\n\n\n\n<p><strong>Por que voc\u00ea resolveu se candidatar \u00e0 C\u00e2mara Legislativa?<\/strong><br>Trabalhei h\u00e1 12 anos na pol\u00edtica, ajudei a eleger muitos candidatos. Hoje acompanho minha comunidade e vejo que Bras\u00edlia necessita de pessoas novas que buscam a transforma\u00e7\u00e3o. Fui usu\u00e1ria do SUS e minha fam\u00edlia ainda \u00e9, ent\u00e3o vivo a situa\u00e7\u00e3o que a sa\u00fade se encontra.<\/p>\n\n\n\n<p>Na pandemia, quando entrei no hospital privado, pude vivenciar de perto a dor de muitas pessoas e fam\u00edlias. Mas estive sempre lado a lado acolhendo a dor e exaust\u00e3o dos profissionais de sa\u00fade, colaboradores da recep\u00e7\u00e3o, limpeza, que largavam suas fam\u00edlias em casa, sem saber se voltaria, arriscando as suas vidas para salvar a vida de outras pessoas.<\/p>\n\n\n\n<p>O que mais me do\u00eda era ver esses profissionais sendo completamente desvalorizados, tendo que trabalhar como m\u00e1quinas, mas sempre dando o seu melhor. Fora isso, acompanhei muitas pessoas durante a pandemia que passaram fome, vendo aqui eu n\u00e3o poderia ser inerte, isso me deu mais garra e ent\u00e3o continuei lutando ainda mais pela comunidade, pelos menos favorecidos, dependentes qu\u00edmicos, mulheres que sofrem viol\u00eancia, e sempre acolhendo as pessoas com depress\u00e3o, levando ora\u00e7\u00e3o e sem fazer distin\u00e7\u00e3o de pessoas!<\/p>\n\n\n\n<p>Aqueles que vem at\u00e9 a mim n\u00e3o tenho direito de julgar e condenar, apenas amar e acolher. Ao vivenciar tanto descaso e sofrimento, resolvi colocar o meu nome \u00e0 disposi\u00e7\u00e3o, pois eu n\u00e3o tenho d\u00favidas que posso fazer a diferen\u00e7a aonde eu passar e chegando na CLDF irei trabalhar incansavelmente pela popula\u00e7\u00e3o de Bras\u00edlia e entorno.<\/p>\n\n\n\n<p><strong>Quais as suas principais bandeiras e qual a sua liga\u00e7\u00e3o com esses temas?<\/strong><br>Tenho buscado ouvir a comunidade e o que a popula\u00e7\u00e3o mais pede. Nas minhas caminhadas e conversas vejo que uma das principais necessidade \u00e9 a sa\u00fade, talvez possa parecer clich\u00ea, v\u00e1rias pessoas dizendo que v\u00e3o lutar pela sa\u00fade do DF.<\/p>\n\n\n\n<p>Entendo que pode ser um desafio, mas quero correr atr\u00e1s de melhorar a sa\u00fade para a popula\u00e7\u00e3o do DF, al\u00e9m disso quero lutar pela valoriza\u00e7\u00e3o desses profissionais de sa\u00fade que atuam dentro dos hospitais p\u00fablicos e privados, buscando melhores condi\u00e7\u00f5es de trabalho, pois eu vivenciei at\u00e9 poucos dias o que \u00e9 depender do hospital p\u00fablico quando fui levar a minha filha ao hospital. Eu sei o que \u00e9 ficar 9 horas aguardando um atendimento m\u00e9dico em uma cadeira dura, tamb\u00e9m vivenciei dentro de um hospital privado o que \u00e9 voc\u00ea trabalhar dia e noite e ser desvalorizado e n\u00e3o ter condi\u00e7\u00f5es de trabalho.<\/p>\n\n\n\n<p>Tenho visitado casas de recupera\u00e7\u00e3o de dependentes qu\u00edmicos, outra bandeira \u00e9 atuar junto \u00e0s casas de recupera\u00e7\u00e3o para amenizar o sofrimento dos internos e de suas fam\u00edlias que sofrem tanto com essa situa\u00e7\u00e3o. E lutar por melhorias dentro da \u00e1rea Norte do DF, principalmente a Fercal. Quero lutar por uma UPA, escola de segundo grau e, se preciso for, destinar emendas parlamentares e correr atr\u00e1s de benef\u00edcios para essas comunidades.<\/p>\n\n\n\n<p><strong>Como mission\u00e1ria evang\u00e9lica, o que voc\u00ea pretende fazer pela a comunidade crist\u00e3 e evang\u00e9lica?<\/strong><br>Quero firmar grande apoio para atividades sociais, n\u00e3o s\u00f3 as igrejas evang\u00e9licas, mas as igrejas que atuam no trabalho social, pretendo fortalecer esses projetos e ampliar para as comunidades que possam contribuir na capacita\u00e7\u00e3o dos jovens e diminuir o desemprego, e sempre aberta a sugest\u00f5es.<\/p>\n\n\n\n<p><strong>Como voc\u00ea avalia atuais representantes da CLDF? O que faria de diferente? Qual legado voc\u00ea pretende deixar por l\u00e1?<\/strong><\/p>\n\n\n\n<p>Percebo que a vis\u00e3o dos atuais representantes \u00e9 muito limitada, tem dificuldades na realidade de investir na popula\u00e7\u00e3o do DF, se faz muitas promessas e quese nada se cumpre. O gabinete na maioria das vezes n\u00e3o se engloba o povo, muitas pessoas t\u00eam dificuldade de acesso a alguns parlamentares.<\/p>\n\n\n\n<p>H\u00e1 tamb\u00e9m falta de acompanhamento das verbas destinadas aos setores que beneficiam a popula\u00e7\u00e3o, principalmente a sa\u00fade. Quero firmar compromisso de visitar os hospitais, e vivenciar mais de perto a necessidade da popula\u00e7\u00e3o. O meu legado ser\u00e1 de realmente escutar a popula\u00e7\u00e3o e o que tiver ao meu alcance eu lutarei at\u00e9 o meu \u00faltimo dia de mandato para ver a popula\u00e7\u00e3o bem assistida. N\u00e3o quero ser mais uma representante, quero ser a representante que faz a diferen\u00e7a no DF.<\/p>\n\n\n\n<p><strong>Qual a mensagem que voc\u00ea quer deixar aos eleitores do DF?<\/strong><br>Quero dizer que n\u00e3o \u00e9 f\u00e1cil estar aqui me colocando \u00e0 disposi\u00e7\u00e3o em busca de um DF melhor. O desafio \u00e9 grande, mas digo que por onde eu passar, quero fazer a diferen\u00e7a. Anseio buscar grandes conquistas por Bras\u00edlia e todos que aqui convivem.<\/p>\n\n\n\n<p>Pe\u00e7o que pesquisem a vida dos candidatos, conhe\u00e7am as suas propostas e cobrem resultados. D\u00ea o seu voto para pessoas novas, precisamos renovar, precisamos dar lugar para mais mulheres na nossa representatividade, dar oportunidade para pessoas que t\u00eam ess\u00eancia e hist\u00f3ria para acrescentar em nossa cidade.<br>Estou \u00e0 disposi\u00e7\u00e3o para conversar, escutar e lutar pelas necessidade da nossa amada capital.<\/p>\n\n\n\n<p><strong>Saiba mais sobre a Mission\u00e1ria Cristiane pelo Instagram:<\/strong> @MissionariaCristianeDF<\/p>\n","protected":false},"excerpt":{"rendered":"<p>Com o lema &#8220;amar e acolher&#8221;, evang\u00e9lica conquista espa\u00e7o em pesquisas espont\u00e2neas e promete trabalhar &#8220;incansavelmente por todos, sem distin\u00e7\u00e3o&#8221; Conhecida em todo o Distrito Federal por desempenhar trabalhos sociais e espirituais \u00e0 frente do Minist\u00e9rio Rhema AIC, Mission\u00e1ria Cristiane \u00e9 uma das candidatas a deputada distrital que tem chamado a aten\u00e7\u00e3o nas pesquisas eleitorais. [&hellip;]<\/p>\n","protected":false},"author":1,"featured_media":0,"comment_status":"open","ping_status":"open","sticky":false,"template":"","format":"standard","meta":{"footnotes":""},"categories":[],"tags":[],"class_list":["post-5797","post","type-post","status-publish","format-standard","hentry"],"_links":{"self":[{"href":"https:\/\/aguaslindasnoticias.com.br\/index.php\/wp-json\/wp\/v2\/posts\/5797","targetHints":{"allow":["GET"]}}],"collection":[{"href":"https:\/\/aguaslindasnoticias.com.br\/index.php\/wp-json\/wp\/v2\/posts"}],"about":[{"href":"https:\/\/aguaslindasnoticias.com.br\/index.php\/wp-json\/wp\/v2\/types\/post"}],"author":[{"embeddable":true,"href":"https:\/\/aguaslindasnoticias.com.br\/index.php\/wp-json\/wp\/v2\/users\/1"}],"replies":[{"embeddable":true,"href":"https:\/\/aguaslindasnoticias.com.br\/index.php\/wp-json\/wp\/v2\/comments?post=5797"}],"version-history":[{"count":0,"href":"https:\/\/aguaslindasnoticias.com.br\/index.php\/wp-json\/wp\/v2\/posts\/5797\/revisions"}],"wp:attachment":[{"href":"https:\/\/aguaslindasnoticias.com.br\/index.php\/wp-json\/wp\/v2\/media?parent=5797"}],"wp:term":[{"taxonomy":"category","embeddable":true,"href":"https:\/\/aguaslindasnoticias.com.br\/index.php\/wp-json\/wp\/v2\/categories?post=5797"},{"taxonomy":"post_tag","embeddable":true,"href":"https:\/\/aguaslindasnoticias.com.br\/index.php\/wp-json\/wp\/v2\/tags?post=5797"}],"curies":[{"name":"wp","href":"https:\/\/api.w.org\/{rel}","templated":true}]}}