{"id":5796,"date":"2023-01-04T10:15:18","date_gmt":"2023-01-04T13:15:18","guid":{"rendered":"https:\/\/aguaslindasnoticias.com.br\/index.php\/2023\/01\/04\/sesc-df-e-unb-realizam-a-26o-edicao-do-25h-nadando-neste-sabado-3-e-domingo-4\/"},"modified":"2023-01-04T10:15:18","modified_gmt":"2023-01-04T13:15:18","slug":"sesc-df-e-unb-realizam-a-26o-edicao-do-25h-nadando-neste-sabado-3-e-domingo-4","status":"publish","type":"post","link":"https:\/\/aguaslindasnoticias.com.br\/index.php\/2023\/01\/04\/sesc-df-e-unb-realizam-a-26o-edicao-do-25h-nadando-neste-sabado-3-e-domingo-4\/","title":{"rendered":"SESC-DF e UnB realizam a 26\u00ba edi\u00e7\u00e3o do 25h Nadando, neste s\u00e1bado (3) e domingo (4)"},"content":{"rendered":"\n<figure class=\"wp-block-image size-large\"><img decoding=\"async\" src=\"http:\/\/claricegulyas.com.br\/wp-content\/uploads\/2022\/09\/0-capa-25h.jpg\" alt=\"\" class=\"wp-image-10757\"\/><\/figure>\n\n\n\n<p>A 26\u00ba edi\u00e7\u00e3o do 25h Nadando&nbsp; \u00e9 realizada no Parque Aqu\u00e1tico do Centro Ol\u00edmpico da Universidade de Bras\u00edlia (UnB), em parceria com o SESC-DF e recebeu cerca de 750 inscri\u00e7\u00f5es. A competi\u00e7\u00e3o com revezamento&nbsp; aqu\u00e1tico,&nbsp; iniciou \u00e0s 10h deste s\u00e1bado (3) e finalizar\u00e1 no domingo (4), \u00e0s 11h. O evento \u00e9 uma tradi\u00e7\u00e3o desde 1990. Esta edi\u00e7\u00e3o conta com 150 atletas nadadores em 8 raias, que ainda disputam o mesmo \u00edmpeto: nadar a maior dist\u00e2ncia entre as equipes inscritas. Isso torna o evento competitivo, sem perder o car\u00e1ter participativo e recreativo.&nbsp;&nbsp;<\/p>\n\n\n\n<p>Para o Diretor Regional do Sesc -DF, Valcides Silva o&nbsp; evento&nbsp; \u00e9 muito importante\u200b. &#8220;No mesmo espa\u00e7o podemos congregar sa\u00fade, esporte, lazer e competi\u00e7\u00e3o\u201d.&nbsp; Atletas de diversas academias do Distrito Federal est\u00e3o em competi\u00e7\u00e3o, al\u00e9m de institui\u00e7\u00f5es e escolinhas de nata\u00e7\u00e3o, atuando em equipes. O evento ainda disp\u00f5e de uma raia destinada para pessoas com defici\u00eancia, com o apoio do Hospital Sarah e da Associa\u00e7\u00e3o de Centro de Treinamento de Educa\u00e7\u00e3o F\u00edsica Especial \u2013 Cetefe.&nbsp;&nbsp;<\/p>\n\n\n\n<p>Simone Montenegro, professora do Mackenzie se sentiu lisonjeada pelo convite para o evento. \u201cEstou achando o evento fant\u00e1stico, nadando de forma sincronizada. Hoje buscamos abrilhantar mais o evento\u201d, diz. A equipe do Mackenzie conta com 8 atletas, que v\u00e3o se apresentar com coreografias distintas de solo, dueto e equipe, sendo 3 atletas da sele\u00e7\u00e3o brasileira de nado adulto.&nbsp; O dueto Jr esteve recentemente em Quebec, no Canad\u00e1, com as atletas Ana Clara Machado, Alice Ten\u00f3rio e Vit\u00f3ria Diegues, que tamb\u00e9m est\u00e3o se preparando para se apresentarem ainda este ano em S\u00e3o Paulo, Chile e Argentina.&nbsp;&nbsp;<\/p>\n\n\n\n<p>O evento tamb\u00e9m disponibiliza uma raia destinada a pessoas com defici\u00eancia e\/ou limita\u00e7\u00f5es diversas, que recebe o apoio do Hospital Sarah, da APABB (Associa\u00e7\u00e3o de Pais, Amigos e Pessoas com Defici\u00eancia de Funcion\u00e1rios do Banco do Brasil) e do CETEFE (Centro de Treinamento de Educa\u00e7\u00e3o F\u00edsica Especial), al\u00e9m de uma raia aberta \u00e0 comunidade, para atendimento de todos aqueles que n\u00e3o possuem equipe e queiram participar do evento.&nbsp;&nbsp;&nbsp;<\/p>\n\n\n\n<p>Ana Maria dos Santos \u00e9 cadeirante e atleta do Hospital Sarah, recebeu o convite para participar e se sentiu muito feliz. \u201cMe chamou a aten\u00e7\u00e3o essa raia junto na competi\u00e7\u00e3o, para mostrar para a popula\u00e7\u00e3o, como forma de inclus\u00e3o social e tamb\u00e9m de valoriza\u00e7\u00e3o da gente\u201d, comemora.&nbsp;&nbsp;&nbsp;<\/p>\n\n\n\n<p>Paulo Henrique Azevedo, professor&nbsp; e coordenador do evento, na UnB, diz que a parceria com o Sesc existe desde 2005 e de l\u00e1 pra c\u00e1 o evento&nbsp;\u200bj\u00e1 atendeu mais de 40 mil pessoas. A raia espec\u00edfica para deficientes \u00e9 um dos orgulhos da competi\u00e7\u00e3o,&nbsp; na mesma piscina que os demais, para que se sintam reconhecidos. \u201cO impacto da presen\u00e7a desse p\u00fablico \u00e9 muito grande no evento. \u00c9 uma caracter\u00edstica imbat\u00edvel,&nbsp; pessoas chegam de v\u00e1rios lugares para prestigiar o revezamento, aqui acaba sendo uma das possibilidades de valoriza\u00e7\u00e3o desse p\u00fablico\u201d, diz. \u201cPodem participar tamb\u00e9m pessoas amputadas de bra\u00e7o e perna, e eles nadam 100 metros, para essas pessoas esse evento significa muito\u201d, complementa.&nbsp;&nbsp;<\/p>\n\n\n\n<p>O revezamento aqu\u00e1tico tem a finalidade de reunir os admiradores da nata\u00e7\u00e3o, al\u00e9m de congregar em um s\u00f3 lugar atividades esportivas, recreativas e de lazer. O evento \u00e9 o \u00fanico do g\u00eanero&nbsp; com uma raia destinada a pessoas com defici\u00eancia e necessidades especiais, desde a sua cria\u00e7\u00e3o, em 1990.&nbsp;&nbsp;<\/p>\n\n\n\n<p>Ang\u00e9lica Oliveira, atleta do Sesc do Gama j\u00e1 participa da competi\u00e7\u00e3o h\u00e1 3 anos. &#8220;\u00c9 bom para quem est\u00e1 come\u00e7ando e para quem j\u00e1 nada profissionalmente, aqui tem gente de todos os n\u00edveis e gosto muito &#8220;, diz.&nbsp;&nbsp;<\/p>\n\n\n\n<p>Paralelo \u00e0 programa\u00e7\u00e3o o SESC-DF oferece gincanas e atividades recreativas, shows musicais, DJ e ainda, apresenta\u00e7\u00f5es de nado sincronizado (Col\u00e9gio Mackenzie) e saltos ornamentais (Saltos Brasil \u2013 Centro de treinamento criado pelo atleta ol\u00edmpico Hugo Parisi).&nbsp;&nbsp;<\/p>\n\n\n\n<p>Para o coordenador de Esporte e Lazer do Sesc-DF, Gustavo Schmarczek Beier, \u201cNo congresso t\u00e9cnico, realizado dia 31\/08, com participa\u00e7\u00e3o dos representantes das equipes, ficou evidente a motiva\u00e7\u00e3o e alegria de todos pelo retorno da competi\u00e7\u00e3o, que este ano renova a sua proposta social, com a troca do valor das inscri\u00e7\u00f5es pela doa\u00e7\u00e3o de materiais escolares, buscando a conscientiza\u00e7\u00e3o e solidariedade dos participantes e p\u00fablico presente\u201d.&nbsp;&nbsp;<\/p>\n\n\n\n<p>&nbsp;<br>Em 2018, \u00faltima edi\u00e7\u00e3o do evento, a equipe campe\u00e3 atingiu a dist\u00e2ncia de 91.500m, com somat\u00f3rio de todas as equipes de 602.200m percorridos.&nbsp;<\/p>\n\n\n\n<p><strong>Contexto Hist\u00f3rico do evento<\/strong><\/p>\n\n\n\n<p>O revezamento 25 Horas Nadando foi concebido a partir de um evento denominado &#8221;24 Horas Nadando&#8221; que foi realizado no DEFER\/DF (Departamento de Educa\u00e7\u00e3o F\u00edsica Esparte e Recrea\u00e7\u00e3o do Distrito Federal), na d\u00e9cada de 1980, como parte do programa nacional do \u201cEsporte para Todos\u201d.&nbsp;&nbsp;<\/p>\n\n\n\n<p>O interesse do ent\u00e3o Departamento de Educa\u00e7\u00e3o F\u00edsica da UnB, na realiza\u00e7\u00e3o de um evento com caracter\u00edsticas semelhantes, surgiu a partir de uma discuss\u00e3o entre um grupo de profe\u200bssores e alunos, que buscavam criar op\u00e7\u00f5es que possibilitassem aos alunos do curso de gradua\u00e7\u00e3o vivenciar a organiza\u00e7\u00e3o e promo\u00e7\u00e3o de projetos pr\u00e1ticos, bem como incentivar o desenvolvimento de atividades comunit\u00e1rias que atendessem, em um primeiro momento, os diferentes segmentos da Universidade.&nbsp;&nbsp;<\/p>\n\n\n\n<p>Confira&nbsp;<a href=\"https:\/\/www.flickr.com\/photos\/186818797%40N04\/albums\/72177720301799175\" rel=\"noreferrer noopener\" target=\"_blank\"><strong>AQUI<\/strong><\/a><strong>&nbsp;<\/strong>mais fotos do 25 Horas Nadando &#8211;&nbsp;<a href=\"https:\/\/bit.ly\/3KJmwsS\" target=\"_blank\" rel=\"noreferrer noopener\">https:\/\/bit.ly\/3KJmwsS<\/a>&nbsp;<\/p>\n","protected":false},"excerpt":{"rendered":"<p>A 26\u00ba edi\u00e7\u00e3o do 25h Nadando&nbsp; \u00e9 realizada no Parque Aqu\u00e1tico do Centro Ol\u00edmpico da Universidade de Bras\u00edlia (UnB), em parceria com o SESC-DF e recebeu cerca de 750 inscri\u00e7\u00f5es. A competi\u00e7\u00e3o com revezamento&nbsp; aqu\u00e1tico,&nbsp; iniciou \u00e0s 10h deste s\u00e1bado (3) e finalizar\u00e1 no domingo (4), \u00e0s 11h. O evento \u00e9 uma tradi\u00e7\u00e3o desde 1990. [&hellip;]<\/p>\n","protected":false},"author":1,"featured_media":0,"comment_status":"open","ping_status":"open","sticky":false,"template":"","format":"standard","meta":{"footnotes":""},"categories":[],"tags":[],"class_list":["post-5796","post","type-post","status-publish","format-standard","hentry"],"_links":{"self":[{"href":"https:\/\/aguaslindasnoticias.com.br\/index.php\/wp-json\/wp\/v2\/posts\/5796","targetHints":{"allow":["GET"]}}],"collection":[{"href":"https:\/\/aguaslindasnoticias.com.br\/index.php\/wp-json\/wp\/v2\/posts"}],"about":[{"href":"https:\/\/aguaslindasnoticias.com.br\/index.php\/wp-json\/wp\/v2\/types\/post"}],"author":[{"embeddable":true,"href":"https:\/\/aguaslindasnoticias.com.br\/index.php\/wp-json\/wp\/v2\/users\/1"}],"replies":[{"embeddable":true,"href":"https:\/\/aguaslindasnoticias.com.br\/index.php\/wp-json\/wp\/v2\/comments?post=5796"}],"version-history":[{"count":0,"href":"https:\/\/aguaslindasnoticias.com.br\/index.php\/wp-json\/wp\/v2\/posts\/5796\/revisions"}],"wp:attachment":[{"href":"https:\/\/aguaslindasnoticias.com.br\/index.php\/wp-json\/wp\/v2\/media?parent=5796"}],"wp:term":[{"taxonomy":"category","embeddable":true,"href":"https:\/\/aguaslindasnoticias.com.br\/index.php\/wp-json\/wp\/v2\/categories?post=5796"},{"taxonomy":"post_tag","embeddable":true,"href":"https:\/\/aguaslindasnoticias.com.br\/index.php\/wp-json\/wp\/v2\/tags?post=5796"}],"curies":[{"name":"wp","href":"https:\/\/api.w.org\/{rel}","templated":true}]}}