{"id":5792,"date":"2023-01-04T10:15:18","date_gmt":"2023-01-04T13:15:18","guid":{"rendered":"https:\/\/aguaslindasnoticias.com.br\/index.php\/2023\/01\/04\/veja-quem-sao-os-candidatos-a-camara-dos-deputados-no-df\/"},"modified":"2023-01-04T10:15:18","modified_gmt":"2023-01-04T13:15:18","slug":"veja-quem-sao-os-candidatos-a-camara-dos-deputados-no-df","status":"publish","type":"post","link":"https:\/\/aguaslindasnoticias.com.br\/index.php\/2023\/01\/04\/veja-quem-sao-os-candidatos-a-camara-dos-deputados-no-df\/","title":{"rendered":"Veja quem s\u00e3o os candidatos \u00e0 C\u00e2mara dos Deputados no DF"},"content":{"rendered":"\n<p><\/p>\n\n\n\n<p>No Distrito Federal, 213 candidatos ao cargo de deputado federal se registram no Tribunal Superior Eleitoral (TSE) at\u00e9 o \u00faltimo dia 15, mas sete j\u00e1 renunciaram. Eles concorrem a oito vagas na C\u00e2mara dos Deputados, e deste total, quatro parlamentares buscam a reelei\u00e7\u00e3o: Bia Kicis (PL), Erika Kokay (PT), Julio Cesar Ribeiro (Republicanos) e professor Israel Batista (PSB). Ex-deputado e suplentes tamb\u00e9m disputam as elei\u00e7\u00f5es.<\/p>\n\n\n\n<p>A campanha teve in\u00edcio no dia 16 de agosto e o primeiro turno das elei\u00e7\u00f5es est\u00e1 marcado para 2 de outubro. Eventual segundo turno est\u00e1 previsto para dia 30 do mesmo m\u00eas.<\/p>\n\n\n\n<p><strong>Confira a lista dos candidatos a deputado federal pelo DF:<\/strong><br><a href=\"https:\/\/divulgacandcontas.tse.jus.br\/divulga\/#\/estados\/2022\/2040602022\/DF\/candidatos\">https:\/\/divulgacandcontas.tse.jus.br\/divulga\/#\/estados\/2022\/2040602022\/DF\/candidatos<\/a><\/p>\n\n\n\n<p><strong>Ren\u00fancias e indeferimentos:<\/strong><\/p>\n\n\n\n<figure class=\"wp-block-image size-large\"><img decoding=\"async\" src=\"http:\/\/claricegulyas.com.br\/wp-content\/uploads\/2022\/09\/renuncia-1024x486.png\" alt=\"\" class=\"wp-image-10741\"\/><\/figure>\n","protected":false},"excerpt":{"rendered":"<p>No Distrito Federal, 213 candidatos ao cargo de deputado federal se registram no Tribunal Superior Eleitoral (TSE) at\u00e9 o \u00faltimo dia 15, mas sete j\u00e1 renunciaram. Eles concorrem a oito vagas na C\u00e2mara dos Deputados, e deste total, quatro parlamentares buscam a reelei\u00e7\u00e3o: Bia Kicis (PL), Erika Kokay (PT), Julio Cesar Ribeiro (Republicanos) e professor [&hellip;]<\/p>\n","protected":false},"author":1,"featured_media":0,"comment_status":"open","ping_status":"open","sticky":false,"template":"","format":"standard","meta":{"footnotes":""},"categories":[],"tags":[],"class_list":["post-5792","post","type-post","status-publish","format-standard","hentry"],"_links":{"self":[{"href":"https:\/\/aguaslindasnoticias.com.br\/index.php\/wp-json\/wp\/v2\/posts\/5792","targetHints":{"allow":["GET"]}}],"collection":[{"href":"https:\/\/aguaslindasnoticias.com.br\/index.php\/wp-json\/wp\/v2\/posts"}],"about":[{"href":"https:\/\/aguaslindasnoticias.com.br\/index.php\/wp-json\/wp\/v2\/types\/post"}],"author":[{"embeddable":true,"href":"https:\/\/aguaslindasnoticias.com.br\/index.php\/wp-json\/wp\/v2\/users\/1"}],"replies":[{"embeddable":true,"href":"https:\/\/aguaslindasnoticias.com.br\/index.php\/wp-json\/wp\/v2\/comments?post=5792"}],"version-history":[{"count":0,"href":"https:\/\/aguaslindasnoticias.com.br\/index.php\/wp-json\/wp\/v2\/posts\/5792\/revisions"}],"wp:attachment":[{"href":"https:\/\/aguaslindasnoticias.com.br\/index.php\/wp-json\/wp\/v2\/media?parent=5792"}],"wp:term":[{"taxonomy":"category","embeddable":true,"href":"https:\/\/aguaslindasnoticias.com.br\/index.php\/wp-json\/wp\/v2\/categories?post=5792"},{"taxonomy":"post_tag","embeddable":true,"href":"https:\/\/aguaslindasnoticias.com.br\/index.php\/wp-json\/wp\/v2\/tags?post=5792"}],"curies":[{"name":"wp","href":"https:\/\/api.w.org\/{rel}","templated":true}]}}