{"id":5791,"date":"2023-01-04T10:15:18","date_gmt":"2023-01-04T13:15:18","guid":{"rendered":"https:\/\/aguaslindasnoticias.com.br\/index.php\/2023\/01\/04\/gino-e-geno-abre-26a-festa-do-morango-nesta-sexta-2\/"},"modified":"2023-01-04T10:15:18","modified_gmt":"2023-01-04T13:15:18","slug":"gino-e-geno-abre-26a-festa-do-morango-nesta-sexta-2","status":"publish","type":"post","link":"https:\/\/aguaslindasnoticias.com.br\/index.php\/2023\/01\/04\/gino-e-geno-abre-26a-festa-do-morango-nesta-sexta-2\/","title":{"rendered":"Gino e Geno abre 26\u00aa Festa do Morango nesta sexta, 2"},"content":{"rendered":"\n<figure class=\"wp-block-image size-large\"><img decoding=\"async\" src=\"http:\/\/claricegulyas.com.br\/wp-content\/uploads\/2022\/09\/gino-e-geno-festa-do-morango-brasilia-df-setembro-2022.jpeg\" alt=\"\" class=\"wp-image-10738\"\/><\/figure>\n\n\n\n<p><em>Evento de gastronomia, floricultura e artesanato vai at\u00e9 o dia 11, em Brazl\u00e2ndia, com atra\u00e7\u00f5es para toda a fam\u00edlia. A entrada \u00e9 gratuita<\/em><\/p>\n\n\n\n<p>Come\u00e7a nesta sexta (2\/9), \u00e0s 18h, a tradicional<strong> Festa do Morango de Bras\u00edlia<\/strong>. A 26\u00aa edi\u00e7\u00e3o traz shows de expoentes do sertanejo, como Gino e Geno, Kleo Dibah e Di Prop\u00f3sito, que se apresentar\u00e3o neste final de semana. A festa vai at\u00e9 o dia 11, com intervalos nos dias 5 e 6. Visita\u00e7\u00f5es das 10h \u00e0s 23h (s\u00e1bado e domingo) e das 18h \u00e0s 23h (quarta, quinta e sexta), na Associa\u00e7\u00e3o Rural Cultural Alexandre Gusm\u00e3o (Arcag), em Brazl\u00e2ndia (DF).<\/p>\n\n\n\n<p>Com espa\u00e7os destinados \u00e0 gastronomia, floricultura, artesanato e agricultura familiar, a Festa do Morango ajuda a escoar a produ\u00e7\u00e3o do morango do Distrito Federal por meio da venda da fruta in natura e de produtos \u00e0 base do morango, como bolos, doces, geleias e sucos.<\/p>\n\n\n\n<p>A programa\u00e7\u00e3o tamb\u00e9m inclui passeio cicl\u00edstico e atividades a serem desenvolvidas pela Empresa de Assist\u00eancia T\u00e9cnica e Extens\u00e3o Rural do DF (Emater-DF), como exposi\u00e7\u00f5es agr\u00edcolas, colheita de frutas, visita\u00e7\u00e3o dos campos org\u00e2nicos e concurso de receitas feitas com morangos. Para a crian\u00e7ada, a festa conta com brinquedoteca, fazendinha e parquinho.<\/p>\n\n\n\n<p><strong>Atra\u00e7\u00f5es musicais<\/strong><\/p>\n\n\n\n<p>Dentre as atra\u00e7\u00f5es musicais confirmadas est\u00e3o Gino e Geno, Kleo Dibah, Di Prop\u00f3sito, Rick e Renner, Israel Novaes, Dalmir Junior, Pedro Paulo e Matheus, e Diego e Victor Hugo. Artistas da cidade tamb\u00e9m subir\u00e3o ao palco ao longo dos sete dias de festa para brindar o p\u00fablico com o melhor do sertanejo e do forr\u00f3.<\/p>\n\n\n\n<p>Ao todo, participam da festa 140 artes\u00e3os, 32 floricultores, 42 produtores rurais e 12 agricultores familiares. De acordo com dados da Emater-DF, existem 351 produtores de morango no Distrito Federal. Em 2021 foram mais de 180 hectares destinados ao cultivo da hortali\u00e7a, o que resultou na produ\u00e7\u00e3o de 8 mil toneladas da fruta.<\/p>\n\n\n\n<p>A 26\u00aa Festa do Morango \u00e9 uma iniciativa do Instituto Rosa dos Ventos de Arte, Cultura e Cidadania, Arcag e Associa\u00e7\u00e3o Artise de Arte, Cultura e Acessibilidade (Artise), com o apoio do Minist\u00e9rio da Agricultura, Pecu\u00e1ria e Abastecimento, Secretaria de Turismo do DF, Secretaria de Turismo do DF, Administra\u00e7\u00e3o Regional de Brazl\u00e2ndia, Banco de Bras\u00edlia, Sicoob, Pol\u00edcia Militar e Emater-DF.<\/p>\n\n\n\n<p><strong>Programa\u00e7\u00e3o completar:<\/strong><\/p>\n\n\n\n<p><strong>2, sexta<\/strong><br>18h &#8211; Abertura oficial do evento<br>19h &#8211; Show de Lucas Ferrari<br>20h &#8211; Show de Neg\u00e3o Chandom<br>21h &#8211; Show de Guilherme Silva<br>23h &#8211; Show de Gino e Geno<\/p>\n\n\n\n<p><strong>3, s\u00e1bado<\/strong><br>Dia de Campo (Emater-DF)<br>10h &#8211; Abertura dos port\u00f5es<br>19h &#8211; Show de Bidu<br>20h &#8211; Show de Sandro e Ronaldo<br>22h &#8211; Show de Terminal Zero<br>23h30 &#8211; Show de Kleo Dibah<\/p>\n\n\n\n<p><strong>4, domingo<\/strong><br>Colha &amp; Pague do Morango (Emater-DF)<br>8h &#8211; Passeio cicl\u00edstico \/ sa\u00edda da Casa do Turismo<br>10h &#8211; Abertura dos port\u00f5es<br>19h &#8211; Show de Fuego RBD<br>20h &#8211; Show de Samba News<br>21h30 &#8211; Show de Thiago Kalazans<br>23h &#8211; Show de Di Prop\u00f3sito<\/p>\n\n\n\n<p><strong>7, quarta<\/strong><br>10h &#8211; Abertura dos port\u00f5es<br>14h &#8211; Concurso de receitas (Emater-DF)<br>19h &#8211; Show de Marcelo Duques<br>20h &#8211; Show de Mykaella Soares<br>21h &#8211; Show de Reder Matos<br>22h &#8211; Show de Higor e Bruno<br>23h30 &#8211; Show de Rick e Renner<\/p>\n\n\n\n<p><strong>8, quinta<\/strong><br>18h &#8211; Abertura dos port\u00f5es<br>19h &#8211; Show de Hellen e Henrique<br>20h &#8211; Show de Caio Henrique<br>21h &#8211; Show de Igor Mirai<br>23h &#8211; Show de Israel Novaes<\/p>\n\n\n\n<p><strong>9, sexta<\/strong><br>18h &#8211; Abertura dos port\u00f5es<br>19h &#8211; Exposi\u00e7\u00e3o agr\u00edcola (Emater-DF)<br>20h &#8211; Show de Oxente Cerrado<br>21h -Show de Forr\u00f3 Mi\u00f3<br>22h &#8211; Show de Abnego<br>23h &#8211; Show de Dalmir Junior<\/p>\n\n\n\n<p><strong>10, s\u00e1bado<\/strong><br>10h &#8211; Abertura dos port\u00f5es<br>10h &#8211; Exposi\u00e7\u00e3o agr\u00edcola (Emater-DF)<br>18h &#8211; Show de Vladevy Marreiro<br>19h &#8211; Show de Felipe Ventura<br>20h &#8211; Show de Luiz Gustavo<br>21h &#8211; Show de L\u00fapulos<br>22h &#8211; Show de Lia Almeida<br>23h30 &#8211; Show de Pedro Paulo e Matheus<\/p>\n\n\n\n<p><strong>11, domingo<\/strong><br>Colha &amp; Pague do Morango (Emater-DF)<br>10h &#8211; Abertura dos port\u00f5es<br>10h &#8211; Exposi\u00e7\u00e3o agr\u00edcola<br>19h &#8211; Show de Rony Silva<br>20h &#8211; Show de Marquinhos Cruz<br>21h &#8211; Show de Batmam Rocha<br>22h &#8211; Show de Igor Tavares<br>23h &#8211; Show de Diego e Victor Hugo<\/p>\n\n\n\n<p><br><strong>Servi\u00e7o:<\/strong><br><strong>26\u00aa Festa do Morango de Bras\u00edlia<\/strong><br>Data: 2, 3, 4, e 7, 8, 9, 10, e 11<br>Hora: 10h \u00e0s 23h (s\u00e1bado e domingo) e das 18h \u00e0s 23h (quarta, quinta e sexta)<br>Local: Associa\u00e7\u00e3o Rural Cultural Alexandre Gusm\u00e3o (Arcag)<br>Endere\u00e7o: Incra 6, BR-080, km 13, em Brazl\u00e2ndia (DF)<br>Entrada: Gratuita<br>Classifica\u00e7\u00e3o: Live<br>Informa\u00e7\u00f5es: @festadomorandodebrasilia<\/p>\n","protected":false},"excerpt":{"rendered":"<p>Evento de gastronomia, floricultura e artesanato vai at\u00e9 o dia 11, em Brazl\u00e2ndia, com atra\u00e7\u00f5es para toda a fam\u00edlia. A entrada \u00e9 gratuita Come\u00e7a nesta sexta (2\/9), \u00e0s 18h, a tradicional Festa do Morango de Bras\u00edlia. A 26\u00aa edi\u00e7\u00e3o traz shows de expoentes do sertanejo, como Gino e Geno, Kleo Dibah e Di Prop\u00f3sito, que [&hellip;]<\/p>\n","protected":false},"author":1,"featured_media":0,"comment_status":"open","ping_status":"open","sticky":false,"template":"","format":"standard","meta":{"footnotes":""},"categories":[],"tags":[],"class_list":["post-5791","post","type-post","status-publish","format-standard","hentry"],"_links":{"self":[{"href":"https:\/\/aguaslindasnoticias.com.br\/index.php\/wp-json\/wp\/v2\/posts\/5791","targetHints":{"allow":["GET"]}}],"collection":[{"href":"https:\/\/aguaslindasnoticias.com.br\/index.php\/wp-json\/wp\/v2\/posts"}],"about":[{"href":"https:\/\/aguaslindasnoticias.com.br\/index.php\/wp-json\/wp\/v2\/types\/post"}],"author":[{"embeddable":true,"href":"https:\/\/aguaslindasnoticias.com.br\/index.php\/wp-json\/wp\/v2\/users\/1"}],"replies":[{"embeddable":true,"href":"https:\/\/aguaslindasnoticias.com.br\/index.php\/wp-json\/wp\/v2\/comments?post=5791"}],"version-history":[{"count":0,"href":"https:\/\/aguaslindasnoticias.com.br\/index.php\/wp-json\/wp\/v2\/posts\/5791\/revisions"}],"wp:attachment":[{"href":"https:\/\/aguaslindasnoticias.com.br\/index.php\/wp-json\/wp\/v2\/media?parent=5791"}],"wp:term":[{"taxonomy":"category","embeddable":true,"href":"https:\/\/aguaslindasnoticias.com.br\/index.php\/wp-json\/wp\/v2\/categories?post=5791"},{"taxonomy":"post_tag","embeddable":true,"href":"https:\/\/aguaslindasnoticias.com.br\/index.php\/wp-json\/wp\/v2\/tags?post=5791"}],"curies":[{"name":"wp","href":"https:\/\/api.w.org\/{rel}","templated":true}]}}