{"id":5788,"date":"2023-01-04T10:15:18","date_gmt":"2023-01-04T13:15:18","guid":{"rendered":"https:\/\/aguaslindasnoticias.com.br\/index.php\/2023\/01\/04\/conheca-regis-machado-o-deputado-das-reformas\/"},"modified":"2023-01-04T10:15:18","modified_gmt":"2023-01-04T13:15:18","slug":"conheca-regis-machado-o-deputado-das-reformas","status":"publish","type":"post","link":"https:\/\/aguaslindasnoticias.com.br\/index.php\/2023\/01\/04\/conheca-regis-machado-o-deputado-das-reformas\/","title":{"rendered":"Conhe\u00e7a Regis Machado, o Deputado das Reformas"},"content":{"rendered":"\n<figure class=\"wp-block-image size-large\"><img decoding=\"async\" src=\"http:\/\/claricegulyas.com.br\/wp-content\/uploads\/2022\/08\/Regis-Machado-Podemos-eleicoes-deputado-federal-df-brasilia-candidato-1024x912.jpeg\" alt=\"\" class=\"wp-image-10728\"\/><\/figure>\n\n\n\n<p><em>Auditor Federal do TCU defende mandato transparente, econ\u00f4mico e independente na C\u00e2mara dos Deputados<\/em><\/p>\n\n\n\n<p><br>Conhecido por criar e participar de movimentos sociais com foco na educa\u00e7\u00e3o pol\u00edtica e conscientiza\u00e7\u00e3o cidad\u00e3, como o C\u00e2mara Mais Barata e o Mude a Pol\u00edtica,<strong> Regis Machado<\/strong> volta a disputar as elei\u00e7\u00f5es no Distrito Federal. O engenheiro e Auditor Federal do Tribunal de Contas da Uni\u00e3o (TCU) concorre a uma das oito vagas na C\u00e2mara dos Deputados pelo Podemos e tem como principais propostas reformas estruturantes para enxugar os gastos da administra\u00e7\u00e3o p\u00fablica.<\/p>\n\n\n\n<p>Casado e pai de um filho de 3 anos, o ativista pol\u00edtico quer renovar o quadro pol\u00edtico do DF, combater a corrup\u00e7\u00e3o e privil\u00e9gios e lutar pela redu\u00e7\u00e3o de impostos para a popula\u00e7\u00e3o. Como Auditor Federal do TCU, o candidato tem experi\u00eancia de sobra na fiscaliza\u00e7\u00e3o dos gastos e das pol\u00edticas p\u00fablicas, principalmente nas \u00e1reas de tecnologia, seguran\u00e7a da informa\u00e7\u00e3o e seguran\u00e7a cibern\u00e9tica.<\/p>\n\n\n\n<p>&#8220;Eu defendo um mandato mais econ\u00f4mico e independente, um governo mais eficiente, com menos impostos para o cidad\u00e3o e uma atua\u00e7\u00e3o focada nas \u00e1reas que a popula\u00e7\u00e3o considera priorit\u00e1rias: emprego, sa\u00fade, educa\u00e7\u00e3o e seguran\u00e7a. Al\u00e9m disso, minha experi\u00eancia profissional me ensinou a resolver as causas ra\u00edzes dos problemas, ao inv\u00e9s de, como se diz, ficar &#8216;enxugando gelo'&#8221;, diz.<\/p>\n\n\n\n<p><strong>Principais propostas:<\/strong><\/p>\n\n\n\n<p><strong>Nova pol\u00edtica:<\/strong> moralizar condutas e aprovar reformas estruturantes para o Brasil (tribut\u00e1ria, administrativa, pol\u00edtica, penal, etc.);<\/p>\n\n\n\n<p><strong>Efici\u00eancia administrativa:<\/strong> combater privil\u00e9gios e corrup\u00e7\u00e3o, fiscalizar o governo e aplicar tecnologia para melhorar os servi\u00e7os p\u00fablicos;<\/p>\n\n\n\n<p><strong>Redu\u00e7\u00e3o de impostos:<\/strong> simplificar e diminuir a carga tribut\u00e1ria, unificar impostos e reavaliar isen\u00e7\u00f5es fiscais;<\/p>\n\n\n\n<p><strong>Gera\u00e7\u00e3o de empregos (pequenos neg\u00f3cios):<\/strong> ampliar os limites para enquadramento fiscal, isentar impostos nos primeiros quatro anos de atividade e facilitar o acesso ao cr\u00e9dito e aos recursos do FAT;<\/p>\n\n\n\n<p><strong>Esporte e juventude:<\/strong> incluir os jovens por meio da melhoria e expans\u00e3o dos programas desportivos;<\/p>\n\n\n\n<p><strong>Foco na sa\u00fade, educa\u00e7\u00e3o e seguran\u00e7a p\u00fablica:<\/strong> \u00e1reas que a popula\u00e7\u00e3o considera priorit\u00e1rias.<\/p>\n\n\n\n<p><br><strong>Curr\u00edculo, experi\u00eancia e \u00e9tica para mudar o Brasil<br><br>Regis Machado<\/strong> \u00e9, atualmente, vice-presidente do Instituto de Fiscaliza\u00e7\u00e3o e Controle (IFC), diretor do Sindicato do Poder Legislativo Federal e do TCU (Sindilegis) e da Associa\u00e7\u00e3o da Auditoria de Controle Externo do TCU (AUDTCU) e membro da Funda\u00e7\u00e3o de Previd\u00eancia Complementar do Servidor P\u00fablico do Poder Executivo Federal (Funpresp). Tamb\u00e9m \u00e9 embaixador no DF da ONG Politize!, com foco em educa\u00e7\u00e3o pol\u00edtica e conscientiza\u00e7\u00e3o cidad\u00e3, e integra um movimento popular chamado &#8220;Frente Parlamentar Constituinte&#8221;, com n\u00facleos em todas as Regi\u00f5es Administrativas do DF, com vistas a debater uma nova constitui\u00e7\u00e3o para o Brasil e pressionar pela realiza\u00e7\u00e3o das reformas necess\u00e1rias para que o Pa\u00eds volte a crescer e gerar emprego e renda para as pessoas.<\/p>\n\n\n\n<p>Formado em Engenharia de Redes de Comunica\u00e7\u00e3o pela UnB, Regis Machado j\u00e1 cursou Ci\u00eancia da Computa\u00e7\u00e3o no CEUB e Direito na UDF. Em 2018, Regis ajudou a coletar mais de 25 mil assinaturas para protocolar o primeiro projeto de lei de iniciativa popular na C\u00e2mara Legislativa do DF (PL 2.151\/2018), com o objetivo de aumentar a efici\u00eancia e a transpar\u00eancia dos gastos e cortar privil\u00e9gios dos deputados, gerando uma economia de R$ 300 milh\u00f5es por legislatura. Nesse ano, ele obteve quase 3 mil votos ao concorrer pela primeira vez ao cargo de deputado distrital pelo extinto PRP.<\/p>\n\n\n\n<p>Em 2019, Regis Machado criou o movimento nacional Mude a Pol\u00edtica para defender o fim de regalias e privil\u00e9gios de parlamentares.<\/p>\n\n\n\n<p><strong>Para conhecer mais sobre Regis Machado, acesse o Instagram @RegisMachadoOficial ou o site<\/strong> <a href=\"http:\/\/www.regismachado.com.br\">www.regismachado.com.br<\/a><\/p>\n","protected":false},"excerpt":{"rendered":"<p>Auditor Federal do TCU defende mandato transparente, econ\u00f4mico e independente na C\u00e2mara dos Deputados Conhecido por criar e participar de movimentos sociais com foco na educa\u00e7\u00e3o pol\u00edtica e conscientiza\u00e7\u00e3o cidad\u00e3, como o C\u00e2mara Mais Barata e o Mude a Pol\u00edtica, Regis Machado volta a disputar as elei\u00e7\u00f5es no Distrito Federal. O engenheiro e Auditor Federal [&hellip;]<\/p>\n","protected":false},"author":1,"featured_media":0,"comment_status":"open","ping_status":"open","sticky":false,"template":"","format":"standard","meta":{"footnotes":""},"categories":[],"tags":[],"class_list":["post-5788","post","type-post","status-publish","format-standard","hentry"],"_links":{"self":[{"href":"https:\/\/aguaslindasnoticias.com.br\/index.php\/wp-json\/wp\/v2\/posts\/5788","targetHints":{"allow":["GET"]}}],"collection":[{"href":"https:\/\/aguaslindasnoticias.com.br\/index.php\/wp-json\/wp\/v2\/posts"}],"about":[{"href":"https:\/\/aguaslindasnoticias.com.br\/index.php\/wp-json\/wp\/v2\/types\/post"}],"author":[{"embeddable":true,"href":"https:\/\/aguaslindasnoticias.com.br\/index.php\/wp-json\/wp\/v2\/users\/1"}],"replies":[{"embeddable":true,"href":"https:\/\/aguaslindasnoticias.com.br\/index.php\/wp-json\/wp\/v2\/comments?post=5788"}],"version-history":[{"count":0,"href":"https:\/\/aguaslindasnoticias.com.br\/index.php\/wp-json\/wp\/v2\/posts\/5788\/revisions"}],"wp:attachment":[{"href":"https:\/\/aguaslindasnoticias.com.br\/index.php\/wp-json\/wp\/v2\/media?parent=5788"}],"wp:term":[{"taxonomy":"category","embeddable":true,"href":"https:\/\/aguaslindasnoticias.com.br\/index.php\/wp-json\/wp\/v2\/categories?post=5788"},{"taxonomy":"post_tag","embeddable":true,"href":"https:\/\/aguaslindasnoticias.com.br\/index.php\/wp-json\/wp\/v2\/tags?post=5788"}],"curies":[{"name":"wp","href":"https:\/\/api.w.org\/{rel}","templated":true}]}}