{"id":5786,"date":"2023-01-04T10:15:18","date_gmt":"2023-01-04T13:15:18","guid":{"rendered":"https:\/\/aguaslindasnoticias.com.br\/index.php\/2023\/01\/04\/sarau-complexo-retorna-apos-2-anos-e-em-ritmo-de-festa-agostina-em-samambaia\/"},"modified":"2023-01-04T10:15:18","modified_gmt":"2023-01-04T13:15:18","slug":"sarau-complexo-retorna-apos-2-anos-e-em-ritmo-de-festa-agostina-em-samambaia","status":"publish","type":"post","link":"https:\/\/aguaslindasnoticias.com.br\/index.php\/2023\/01\/04\/sarau-complexo-retorna-apos-2-anos-e-em-ritmo-de-festa-agostina-em-samambaia\/","title":{"rendered":"Sarau Complexo retorna ap\u00f3s 2 anos, e em ritmo de Festa Agostina, em Samambaia"},"content":{"rendered":"\n<figure class=\"wp-block-image size-large\"><img decoding=\"async\" src=\"http:\/\/claricegulyas.com.br\/wp-content\/uploads\/2022\/08\/WhatsApp-Image-2022-08-25-at-10.58.17-1024x682.jpeg\" alt=\"\" class=\"wp-image-10722\"\/><\/figure>\n\n\n\n<p>O evento vai reunir expoentes da cena cultural do Distrito Federal como Jirlene Pascoal, Daniel Pedro, Beir\u00e3o Neves, Chic\u00e3o do Forr\u00f3, Keijin do Acordeon, Quadrilha Se Bobi\u00e1 a Gente Pimba, entre outras atra\u00e7\u00f5es. Programa\u00e7\u00e3o gratuita para toda fam\u00edlia.<\/p>\n\n\n\n<p>Ap\u00f3s 2 anos sem realiza\u00e7\u00e3o por conta da Pandemia de Covid-19, o Sarau Complexo marca seu retorno presencial. O evento cultural est\u00e1 de volta em ritmo de Festa Agostina em sua 123\u00ba Edi\u00e7\u00e3o, repleto de atra\u00e7\u00f5es tem\u00e1ticas, cultura popular com direito a fogueira, pau de sebo, dan\u00e7as, comidas t\u00edpicas e sorteios. O Sarau Complexo tem apoio da Secretaria de Cultura e Economia Criativa do Distrito Federal e fomento pelo Fundo de Apoio \u00e0 Cultura (FAC-DF). A festa ser\u00e1 na pr\u00f3xima sexta-feira (26), a partir das 19h, na pra\u00e7a da quadra 114, em Samambaia Sul.<\/p>\n\n\n\n<p>Manter viva a cultura nos ambientes conviv\u00eancia da comunidade, \u00e9 o principal objetivo do Sarau Complexo que reunir\u00e1 nomes como Chic\u00e3o do Forr\u00f3 e os Brazas do Nordeste, Beir\u00e3o Neves com o show \u201cEduardo 100 M\u00f4nica\u201d, Keijin do Acordeon e o Forr\u00f3 Cerrado, com m\u00fasicas tradicionais de quadrilhas juninas, e Banda DF 130 e Thiago Henrique com apresenta\u00e7\u00f5es musicais.<\/p>\n\n\n\n<p>A cena cultural de Samambaia mobiliza autores do Distrito Federal como Reg\u00f4 Junior, Daniel Pedro e Geraldo Ramiere para promoverem seus pr\u00f3prios poemas para o p\u00fablico. Uma das estrelas da festa \u00e9 a Quadrilha de Si Bobi\u00e1 a Gente Pimba, de Samambaia que traz um espet\u00e1culo de cores e tradi\u00e7\u00f5es juninas para a comunidade, al\u00e9m dos irreverentes causos do Matuto Aivilino, personagem matuto vivido pelo artista M\u00e1ximo Mansur.<\/p>\n\n\n\n<figure class=\"wp-block-image size-large\"><img decoding=\"async\" src=\"http:\/\/claricegulyas.com.br\/wp-content\/uploads\/2022\/08\/WhatsApp-Image-2022-08-25-at-10.58.18-878x1024.jpeg\" alt=\"\" class=\"wp-image-10721\"\/><\/figure>\n\n\n\n<p>O coral Embalando Sonhos, de crian\u00e7as acolhidas pelo projeto social de Samambaia, que leva o mesmo nome, tem destaque no palco do Sarau Complexo com uma apresenta\u00e7\u00e3o in\u00e9dita. Al\u00e9m da anima\u00e7\u00e3o do palha\u00e7o Psiu com brincadeiras e sorteios para o p\u00fablico, tem teatro com a Jirlene Pascoal e apresenta\u00e7\u00e3o do Mamulengo Sem Fronteiras que cativam a aten\u00e7\u00e3o da crian\u00e7ada.<\/p>\n\n\n\n<p>Para os organizadores do Sarau Complexo, esse evento d\u00e1 vida as pra\u00e7as da Cidade. No seu Hist\u00f3rico o Sarau itinerante percorre pra\u00e7as e demais espa\u00e7os p\u00fablicos de Samambaia levando as cria\u00e7\u00f5es de artistas locais h\u00e1 mais de 12 anos. Uma grande oportunidade de ocupar espa\u00e7os, promover a cultura e estreitar os la\u00e7os de conviv\u00eancia e at\u00e9 mesmo de amizade nas comunidades que recebem o evento.<\/p>\n\n\n\n<p><strong>Servi\u00e7o<\/strong><br><strong>SARAU COMPLEXO<\/strong><br>SEXTA FEIRA 26\/08 \u00e0s 19h.<br>PRA\u00c7A DA QR 114 &#8211; Samambaia Sul<br>Entrada Franca<\/p>\n","protected":false},"excerpt":{"rendered":"<p>O evento vai reunir expoentes da cena cultural do Distrito Federal como Jirlene Pascoal, Daniel Pedro, Beir\u00e3o Neves, Chic\u00e3o do Forr\u00f3, Keijin do Acordeon, Quadrilha Se Bobi\u00e1 a Gente Pimba, entre outras atra\u00e7\u00f5es. Programa\u00e7\u00e3o gratuita para toda fam\u00edlia. Ap\u00f3s 2 anos sem realiza\u00e7\u00e3o por conta da Pandemia de Covid-19, o Sarau Complexo marca seu retorno [&hellip;]<\/p>\n","protected":false},"author":1,"featured_media":0,"comment_status":"open","ping_status":"open","sticky":false,"template":"","format":"standard","meta":{"footnotes":""},"categories":[],"tags":[],"class_list":["post-5786","post","type-post","status-publish","format-standard","hentry"],"_links":{"self":[{"href":"https:\/\/aguaslindasnoticias.com.br\/index.php\/wp-json\/wp\/v2\/posts\/5786","targetHints":{"allow":["GET"]}}],"collection":[{"href":"https:\/\/aguaslindasnoticias.com.br\/index.php\/wp-json\/wp\/v2\/posts"}],"about":[{"href":"https:\/\/aguaslindasnoticias.com.br\/index.php\/wp-json\/wp\/v2\/types\/post"}],"author":[{"embeddable":true,"href":"https:\/\/aguaslindasnoticias.com.br\/index.php\/wp-json\/wp\/v2\/users\/1"}],"replies":[{"embeddable":true,"href":"https:\/\/aguaslindasnoticias.com.br\/index.php\/wp-json\/wp\/v2\/comments?post=5786"}],"version-history":[{"count":0,"href":"https:\/\/aguaslindasnoticias.com.br\/index.php\/wp-json\/wp\/v2\/posts\/5786\/revisions"}],"wp:attachment":[{"href":"https:\/\/aguaslindasnoticias.com.br\/index.php\/wp-json\/wp\/v2\/media?parent=5786"}],"wp:term":[{"taxonomy":"category","embeddable":true,"href":"https:\/\/aguaslindasnoticias.com.br\/index.php\/wp-json\/wp\/v2\/categories?post=5786"},{"taxonomy":"post_tag","embeddable":true,"href":"https:\/\/aguaslindasnoticias.com.br\/index.php\/wp-json\/wp\/v2\/tags?post=5786"}],"curies":[{"name":"wp","href":"https:\/\/api.w.org\/{rel}","templated":true}]}}