{"id":5785,"date":"2023-01-04T10:15:18","date_gmt":"2023-01-04T13:15:18","guid":{"rendered":"https:\/\/aguaslindasnoticias.com.br\/index.php\/2023\/01\/04\/duplicacao-de-rodovia-entre-o-df-e-planaltina-de-goias-e-debatida-em-audiencia\/"},"modified":"2023-01-04T10:15:18","modified_gmt":"2023-01-04T13:15:18","slug":"duplicacao-de-rodovia-entre-o-df-e-planaltina-de-goias-e-debatida-em-audiencia","status":"publish","type":"post","link":"https:\/\/aguaslindasnoticias.com.br\/index.php\/2023\/01\/04\/duplicacao-de-rodovia-entre-o-df-e-planaltina-de-goias-e-debatida-em-audiencia\/","title":{"rendered":"Duplica\u00e7\u00e3o de rodovia entre o DF e Planaltina de Goi\u00e1s \u00e9 debatida em audi\u00eancia"},"content":{"rendered":"\n<p>Foto: Renan Lisboa (estagi\u00e1rio)\/CLDF<\/p>\n\n\n\n<figure class=\"wp-block-image size-large\"><img decoding=\"async\" src=\"http:\/\/claricegulyas.com.br\/wp-content\/uploads\/2022\/08\/duplica\u00e7\u00e3o-df-128-planaltina-deputado-joao-cardoso-distrital-df-brasilia-1024x681.jpg\" alt=\"\" class=\"wp-image-10714\"\/><\/figure>\n\n\n\n<figure class=\"wp-block-image\"><img decoding=\"async\" src=\"https:\/\/www.cl.df.gov.br\/documents\/10162\/26008594\/2211354RL+%287%29.jpg\/6b99deff-0444-f2d9-6b3d-e632a3fb27a8?t=1660943719585\" alt=\"O debate foi uma iniciativa do deputado Jo\u00e3o Cardoso, que destacou a localiza\u00e7\u00e3o da via em meio \u00e0 Esta\u00e7\u00e3o Ecol\u00f3gica \u00c1guas Emendadas\"\/><\/figure>\n\n\n\n<p>O debate foi uma iniciativa do deputado Jo\u00e3o Cardoso, que destacou a localiza\u00e7\u00e3o da via em meio \u00e0 Esta\u00e7\u00e3o Ecol\u00f3gica \u00c1guas Emendadas<\/p>\n\n\n\n<p>Apontada como solu\u00e7\u00e3o para os problemas de tr\u00e1fego na DF 128, que t\u00eam gerado acidentes, inclusive com dezenas de mortes, a duplica\u00e7\u00e3o da rodovia foi tema de audi\u00eancia p\u00fablica na C\u00e2mara Legislativa. Contando com a presen\u00e7a de vereadores de Planaltina de Goi\u00e1s, que defenderam veementemente a medida, al\u00e9m de ambientalistas e representantes do GDF, o debate foi uma iniciativa do deputado Jo\u00e3o Cardoso (Avante), que destacou a localiza\u00e7\u00e3o da via em meio \u00e0 Esta\u00e7\u00e3o Ecol\u00f3gica \u00c1guas Emendadas, uma das mais importantes reservas naturais do Distrito Federal.<\/p>\n\n\n\n<p>A ideia foi reunir o maior n\u00famero de vis\u00f5es que possam contribuir para melhorar a mobilidade entre o Distrito Federal e a cidade do Entorno. Entre as ideias, foram sugeridas a imediata coloca\u00e7\u00e3o de \u201cpardais\u201d ao longo da rodovia para evitar o excesso de velocidade, a cria\u00e7\u00e3o de um grupo de trabalho com prazo determinado para apresentar solu\u00e7\u00f5es e o deslocamento do fluxo de ve\u00edculos para a DF 205, com a constru\u00e7\u00e3o de 11 quil\u00f4metros de estrada da cidade goiana at\u00e9 o anel vi\u00e1rio.<\/p>\n\n\n\n<p>Representantes da Secretaria de Meio Ambiente do DF defenderam uma solu\u00e7\u00e3o que favore\u00e7a o deslocamento seguro dos cidad\u00e3os respeitando as quest\u00f5es do ecossistema Cerrado, que guarda importantes nascentes. Coordenador do movimento Guardi\u00e3es de \u00c1guas Emendadas, Marcelo Benini, chamou a aten\u00e7\u00e3o para problemas que podem advir da duplica\u00e7\u00e3o.<\/p>\n\n\n\n<p><img decoding=\"async\" width=\"476\" src=\"https:\/\/www.cl.df.gov.br\/documents\/10162\/26008594\/2211354RL+%2817%29.jpg\/1b569ae4-adb8-15e5-ecb7-5e4c8893e212?t=1660943719978\">Por sua vez, o professor David Duarte, presidente do Instituto Brasileiro de Seguran\u00e7a no Tr\u00e2nsito, observou que, \u201cse for encontrada uma boa solu\u00e7\u00e3o\u201d, \u00e9 poss\u00edvel que a obra seja realizada garantindo prote\u00e7\u00e3o ao meio ambiente, \u00e0 fauna e \u00e0 flora do local.&nbsp;<\/p>\n\n\n\n<p>A previs\u00e3o \u00e9 que a duplica\u00e7\u00e3o da DF 128, que tem cerca de 20 quil\u00f4metros dentro do Distrito Federal, chegue a R$ 230 milh\u00f5es.<\/p>\n\n\n\n<p>Durante a discuss\u00e3o, o deputado Jo\u00e3o Cardoso defendeu que seja encontrada uma sa\u00edda que atenda a popula\u00e7\u00e3o e os aspectos ambientais envolvidos, sem colocar em oposi\u00e7\u00e3o vida humana e natureza.<\/p>\n\n\n\n<p><strong>Marco T\u00falio Alencar &#8211; Ag\u00eancia CLDF<\/strong><\/p>\n\n\n\n<p>Assista, na \u00edntegra, aqui:<br><\/p>\n\n\n\n<figure class=\"wp-block-embed-youtube wp-block-embed is-type-video is-provider-youtube wp-embed-aspect-16-9 wp-has-aspect-ratio\"><div class=\"wp-block-embed__wrapper\">\n<iframe title=\"AUDI\u00caNCIA P\u00daBLICA 15H00 - Duplica\u00e7\u00e3o da DF-128 19\/08\/2022\" width=\"640\" height=\"360\" src=\"https:\/\/www.youtube.com\/embed\/RxK-K2fBwZE?feature=oembed\" frameborder=\"0\" allow=\"accelerometer; autoplay; clipboard-write; encrypted-media; gyroscope; picture-in-picture; web-share\" referrerpolicy=\"strict-origin-when-cross-origin\" allowfullscreen><\/iframe>\n<\/div><\/figure>\n","protected":false},"excerpt":{"rendered":"<p>Foto: Renan Lisboa (estagi\u00e1rio)\/CLDF O debate foi uma iniciativa do deputado Jo\u00e3o Cardoso, que destacou a localiza\u00e7\u00e3o da via em meio \u00e0 Esta\u00e7\u00e3o Ecol\u00f3gica \u00c1guas Emendadas Apontada como solu\u00e7\u00e3o para os problemas de tr\u00e1fego na DF 128, que t\u00eam gerado acidentes, inclusive com dezenas de mortes, a duplica\u00e7\u00e3o da rodovia foi tema de audi\u00eancia p\u00fablica [&hellip;]<\/p>\n","protected":false},"author":1,"featured_media":0,"comment_status":"open","ping_status":"open","sticky":false,"template":"","format":"standard","meta":{"footnotes":""},"categories":[],"tags":[],"class_list":["post-5785","post","type-post","status-publish","format-standard","hentry"],"_links":{"self":[{"href":"https:\/\/aguaslindasnoticias.com.br\/index.php\/wp-json\/wp\/v2\/posts\/5785","targetHints":{"allow":["GET"]}}],"collection":[{"href":"https:\/\/aguaslindasnoticias.com.br\/index.php\/wp-json\/wp\/v2\/posts"}],"about":[{"href":"https:\/\/aguaslindasnoticias.com.br\/index.php\/wp-json\/wp\/v2\/types\/post"}],"author":[{"embeddable":true,"href":"https:\/\/aguaslindasnoticias.com.br\/index.php\/wp-json\/wp\/v2\/users\/1"}],"replies":[{"embeddable":true,"href":"https:\/\/aguaslindasnoticias.com.br\/index.php\/wp-json\/wp\/v2\/comments?post=5785"}],"version-history":[{"count":0,"href":"https:\/\/aguaslindasnoticias.com.br\/index.php\/wp-json\/wp\/v2\/posts\/5785\/revisions"}],"wp:attachment":[{"href":"https:\/\/aguaslindasnoticias.com.br\/index.php\/wp-json\/wp\/v2\/media?parent=5785"}],"wp:term":[{"taxonomy":"category","embeddable":true,"href":"https:\/\/aguaslindasnoticias.com.br\/index.php\/wp-json\/wp\/v2\/categories?post=5785"},{"taxonomy":"post_tag","embeddable":true,"href":"https:\/\/aguaslindasnoticias.com.br\/index.php\/wp-json\/wp\/v2\/tags?post=5785"}],"curies":[{"name":"wp","href":"https:\/\/api.w.org\/{rel}","templated":true}]}}