{"id":5784,"date":"2023-01-04T10:15:18","date_gmt":"2023-01-04T13:15:18","guid":{"rendered":"https:\/\/aguaslindasnoticias.com.br\/index.php\/2023\/01\/04\/agora-e-lei-entra-em-vigor-lei-que-garante-aproveitamento-dos-empregados-da-ceb\/"},"modified":"2023-01-04T10:15:18","modified_gmt":"2023-01-04T13:15:18","slug":"agora-e-lei-entra-em-vigor-lei-que-garante-aproveitamento-dos-empregados-da-ceb","status":"publish","type":"post","link":"https:\/\/aguaslindasnoticias.com.br\/index.php\/2023\/01\/04\/agora-e-lei-entra-em-vigor-lei-que-garante-aproveitamento-dos-empregados-da-ceb\/","title":{"rendered":"[Agora \u00e9 Lei] Entra em vigor lei que garante aproveitamento dos empregados da CEB"},"content":{"rendered":"\n<p>Foto: Carlos Gandra\/CLDF<\/p>\n\n\n\n<figure class=\"wp-block-image\"><img decoding=\"async\" src=\"https:\/\/www.cl.df.gov.br\/documents\/10162\/25988527\/2211349CG+%28234%29.jpg\/5e10a034-6b2a-fe3b-18ba-ef6a04c2d785?t=1660077333660\" alt=\"Veto \u00e0 proposta foi derrubado pelos deputados distritais em 9 de agosto\"\/><\/figure>\n\n\n\n<figure class=\"wp-block-image size-large\"><img decoding=\"async\" src=\"http:\/\/claricegulyas.com.br\/wp-content\/uploads\/2022\/08\/ceb-1024x683.jpg\" alt=\"\" class=\"wp-image-10710\"\/><\/figure>\n\n\n\n<p>Com efeitos retroagindo a 2 de mar\u00e7o de 2021, entrou em vigor nesta sexta-feira (19) a lei 7.172\/2022, de autoria dos deputados Agaciel Maia (PL) e Rafael Prudente (MDB), que estabelece o aproveitamento dos empregados p\u00fablicos da antiga CEB Distribui\u00e7\u00e3o S.A.,&nbsp;migrados para a Neoenergia,&nbsp;na CEB Holding (ou na CEB Ilumina\u00e7\u00e3o P\u00fablica e Servi\u00e7os S.A.).&nbsp;O veto total do governador \u00e0 proposta&nbsp;<a href=\"https:\/\/www.cl.df.gov.br\/-\/derrubado-veto-do-governador-a-projeto-de-lei-que-trata-do-aproveitamento-dos-servidores-da-ceb-distribuicao\">foi derrubado pelos distritais&nbsp;<\/a>no dia 9\/8.<\/p>\n\n\n\n<p>Publicado no Di\u00e1rio oficial do DF desta sexta-feira (19), o texto autoriza a cess\u00e3o dos empregados aproveitados para os \u00f3rg\u00e3os da administra\u00e7\u00e3o direta, aut\u00e1rquica e fundacional, bem como para as empresas p\u00fablicas integrantes da administra\u00e7\u00e3o indireta do DF, exclu\u00eddos os aposentados ou com idade superior a 75 anos.<\/p>\n\n\n\n<p>Tamb\u00e9m pro\u00edbe a realiza\u00e7\u00e3o de novos concursos p\u00fablicos antes do total aproveitamento. O \u00f4nus do custeio integral dos empregados aproveitados \u00e9 do Tesouro do DF, sendo as adequa\u00e7\u00f5es or\u00e7ament\u00e1rias e financeiras realizadas pela Secretaria de Economia.<\/p>\n\n\n\n<p>A cess\u00e3o dos empregados aproveitados ser\u00e1 automaticamente suspensa, e seu contrato de trabalho com a CEB Holding (ou CEB Ilumina\u00e7\u00e3o P\u00fablica e Servi\u00e7os S.A.) ser\u00e1 rescindido no momento da aposentadoria ou quando completarem 75 anos de idade.<\/p>\n\n\n\n<p>O projeto que deu origem \u00e0 nova lei foi discutido em&nbsp;<a href=\"https:\/\/www.cl.df.gov.br\/web\/guest\/-\/aproveitamento-de-funcionarios-da-ceb-depende-de-projeto-de-lei-do-executivo\">comiss\u00e3o geral<\/a>&nbsp;e sua aprova\u00e7\u00e3o representa uma vit\u00f3ria para os funcion\u00e1rios da antiga CEB, que temiam perder o emprego ap\u00f3s a privatiza\u00e7\u00e3o da companhia.<\/p>\n\n\n\n<p>Fonte: Ag\u00eancia CLDF<\/p>\n","protected":false},"excerpt":{"rendered":"<p>Foto: Carlos Gandra\/CLDF Com efeitos retroagindo a 2 de mar\u00e7o de 2021, entrou em vigor nesta sexta-feira (19) a lei 7.172\/2022, de autoria dos deputados Agaciel Maia (PL) e Rafael Prudente (MDB), que estabelece o aproveitamento dos empregados p\u00fablicos da antiga CEB Distribui\u00e7\u00e3o S.A.,&nbsp;migrados para a Neoenergia,&nbsp;na CEB Holding (ou na CEB Ilumina\u00e7\u00e3o P\u00fablica e [&hellip;]<\/p>\n","protected":false},"author":1,"featured_media":0,"comment_status":"open","ping_status":"open","sticky":false,"template":"","format":"standard","meta":{"footnotes":""},"categories":[],"tags":[],"class_list":["post-5784","post","type-post","status-publish","format-standard","hentry"],"_links":{"self":[{"href":"https:\/\/aguaslindasnoticias.com.br\/index.php\/wp-json\/wp\/v2\/posts\/5784","targetHints":{"allow":["GET"]}}],"collection":[{"href":"https:\/\/aguaslindasnoticias.com.br\/index.php\/wp-json\/wp\/v2\/posts"}],"about":[{"href":"https:\/\/aguaslindasnoticias.com.br\/index.php\/wp-json\/wp\/v2\/types\/post"}],"author":[{"embeddable":true,"href":"https:\/\/aguaslindasnoticias.com.br\/index.php\/wp-json\/wp\/v2\/users\/1"}],"replies":[{"embeddable":true,"href":"https:\/\/aguaslindasnoticias.com.br\/index.php\/wp-json\/wp\/v2\/comments?post=5784"}],"version-history":[{"count":0,"href":"https:\/\/aguaslindasnoticias.com.br\/index.php\/wp-json\/wp\/v2\/posts\/5784\/revisions"}],"wp:attachment":[{"href":"https:\/\/aguaslindasnoticias.com.br\/index.php\/wp-json\/wp\/v2\/media?parent=5784"}],"wp:term":[{"taxonomy":"category","embeddable":true,"href":"https:\/\/aguaslindasnoticias.com.br\/index.php\/wp-json\/wp\/v2\/categories?post=5784"},{"taxonomy":"post_tag","embeddable":true,"href":"https:\/\/aguaslindasnoticias.com.br\/index.php\/wp-json\/wp\/v2\/tags?post=5784"}],"curies":[{"name":"wp","href":"https:\/\/api.w.org\/{rel}","templated":true}]}}