{"id":5780,"date":"2023-01-04T10:15:18","date_gmt":"2023-01-04T13:15:18","guid":{"rendered":"https:\/\/aguaslindasnoticias.com.br\/index.php\/2023\/01\/04\/pronunciamento-de-joao-cardoso-evidencia-questoes-da-educacao\/"},"modified":"2023-01-04T10:15:18","modified_gmt":"2023-01-04T13:15:18","slug":"pronunciamento-de-joao-cardoso-evidencia-questoes-da-educacao","status":"publish","type":"post","link":"https:\/\/aguaslindasnoticias.com.br\/index.php\/2023\/01\/04\/pronunciamento-de-joao-cardoso-evidencia-questoes-da-educacao\/","title":{"rendered":"Pronunciamento de Jo\u00e3o Cardoso evidencia quest\u00f5es da educa\u00e7\u00e3o"},"content":{"rendered":"\n<p><\/p>\n\n\n\n<p>Foto: Carlos Gandra\/CLDF<\/p>\n\n\n\n<figure class=\"wp-block-image\"><img decoding=\"async\" src=\"https:\/\/www.cl.df.gov.br\/documents\/10162\/26004064\/2211353CG+%2877%29.jpg\/479d9d97-250d-8b68-16d5-17d42e850abf?t=1660765014720\" alt=\"#\"\/><\/figure>\n\n\n\n<p>O deputado Jo\u00e3o Cardoso (Avante) subiu \u00e0 tribuna da C\u00e2mara Legislativa, nesta quarta-feira (17), para tratar de temas relacionados \u00e0 educa\u00e7\u00e3o p\u00fablica. O parlamentar relatou conversa com titulares da pasta no GDF com os quais tratou de diversos assuntos, entre eles a gest\u00e3o democr\u00e1tica das escolas. \u201cA secretaria informou que encaminhar\u00e1 \u00e0 CLDF, em breve, uma proposta para resolver a quest\u00e3o da recondu\u00e7\u00e3o ao cargo que afeta os atuais dirigentes e conselheiros\u201d, adiantou.<\/p>\n\n\n\n<p>O distrital disse tamb\u00e9m ter recebido \u201cgarantias\u201d sobre a edi\u00e7\u00e3o de uma portaria estabelecendo as atribui\u00e7\u00f5es dos servidores que foram reenquadrados na Carreira de Pol\u00edticas P\u00fablicas de Gest\u00e3o Educacional. Cardoso informou ainda que fez apelo para que a pasta promova a contrata\u00e7\u00e3o de educadores sociais, \u201cque hoje prestam servi\u00e7o volunt\u00e1rio, sem qualquer direito trabalhista\u201d.<\/p>\n\n\n\n<p><strong>Marco T\u00falio Alencar &#8211; Ag\u00eancia CLDF<\/strong><\/p>\n","protected":false},"excerpt":{"rendered":"<p>Foto: Carlos Gandra\/CLDF O deputado Jo\u00e3o Cardoso (Avante) subiu \u00e0 tribuna da C\u00e2mara Legislativa, nesta quarta-feira (17), para tratar de temas relacionados \u00e0 educa\u00e7\u00e3o p\u00fablica. O parlamentar relatou conversa com titulares da pasta no GDF com os quais tratou de diversos assuntos, entre eles a gest\u00e3o democr\u00e1tica das escolas. \u201cA secretaria informou que encaminhar\u00e1 \u00e0 [&hellip;]<\/p>\n","protected":false},"author":1,"featured_media":0,"comment_status":"open","ping_status":"open","sticky":false,"template":"","format":"standard","meta":{"footnotes":""},"categories":[],"tags":[],"class_list":["post-5780","post","type-post","status-publish","format-standard","hentry"],"_links":{"self":[{"href":"https:\/\/aguaslindasnoticias.com.br\/index.php\/wp-json\/wp\/v2\/posts\/5780","targetHints":{"allow":["GET"]}}],"collection":[{"href":"https:\/\/aguaslindasnoticias.com.br\/index.php\/wp-json\/wp\/v2\/posts"}],"about":[{"href":"https:\/\/aguaslindasnoticias.com.br\/index.php\/wp-json\/wp\/v2\/types\/post"}],"author":[{"embeddable":true,"href":"https:\/\/aguaslindasnoticias.com.br\/index.php\/wp-json\/wp\/v2\/users\/1"}],"replies":[{"embeddable":true,"href":"https:\/\/aguaslindasnoticias.com.br\/index.php\/wp-json\/wp\/v2\/comments?post=5780"}],"version-history":[{"count":0,"href":"https:\/\/aguaslindasnoticias.com.br\/index.php\/wp-json\/wp\/v2\/posts\/5780\/revisions"}],"wp:attachment":[{"href":"https:\/\/aguaslindasnoticias.com.br\/index.php\/wp-json\/wp\/v2\/media?parent=5780"}],"wp:term":[{"taxonomy":"category","embeddable":true,"href":"https:\/\/aguaslindasnoticias.com.br\/index.php\/wp-json\/wp\/v2\/categories?post=5780"},{"taxonomy":"post_tag","embeddable":true,"href":"https:\/\/aguaslindasnoticias.com.br\/index.php\/wp-json\/wp\/v2\/tags?post=5780"}],"curies":[{"name":"wp","href":"https:\/\/api.w.org\/{rel}","templated":true}]}}