{"id":5779,"date":"2023-01-04T10:15:18","date_gmt":"2023-01-04T13:15:18","guid":{"rendered":"https:\/\/aguaslindasnoticias.com.br\/index.php\/2023\/01\/04\/ceof-realiza-reuniao-publica-para-avaliacao-do-ppa-2020-2023\/"},"modified":"2023-01-04T10:15:18","modified_gmt":"2023-01-04T13:15:18","slug":"ceof-realiza-reuniao-publica-para-avaliacao-do-ppa-2020-2023","status":"publish","type":"post","link":"https:\/\/aguaslindasnoticias.com.br\/index.php\/2023\/01\/04\/ceof-realiza-reuniao-publica-para-avaliacao-do-ppa-2020-2023\/","title":{"rendered":"CEOF realiza reuni\u00e3o p\u00fablica para avalia\u00e7\u00e3o do PPA 2020-2023"},"content":{"rendered":"\n<figure class=\"wp-block-image size-large\"><img decoding=\"async\" src=\"http:\/\/claricegulyas.com.br\/wp-content\/uploads\/2022\/08\/CEOF-3-1024x576.jpg\" alt=\"\" class=\"wp-image-10693\"\/><\/figure>\n\n\n\n<p>Foto: Reprodu\u00e7\u00e3o\/TV C\u00e2mara Distrital<\/p>\n\n\n\n<figure class=\"wp-block-image\"><img decoding=\"async\" src=\"https:\/\/www.cl.df.gov.br\/documents\/10162\/25996711\/CEOF+%283%29.jpg\/f1a441c7-078d-bd3e-4245-05d8535e1fa8?t=1660594416195\" alt=\"Aproximadamente 40% dos indicadores tiveram o \u00edndice alcan\u00e7ado, 41% n\u00e3o tiveram o \u00edndice alcan\u00e7ado, 12% n\u00e3o foram apurados e 7% n\u00e3o possuem \u00edndice desejado para o exerc\u00edcio\"\/><\/figure>\n\n\n\n<p>Aproximadamente 40% dos indicadores tiveram o \u00edndice alcan\u00e7ado, 41% n\u00e3o tiveram o \u00edndice alcan\u00e7ado, 12% n\u00e3o foram apurados e 7% n\u00e3o possuem \u00edndice desejado para o exerc\u00edcio<\/p>\n\n\n\n<p>A Comiss\u00e3o de Economia, Or\u00e7amento e Finan\u00e7as (CEOF) da C\u00e2mara Legislativa do Distrito Federal realizou na tarde desta segunda-feira (15) uma reuni\u00e3o p\u00fablica remota para avalia\u00e7\u00e3o do Plano Plurianual (PPA) 2020-2023, ano base 2021. A reuni\u00e3o atendeu \u00e0 determina\u00e7\u00e3o prevista na Lei 6.490\/2020 e serviu como uma presta\u00e7\u00e3o de contas do governo \u00e0 popula\u00e7\u00e3o.&nbsp;<\/p>\n\n\n\n<p>A reuni\u00e3o foi conduzida pelo presidente da CEOF, deputado Agaciel Maia (PL). Representantes da secretaria de Economia do GDF fizeram uma apresenta\u00e7\u00e3o do PPA, que \u00e9 um instrumento de planejamento governamental de m\u00e9dio prazo.<\/p>\n\n\n\n<p>A subsecret\u00e1ria de Planejamento Governamental, Joseilda Mendes Mello, destacou que o monitoramento e a avalia\u00e7\u00e3o \u201cdemonstram os resultados da implementa\u00e7\u00e3o das pol\u00edticas p\u00fablicas e desempenho de indicadores e metas, visando conferir maior consist\u00eancia ao processo e a necessidade de se identificar a concretiza\u00e7\u00e3o das diretrizes do Planejamento Estrat\u00e9gico de Governo e das realiza\u00e7\u00f5es previstas no Plano Plurianual\u201d.<\/p>\n\n\n\n<p>No relat\u00f3rio, foram apresentados a situa\u00e7\u00e3o e a raz\u00e3o da situa\u00e7\u00e3o das 409 metas e 225 indicadores existentes no PPA, ao final de 2021, de forma consolidada, e de forma detalhada, em cada objetivo ao qual o atributo est\u00e1 vinculado.<br>&nbsp;<\/p>\n\n\n\n<figure class=\"wp-block-image\"><img decoding=\"async\" src=\"https:\/\/www.cl.df.gov.br\/documents\/10162\/25996711\/CEOF+%287%29.jpg\/1b3591ef-3e3c-6ad8-5d5a-27797adc98b2?t=1660594416898\" alt=\"\"\/><\/figure>\n\n\n\n<p>De acordo com o documento apresentado, aproximadamente 40% dos indicadores tiveram o \u00edndice alcan\u00e7ado, 41% n\u00e3o tiveram o \u00edndice alcan\u00e7ado, 12% n\u00e3o foram apurados e 7% n\u00e3o possuem \u00edndice desejado para o exerc\u00edcio. Dentre as raz\u00f5es pelas quais os indicadores n\u00e3o tiveram o \u00edndice alcan\u00e7ado est\u00e3o: or\u00e7ament\u00e1ria (1%), t\u00e9cnica (7%), administrativa (20%) e outras (67%). \u201cEsclarece-se que as dificuldades de realiza\u00e7\u00e3o decorrentes da pandemia por coronav\u00edrus foram enquadradas em \u201coutras\u201d, o que justifica o expressivo percentual\u201d, explicou a subsecret\u00e1ria.<\/p>\n\n\n\n<p>O deputado Agaciel Maia fez tamb\u00e9m um resumo da avalia\u00e7\u00e3o do PPA. Para ele, a pandemia foi a principal respons\u00e1vel por alguns \u00edndices e metas n\u00e3o terem sido alcan\u00e7ados pelo governo em 2021.<br>Tamb\u00e9m participaram da reuni\u00e3o p\u00fablica Thiago Rog\u00e9rio Conde, secret\u00e1rio Executivo de Or\u00e7amento da secretaria de Economia; Ana Carolina da Silva Ramos, coordenadora de elabora\u00e7\u00e3o e moderniza\u00e7\u00e3o de instrumentos de planejamento governamental, e Val\u00e9ria Aparecida, coordenadora de acompanhamento de programas de a\u00e7\u00e3o do governo. Os documentos utilizados durante a reuni\u00e3o p\u00fablica remota est\u00e3o dispon\u00edveis no site da C\u00e2mara Legislativa no&nbsp;<a href=\"https:\/\/www.cl.df.gov.br\/web\/guest\/audiencias-publicas1?p_p_id=br_com_seatecnologia_cldf_listagem_midia_ListagemMidiaPortlet_INSTANCE_JSxicWp2WvHR&amp;p_p_lifecycle=0&amp;p_p_state=normal&amp;p_p_mode=view&amp;_br_com_seatecnologia_cldf_listagem_midia_ListagemMidiaPortlet_INSTANCE_JSxicWp2WvHR_redirect=%2Fweb%2Fguest%2Faudiencias-publicas1%3Fp_p_id%3Dbr_com_seatecnologia_cldf_listagem_midia_ListagemMidiaPortlet_INSTANCE_JSxicWp2WvHR%26p_p_lifecycle%3D0%26p_p_state%3Dnormal%26p_p_mode%3Dview%26_br_com_seatecnologia_cldf_listagem_midia_ListagemMidiaPortlet_INSTANCE_JSxicWp2WvHR_redirect%3D%252Fweb%252Fguest%252Faudiencias-publicas1%26_br_com_seatecnologia_cldf_listagem_midia_ListagemMidiaPortlet_INSTANCE_JSxicWp2WvHR_folderId%3D25529587&amp;_br_com_seatecnologia_cldf_listagem_midia_ListagemMidiaPortlet_INSTANCE_JSxicWp2WvHR_folderId=25991818\">seguinte link<\/a>.<\/p>\n\n\n\n<p><strong>Lu\u00eds Cl\u00e1udio Alves &#8211; Ag\u00eancia CLDF<\/strong><\/p>\n","protected":false},"excerpt":{"rendered":"<p>Foto: Reprodu\u00e7\u00e3o\/TV C\u00e2mara Distrital Aproximadamente 40% dos indicadores tiveram o \u00edndice alcan\u00e7ado, 41% n\u00e3o tiveram o \u00edndice alcan\u00e7ado, 12% n\u00e3o foram apurados e 7% n\u00e3o possuem \u00edndice desejado para o exerc\u00edcio A Comiss\u00e3o de Economia, Or\u00e7amento e Finan\u00e7as (CEOF) da C\u00e2mara Legislativa do Distrito Federal realizou na tarde desta segunda-feira (15) uma reuni\u00e3o p\u00fablica remota [&hellip;]<\/p>\n","protected":false},"author":1,"featured_media":0,"comment_status":"open","ping_status":"open","sticky":false,"template":"","format":"standard","meta":{"footnotes":""},"categories":[],"tags":[],"class_list":["post-5779","post","type-post","status-publish","format-standard","hentry"],"_links":{"self":[{"href":"https:\/\/aguaslindasnoticias.com.br\/index.php\/wp-json\/wp\/v2\/posts\/5779","targetHints":{"allow":["GET"]}}],"collection":[{"href":"https:\/\/aguaslindasnoticias.com.br\/index.php\/wp-json\/wp\/v2\/posts"}],"about":[{"href":"https:\/\/aguaslindasnoticias.com.br\/index.php\/wp-json\/wp\/v2\/types\/post"}],"author":[{"embeddable":true,"href":"https:\/\/aguaslindasnoticias.com.br\/index.php\/wp-json\/wp\/v2\/users\/1"}],"replies":[{"embeddable":true,"href":"https:\/\/aguaslindasnoticias.com.br\/index.php\/wp-json\/wp\/v2\/comments?post=5779"}],"version-history":[{"count":0,"href":"https:\/\/aguaslindasnoticias.com.br\/index.php\/wp-json\/wp\/v2\/posts\/5779\/revisions"}],"wp:attachment":[{"href":"https:\/\/aguaslindasnoticias.com.br\/index.php\/wp-json\/wp\/v2\/media?parent=5779"}],"wp:term":[{"taxonomy":"category","embeddable":true,"href":"https:\/\/aguaslindasnoticias.com.br\/index.php\/wp-json\/wp\/v2\/categories?post=5779"},{"taxonomy":"post_tag","embeddable":true,"href":"https:\/\/aguaslindasnoticias.com.br\/index.php\/wp-json\/wp\/v2\/tags?post=5779"}],"curies":[{"name":"wp","href":"https:\/\/api.w.org\/{rel}","templated":true}]}}