{"id":5776,"date":"2023-01-04T10:15:10","date_gmt":"2023-01-04T13:15:10","guid":{"rendered":"https:\/\/aguaslindasnoticias.com.br\/index.php\/2023\/01\/04\/duplicacao-da-df-128-e-tema-de-audiencia-publica-na-cldf\/"},"modified":"2023-01-04T10:15:10","modified_gmt":"2023-01-04T13:15:10","slug":"duplicacao-da-df-128-e-tema-de-audiencia-publica-na-cldf","status":"publish","type":"post","link":"https:\/\/aguaslindasnoticias.com.br\/index.php\/2023\/01\/04\/duplicacao-da-df-128-e-tema-de-audiencia-publica-na-cldf\/","title":{"rendered":"Duplica\u00e7\u00e3o da DF-128 \u00e9 tema de audi\u00eancia p\u00fablica na CLDF"},"content":{"rendered":"\n<p><a href=\"http:\/\/claricegulyas.com.br\/wp-admin\/edit.php?post_type=post\"><\/a><\/p>\n\n\n\n<figure class=\"wp-block-image size-large\"><img decoding=\"async\" src=\"http:\/\/claricegulyas.com.br\/wp-content\/uploads\/2022\/08\/duplica\u00e7\u00e3o-df-128-joao-cardoso-deputado-distrital.jpeg\" alt=\"\" class=\"wp-image-10683\"\/><\/figure>\n\n\n\n<p><em>Rodovia conta apenas com uma faixa em cada sentido. Tr\u00e1fego intenso gera engarrafamentos, acidentes e mortes<\/em><\/p>\n\n\n\n<p><br>A C\u00e2mara Legislativa ir\u00e1 realizar nesta sexta (19\/8), \u00e0s 15h, audi\u00eancia p\u00fablica para debater a duplica\u00e7\u00e3o da rodovia DF-128, que liga Planaltina (DF) \u00e0 Planaltina de Goi\u00e1s. A iniciativa \u00e9 do deputado Jo\u00e3o Cardoso (Avante), tamb\u00e9m autor de abaixo-assinado que reivindica a pavimenta\u00e7\u00e3o na regi\u00e3o. O evento ser\u00e1 no audit\u00f3rio da CLDF com transmiss\u00e3o, ao vivo, pelo Youtube e pela TV Entorno Distrital, no canal aberto 9.3.<\/p>\n\n\n\n<p>Um dos fatores que condicionam a duplica\u00e7\u00e3o da DF-128 \u00e9 o levantamento de estudos ambientais pelo Instituto Bras\u00edlia Ambiental (Ibram), j\u00e1 que a rodovia est\u00e1 localizada em meio \u00e0 Esta\u00e7\u00e3o Ecol\u00f3gica \u00c1guas Emendadas, uma das mais importantes reservas naturais do Distrito Federal.<\/p>\n\n\n\n<p>&#8220;Parte da comunidade externa preocupa\u00e7\u00e3o com a duplica\u00e7\u00e3o da DF-128 em raz\u00e3o do impacto ambiental. Mas existem medidas alternativas, a exemplo da amplia\u00e7\u00e3o e melhoria da DF-205, ligando Planaltina (GO) ao DF por fora da \u00e1rea da reserva&#8221;, afirma o distrital.<\/p>\n\n\n\n<p>De acordo com Jo\u00e3o Cardoso, que \u00e9 auditor-fiscal do Ibram, \u00e9 preciso reunir opini\u00f5es para melhorar o transporte e preservar o meio ambiente. Moradores do entorno e produtores rurais poder\u00e3o ser os principais beneficiados com a duplica\u00e7\u00e3o, que tamb\u00e9m salvar\u00e1 vidas ao reduzir acidentes.<\/p>\n","protected":false},"excerpt":{"rendered":"<p>Rodovia conta apenas com uma faixa em cada sentido. Tr\u00e1fego intenso gera engarrafamentos, acidentes e mortes A C\u00e2mara Legislativa ir\u00e1 realizar nesta sexta (19\/8), \u00e0s 15h, audi\u00eancia p\u00fablica para debater a duplica\u00e7\u00e3o da rodovia DF-128, que liga Planaltina (DF) \u00e0 Planaltina de Goi\u00e1s. A iniciativa \u00e9 do deputado Jo\u00e3o Cardoso (Avante), tamb\u00e9m autor de abaixo-assinado [&hellip;]<\/p>\n","protected":false},"author":1,"featured_media":0,"comment_status":"open","ping_status":"open","sticky":false,"template":"","format":"standard","meta":{"footnotes":""},"categories":[],"tags":[],"class_list":["post-5776","post","type-post","status-publish","format-standard","hentry"],"_links":{"self":[{"href":"https:\/\/aguaslindasnoticias.com.br\/index.php\/wp-json\/wp\/v2\/posts\/5776","targetHints":{"allow":["GET"]}}],"collection":[{"href":"https:\/\/aguaslindasnoticias.com.br\/index.php\/wp-json\/wp\/v2\/posts"}],"about":[{"href":"https:\/\/aguaslindasnoticias.com.br\/index.php\/wp-json\/wp\/v2\/types\/post"}],"author":[{"embeddable":true,"href":"https:\/\/aguaslindasnoticias.com.br\/index.php\/wp-json\/wp\/v2\/users\/1"}],"replies":[{"embeddable":true,"href":"https:\/\/aguaslindasnoticias.com.br\/index.php\/wp-json\/wp\/v2\/comments?post=5776"}],"version-history":[{"count":0,"href":"https:\/\/aguaslindasnoticias.com.br\/index.php\/wp-json\/wp\/v2\/posts\/5776\/revisions"}],"wp:attachment":[{"href":"https:\/\/aguaslindasnoticias.com.br\/index.php\/wp-json\/wp\/v2\/media?parent=5776"}],"wp:term":[{"taxonomy":"category","embeddable":true,"href":"https:\/\/aguaslindasnoticias.com.br\/index.php\/wp-json\/wp\/v2\/categories?post=5776"},{"taxonomy":"post_tag","embeddable":true,"href":"https:\/\/aguaslindasnoticias.com.br\/index.php\/wp-json\/wp\/v2\/tags?post=5776"}],"curies":[{"name":"wp","href":"https:\/\/api.w.org\/{rel}","templated":true}]}}