{"id":5774,"date":"2023-01-04T10:15:10","date_gmt":"2023-01-04T13:15:10","guid":{"rendered":"https:\/\/aguaslindasnoticias.com.br\/index.php\/2023\/01\/04\/projeto-leva-musica-de-graca-as-feiras-permanentes-do-df\/"},"modified":"2023-01-04T10:15:10","modified_gmt":"2023-01-04T13:15:10","slug":"projeto-leva-musica-de-graca-as-feiras-permanentes-do-df","status":"publish","type":"post","link":"https:\/\/aguaslindasnoticias.com.br\/index.php\/2023\/01\/04\/projeto-leva-musica-de-graca-as-feiras-permanentes-do-df\/","title":{"rendered":"Projeto leva m\u00fasica de gra\u00e7a \u00e0s feiras permanentes do DF"},"content":{"rendered":"\n<figure class=\"wp-block-image size-large\"><img decoding=\"async\" src=\"http:\/\/claricegulyas.com.br\/wp-content\/uploads\/2022\/08\/musica-nas-feiras-df-1024x768.jpg\" alt=\"\" class=\"wp-image-10673\"\/><figcaption>Cr\u00e9dito: Antonio Lopes<\/figcaption><\/figure>\n\n\n\n<p><em>Espet\u00e1culos s\u00e3o simult\u00e2neos aos s\u00e1bados e domingos em Sobradinho, Sobradinho 2 e S\u00e3o Sebasti\u00e3o; Iniciativa vai at\u00e9 outubro<\/em><\/p>\n\n\n\n<p><br>Para movimentar as feiras permanentes de Sobradinho, Sobradinho 2 e S\u00e3o Sebasti\u00e3o, o projeto M\u00fasica nas Feiras brinda feirantes e visitantes com apresenta\u00e7\u00f5es musicais gratuitas de artistas da cidade. Neste final de semana, dias 13 e 14 de agosto, das 11h \u00e0s 15h, as regi\u00f5es administrativas ser\u00e3o tomadas por ritmos ecl\u00e9ticos, como sertanejo, MPB e forr\u00f3. A entrada \u00e9 gratuita e a classifica\u00e7\u00e3o livre.<\/p>\n\n\n\n<p>O projeto teve in\u00edcio em 18 de junho e tem como objetivo contribuir com o fomento cultural, forma\u00e7\u00e3o de plateia e incentivo e desenvolvimento da economia criativa. A iniciativa \u00e9 do Grupo Cultural Azulim e conta com o apoio da Secretaria de Cultura e Economia Criativa do DF. Cerca de 650 artistas ou grupos locais devem se apresentar at\u00e9 o encerramento do M\u00fasica nas Feiras, que vai at\u00e9 23 de outubro.<\/p>\n\n\n\n<p><strong>Confira a programa\u00e7\u00e3o:<\/strong><\/p>\n\n\n\n<p><strong>S\u00e1bado, 13<\/strong><br>Lico do Acordeon, Vick e Rodrigo, Kaleb e Banda (Sobradinho)<br>Bruno Dourado, Kaio Lima, Quarteto Fant\u00e1stico (Sobradinho 2)<br>Milena Cristina, Karlito Tremend\u00e3o, Banda Garotos Vip (S\u00e3o Sebasti\u00e3o)<\/p>\n\n\n\n<p><strong>Domingo, 14<\/strong><br>David Vieira, Cl\u00e1udio Firmo, Carlos Ramos Chaves (Sobradinho)<br>Netinho Manhoso, Maciel Ferraz, Boka de Sergipe (Sobradinho 2)<br>Manoel Messias, Rickael, Garotos.com (S\u00e3o Sebasti\u00e3o)<\/p>\n\n\n\n<p><strong>Servi\u00e7o:<\/strong><br><strong>2\u00aa Edi\u00e7\u00e3o do Projeto M\u00fasica nas Feiras<\/strong><br>Data: 18 de junho a 23 de outubro de 2022<br>Hora: 11h \u00e0s 15h<br>Local: Feiras permanentes de Sobradinho, Sobradinho 2 e S\u00e3o Sebasti\u00e3o<br>Acompanhe a programa\u00e7\u00e3o no Instagram do projeto @musicanasfeiras<\/p>\n","protected":false},"excerpt":{"rendered":"<p>Espet\u00e1culos s\u00e3o simult\u00e2neos aos s\u00e1bados e domingos em Sobradinho, Sobradinho 2 e S\u00e3o Sebasti\u00e3o; Iniciativa vai at\u00e9 outubro Para movimentar as feiras permanentes de Sobradinho, Sobradinho 2 e S\u00e3o Sebasti\u00e3o, o projeto M\u00fasica nas Feiras brinda feirantes e visitantes com apresenta\u00e7\u00f5es musicais gratuitas de artistas da cidade. Neste final de semana, dias 13 e 14 [&hellip;]<\/p>\n","protected":false},"author":1,"featured_media":0,"comment_status":"open","ping_status":"open","sticky":false,"template":"","format":"standard","meta":{"footnotes":""},"categories":[],"tags":[],"class_list":["post-5774","post","type-post","status-publish","format-standard","hentry"],"_links":{"self":[{"href":"https:\/\/aguaslindasnoticias.com.br\/index.php\/wp-json\/wp\/v2\/posts\/5774","targetHints":{"allow":["GET"]}}],"collection":[{"href":"https:\/\/aguaslindasnoticias.com.br\/index.php\/wp-json\/wp\/v2\/posts"}],"about":[{"href":"https:\/\/aguaslindasnoticias.com.br\/index.php\/wp-json\/wp\/v2\/types\/post"}],"author":[{"embeddable":true,"href":"https:\/\/aguaslindasnoticias.com.br\/index.php\/wp-json\/wp\/v2\/users\/1"}],"replies":[{"embeddable":true,"href":"https:\/\/aguaslindasnoticias.com.br\/index.php\/wp-json\/wp\/v2\/comments?post=5774"}],"version-history":[{"count":0,"href":"https:\/\/aguaslindasnoticias.com.br\/index.php\/wp-json\/wp\/v2\/posts\/5774\/revisions"}],"wp:attachment":[{"href":"https:\/\/aguaslindasnoticias.com.br\/index.php\/wp-json\/wp\/v2\/media?parent=5774"}],"wp:term":[{"taxonomy":"category","embeddable":true,"href":"https:\/\/aguaslindasnoticias.com.br\/index.php\/wp-json\/wp\/v2\/categories?post=5774"},{"taxonomy":"post_tag","embeddable":true,"href":"https:\/\/aguaslindasnoticias.com.br\/index.php\/wp-json\/wp\/v2\/tags?post=5774"}],"curies":[{"name":"wp","href":"https:\/\/api.w.org\/{rel}","templated":true}]}}