{"id":5771,"date":"2023-01-04T10:15:10","date_gmt":"2023-01-04T13:15:10","guid":{"rendered":"https:\/\/aguaslindasnoticias.com.br\/index.php\/2023\/01\/04\/distritais-devem-alterar-legislacao-que-proibiu-uso-de-sacolas-plasticas\/"},"modified":"2023-01-04T10:15:10","modified_gmt":"2023-01-04T13:15:10","slug":"distritais-devem-alterar-legislacao-que-proibiu-uso-de-sacolas-plasticas","status":"publish","type":"post","link":"https:\/\/aguaslindasnoticias.com.br\/index.php\/2023\/01\/04\/distritais-devem-alterar-legislacao-que-proibiu-uso-de-sacolas-plasticas\/","title":{"rendered":"Distritais devem alterar legisla\u00e7\u00e3o que proibiu uso de sacolas pl\u00e1sticas"},"content":{"rendered":"\n<p>Foto: Fernando Fraz\u00e3o\/Ag\u00eancia Brasil<\/p>\n\n\n\n<figure class=\"wp-block-image\"><img decoding=\"async\" src=\"https:\/\/www.cl.df.gov.br\/documents\/21991200\/25962602\/ffraz_150120_dsc31785590.jpg\/d68d76d0-9e89-2c4a-3130-7e19176a99f6?t=1659474012133\" alt=\"A proibi\u00e7\u00e3o entrou em vigor nessa segunda-feira (1\u00ba)\"\/><\/figure>\n\n\n\n<p>A proibi\u00e7\u00e3o entrou em vigor nessa segunda-feira (1\u00ba)<\/p>\n\n\n\n<p>Os deputados distritais devem alterar a legisla\u00e7\u00e3o que proibiu, desde ontem (1\u00ba), a utiliza\u00e7\u00e3o de sacolas pl\u00e1sticas em todo o Distrito Federal. A modifica\u00e7\u00e3o foi discutida durante a primeira sess\u00e3o ordin\u00e1ria da C\u00e2mara Legislativa depois do recesso parlamentar, nesta ter\u00e7a-feira (2). O deputado Leandro Grass (PV) anunciou que j\u00e1 protocolou um projeto de lei, a pedido dos comerciantes, alterando a vig\u00eancia da cobran\u00e7a de multas para mar\u00e7o do pr\u00f3ximo ano.<\/p>\n\n\n\n<p><img decoding=\"async\" width=\"361\" src=\"https:\/\/www.cl.df.gov.br\/documents\/10162\/25961683\/2211342CG+%2888%29.jpg\/990600d0-21e7-9fa5-4cbc-24f65f06f028?t=1659471450594\">Grass (PV), que \u00e9 autor da Lei, esclareceu que a legisla\u00e7\u00e3o aprovada foi uma sugest\u00e3o da Federa\u00e7\u00e3o do Com\u00e9rcio do DF (Fecom\u00e9rcio), setor diretamente impactado pela altera\u00e7\u00e3o. Segundo ele, o DF utiliza um bilh\u00e3o de sacolas por ano, causando grande impacto socioambiental. Para ele, faltaram&nbsp;a\u00e7\u00f5es do governo que poderiam gerar empregos com o redirecionamento&nbsp;de produtos ecologicamente corretos, desde a aprova\u00e7\u00e3o da legisla\u00e7\u00e3o, em 2019.<\/p>\n\n\n\n<p>O deputado Agaciel Maia (PL) defendeu extens\u00e3o do prazo para entrada em vigor da proibi\u00e7\u00e3o da utiliza\u00e7\u00e3o de sacolas pl\u00e1sticas por pelo menos seis meses. Segundo ele, os comerciantes contam ainda com muito estoque de sacolas e as ind\u00fastrias ainda est\u00e3o produzindo o material. Al\u00e9m disso, na opini\u00e3o do distrital, muitos consumidores ainda n\u00e3o est\u00e3o devidamente conscientizados para a mudan\u00e7a. Ele sugeriu&nbsp;a realiza\u00e7\u00e3o de campanhas informativas para preparar a popula\u00e7\u00e3o.<\/p>\n\n\n\n<p><img decoding=\"async\" width=\"361\" src=\"https:\/\/www.cl.df.gov.br\/documents\/10162\/25961683\/2211342CG+%2857%29.jpg\/04b58ea3-a4f6-3b96-25c4-fcfe4326c0fd?t=1659471449531\">J\u00e1 a deputada J\u00falia Lucy (Uni\u00e3o Brasil) salientou que foi a \u00fanica que votou contra a proibi\u00e7\u00e3o da sacola pl\u00e1stica. Segundo ela, para a produ\u00e7\u00e3o da sacola biodegrad\u00e1vel, prevista para substituir a sacola pl\u00e1stica, \u00e9 necess\u00e1ria a utiliza\u00e7\u00e3o de uma resina que s\u00f3 \u00e9 fornecida por uma \u00fanica empresa no Pa\u00eds. \u201cUma sacola biodegrad\u00e1vel custa em torno de R$ 1 e R$ 1,12. Vai encarecer a produ\u00e7\u00e3o de marmitas, por exemplo. Esse pensamento de proibir n\u00e3o resolve. O problema \u00e9 usar o pl\u00e1stico ou n\u00e3o reciclar o pl\u00e1stico?\u201d, indagou Lucy.<\/p>\n\n\n\n<p>Para a deputada, a Lei tamb\u00e9m interfere na renda de pessoas que trabalham na reciclagem de res\u00edduos, \u201cdiante de um desemprego de 15% e um empobrecimento de 20%\u201d. \u201cProibir n\u00e3o vai resolver porque vamos continuar utilizando o pl\u00e1stico nas embalagens de v\u00e1rios produtos. Temos que exigir que o governo incentive a reciclagem. Portanto, n\u00e3o \u00e9 prorroga\u00e7\u00e3o. Temos que exigir sacolas recicl\u00e1veis\u201d, concluiu.<\/p>\n\n\n\n<p><strong>Lu\u00eds Cl\u00e1udio Alves &#8211; Ag\u00eancia CLDF<\/strong><\/p>\n","protected":false},"excerpt":{"rendered":"<p>Foto: Fernando Fraz\u00e3o\/Ag\u00eancia Brasil A proibi\u00e7\u00e3o entrou em vigor nessa segunda-feira (1\u00ba) Os deputados distritais devem alterar a legisla\u00e7\u00e3o que proibiu, desde ontem (1\u00ba), a utiliza\u00e7\u00e3o de sacolas pl\u00e1sticas em todo o Distrito Federal. A modifica\u00e7\u00e3o foi discutida durante a primeira sess\u00e3o ordin\u00e1ria da C\u00e2mara Legislativa depois do recesso parlamentar, nesta ter\u00e7a-feira (2). O deputado [&hellip;]<\/p>\n","protected":false},"author":1,"featured_media":0,"comment_status":"open","ping_status":"open","sticky":false,"template":"","format":"standard","meta":{"footnotes":""},"categories":[],"tags":[],"class_list":["post-5771","post","type-post","status-publish","format-standard","hentry"],"_links":{"self":[{"href":"https:\/\/aguaslindasnoticias.com.br\/index.php\/wp-json\/wp\/v2\/posts\/5771","targetHints":{"allow":["GET"]}}],"collection":[{"href":"https:\/\/aguaslindasnoticias.com.br\/index.php\/wp-json\/wp\/v2\/posts"}],"about":[{"href":"https:\/\/aguaslindasnoticias.com.br\/index.php\/wp-json\/wp\/v2\/types\/post"}],"author":[{"embeddable":true,"href":"https:\/\/aguaslindasnoticias.com.br\/index.php\/wp-json\/wp\/v2\/users\/1"}],"replies":[{"embeddable":true,"href":"https:\/\/aguaslindasnoticias.com.br\/index.php\/wp-json\/wp\/v2\/comments?post=5771"}],"version-history":[{"count":0,"href":"https:\/\/aguaslindasnoticias.com.br\/index.php\/wp-json\/wp\/v2\/posts\/5771\/revisions"}],"wp:attachment":[{"href":"https:\/\/aguaslindasnoticias.com.br\/index.php\/wp-json\/wp\/v2\/media?parent=5771"}],"wp:term":[{"taxonomy":"category","embeddable":true,"href":"https:\/\/aguaslindasnoticias.com.br\/index.php\/wp-json\/wp\/v2\/categories?post=5771"},{"taxonomy":"post_tag","embeddable":true,"href":"https:\/\/aguaslindasnoticias.com.br\/index.php\/wp-json\/wp\/v2\/tags?post=5771"}],"curies":[{"name":"wp","href":"https:\/\/api.w.org\/{rel}","templated":true}]}}