{"id":5770,"date":"2023-01-04T10:15:10","date_gmt":"2023-01-04T13:15:10","guid":{"rendered":"https:\/\/aguaslindasnoticias.com.br\/index.php\/2023\/01\/04\/leandro-grass-defende-incentivos-a-programas-da-agricultura-familiar\/"},"modified":"2023-01-04T10:15:10","modified_gmt":"2023-01-04T13:15:10","slug":"leandro-grass-defende-incentivos-a-programas-da-agricultura-familiar","status":"publish","type":"post","link":"https:\/\/aguaslindasnoticias.com.br\/index.php\/2023\/01\/04\/leandro-grass-defende-incentivos-a-programas-da-agricultura-familiar\/","title":{"rendered":"Leandro Grass defende incentivos a programas da agricultura familiar"},"content":{"rendered":"\n<p>Foto: Valter Campanato\/ Ag\u00eancia Brasil<\/p>\n\n\n\n<figure class=\"wp-block-image\"><img decoding=\"async\" src=\"https:\/\/www.cl.df.gov.br\/documents\/21991200\/25987178\/1089294-vcapto_abr_2408172792_1.jpg\/04947972-6124-0ee4-81a1-f31d0ba126ef?t=1660075787512\" alt=\"#\"\/><\/figure>\n\n\n\n<p>O deputado Leandro Grass (PV) utilizou a tribuna na sess\u00e3o ordin\u00e1ria da C\u00e2mara Legislativa do Distrito Federal desta ter\u00e7a-feira (9) para defender pol\u00edticas p\u00fablicas e programas de incentivo \u00e0 agricultura familiar. O distrital lamentou a redu\u00e7\u00e3o de programas de apoio aos agricultores familiares verificada nos \u00faltimos meses no DF, \u201ddiminuindo o impacto positivo\u201d para o segmento.<\/p>\n\n\n\n<p><img decoding=\"async\" width=\"373\" src=\"https:\/\/www.cl.df.gov.br\/documents\/10162\/25988527\/2211349CG+%28113%29.jpg\/1305a466-3e18-4b74-fc9c-13435807297f?t=1660077330709\">\u201cQuando n\u00f3s deixamos de apoiar a agricultura familiar, toda a popula\u00e7\u00e3o sofre\u201d, salientou, acrescentando que os agricultores est\u00e3o passando por um momento de falta de apoio, incentivo e acesso ao cr\u00e9dito. Para ele, al\u00e9m da redu\u00e7\u00e3o do or\u00e7amento para programas de apoio, os agricultores sofrem tamb\u00e9m com o agravamento do problema com a distribui\u00e7\u00e3o da energia el\u00e9trica.<\/p>\n\n\n\n<p>Grass criticou ainda a falta de pol\u00edticas p\u00fablicas para a popula\u00e7\u00e3o do campo. \u201cSe n\u00e3o revertermos isso, vai faltar \u00e1gua em Bras\u00edlia, pois a agricultura familiar \u00e9 fundamental tamb\u00e9m para garantir \u00e1gua para todos\u201d, completou.<\/p>\n\n\n\n<p><strong>Lu\u00eds Cl\u00e1udio Alves &#8211; Ag\u00eancia CLDF<\/strong><\/p>\n","protected":false},"excerpt":{"rendered":"<p>Foto: Valter Campanato\/ Ag\u00eancia Brasil O deputado Leandro Grass (PV) utilizou a tribuna na sess\u00e3o ordin\u00e1ria da C\u00e2mara Legislativa do Distrito Federal desta ter\u00e7a-feira (9) para defender pol\u00edticas p\u00fablicas e programas de incentivo \u00e0 agricultura familiar. O distrital lamentou a redu\u00e7\u00e3o de programas de apoio aos agricultores familiares verificada nos \u00faltimos meses no DF, \u201ddiminuindo [&hellip;]<\/p>\n","protected":false},"author":1,"featured_media":0,"comment_status":"open","ping_status":"open","sticky":false,"template":"","format":"standard","meta":{"footnotes":""},"categories":[],"tags":[],"class_list":["post-5770","post","type-post","status-publish","format-standard","hentry"],"_links":{"self":[{"href":"https:\/\/aguaslindasnoticias.com.br\/index.php\/wp-json\/wp\/v2\/posts\/5770","targetHints":{"allow":["GET"]}}],"collection":[{"href":"https:\/\/aguaslindasnoticias.com.br\/index.php\/wp-json\/wp\/v2\/posts"}],"about":[{"href":"https:\/\/aguaslindasnoticias.com.br\/index.php\/wp-json\/wp\/v2\/types\/post"}],"author":[{"embeddable":true,"href":"https:\/\/aguaslindasnoticias.com.br\/index.php\/wp-json\/wp\/v2\/users\/1"}],"replies":[{"embeddable":true,"href":"https:\/\/aguaslindasnoticias.com.br\/index.php\/wp-json\/wp\/v2\/comments?post=5770"}],"version-history":[{"count":0,"href":"https:\/\/aguaslindasnoticias.com.br\/index.php\/wp-json\/wp\/v2\/posts\/5770\/revisions"}],"wp:attachment":[{"href":"https:\/\/aguaslindasnoticias.com.br\/index.php\/wp-json\/wp\/v2\/media?parent=5770"}],"wp:term":[{"taxonomy":"category","embeddable":true,"href":"https:\/\/aguaslindasnoticias.com.br\/index.php\/wp-json\/wp\/v2\/categories?post=5770"},{"taxonomy":"post_tag","embeddable":true,"href":"https:\/\/aguaslindasnoticias.com.br\/index.php\/wp-json\/wp\/v2\/tags?post=5770"}],"curies":[{"name":"wp","href":"https:\/\/api.w.org\/{rel}","templated":true}]}}