{"id":5769,"date":"2023-01-04T10:15:10","date_gmt":"2023-01-04T13:15:10","guid":{"rendered":"https:\/\/aguaslindasnoticias.com.br\/index.php\/2023\/01\/04\/derrubado-veto-a-pl-que-trata-do-aproveitamento-dos-servidores-da-ceb-distribuicao\/"},"modified":"2023-01-04T10:15:10","modified_gmt":"2023-01-04T13:15:10","slug":"derrubado-veto-a-pl-que-trata-do-aproveitamento-dos-servidores-da-ceb-distribuicao","status":"publish","type":"post","link":"https:\/\/aguaslindasnoticias.com.br\/index.php\/2023\/01\/04\/derrubado-veto-a-pl-que-trata-do-aproveitamento-dos-servidores-da-ceb-distribuicao\/","title":{"rendered":"Derrubado veto a PL que trata do aproveitamento dos servidores da CEB Distribui\u00e7\u00e3o"},"content":{"rendered":"\n<p>Foto: Carlos Gandra\/CLDF<\/p>\n\n\n\n<figure class=\"wp-block-image\"><img decoding=\"async\" src=\"https:\/\/www.cl.df.gov.br\/documents\/10162\/25988527\/2211349CG+%2867%29.jpg\/eead5966-a6b2-98eb-3f79-4e021064f759?t=1660077329486\" alt=\"Os servidores da CEB comemoraram a derrubada do veto na galeria do plen\u00e1rio\"\/><\/figure>\n\n\n\n<p>Os servidores da CEB comemoraram a derrubada do veto na galeria do plen\u00e1rio<\/p>\n\n\n\n<p>A C\u00e2mara Legislativa derrubou, na tarde desta ter\u00e7a-feira (9), o veto do governador Ibaneis Rocha ao projeto de lei n\u00ba 2.803\/2022, que trata do aproveitamento dos servidores concursados da antiga CEB Distribui\u00e7\u00e3o que foram transferidos para a Neoenergia ap\u00f3s a privatiza\u00e7\u00e3o da companhia e, posteriormente, dispensados pela nova empresa. O tema foi amplamente debatido em&nbsp;<a href=\"https:\/\/www.cl.df.gov.br\/web\/guest\/-\/aproveitamento-de-funcionarios-da-ceb-depende-de-projeto-de-lei-do-executivo\">audi\u00eancia p\u00fablica<\/a>&nbsp;realizada pela CLDF, em abril. O projeto havia sido aprovado no final de junho, mas foi vetado na \u00edntegra pelo governador no dia 14 de julho.<\/p>\n\n\n\n<p><img decoding=\"async\" width=\"414\" src=\"https:\/\/www.cl.df.gov.br\/documents\/10162\/25988527\/2211349CG+%282%29.jpg\/c3c9d3c2-da61-f415-86cd-8a2048b24a35?t=1660077328112\">A proposta, de autoria dos deputados Agaciel Maia (PL) e Rafael Prudente (MDB), autoriza a cess\u00e3o dos trabalhadores para \u00f3rg\u00e3os da administra\u00e7\u00e3o direta, aut\u00e1rquica e fundacional do DF, bem como para empresas p\u00fablicas integrantes da administra\u00e7\u00e3o indireta. Com a derrubada do veto, a lei dever\u00e1 ser sancionada com todos os seus artigos. \u201cEspero que desta vez o governo compreenda o desejo desta Casa de proteger os empregos dos trabalhadores\u201d, observou Arlete Sampaio (PT).<\/p>\n\n\n\n<p><img decoding=\"async\" width=\"390\" src=\"https:\/\/www.cl.df.gov.br\/documents\/10162\/25988527\/2211349CG+%28179%29.jpg\/e1eca7e4-a8bb-e9a8-1b27-55fa6f3ca179?t=1660077332160\">O presidente da C\u00e2mara Legislativa, Rafael Prudente, parabenizou os servidores e agradeceu a confian\u00e7a depositada no Poder Legislativo. \u201cEstiveram aqui in\u00fameras vezes e nunca perderam a esperan\u00e7a\u201d, elogiou. Agaciel Maia lembrou que \u201cpara se demitir algu\u00e9m \u00e9 preciso que haja uma causa, e n\u00e3o h\u00e1 nenhuma justificativa para se dispensar esses funcion\u00e1rios\u201d.<\/p>\n\n\n\n<p>Para o deputado F\u00e1bio F\u00e9lix (PSOL), a atua\u00e7\u00e3o do governador neste caso foi \u201cuma das maiores covardias contra os trabalhadores desta cidade\u201d. Chico Vigilante (PT), por sua vez, sugeriu que os trabalhadores sejam aproveitados em outras subsidi\u00e1rias da CEB que n\u00e3o foram privatizadas, de modo a contribu\u00edrem para a melhoria da ilumina\u00e7\u00e3o p\u00fablica do DF. O veto do governador recebeu 14 votos pela derrubada e um voto pela manuten\u00e7\u00e3o, da deputada J\u00falia Lucy (Uni\u00e3o Brasil).<\/p>\n\n\n\n<p><strong>Eder Wen &#8211; Ag\u00eancia CLDF<\/strong><\/p>\n","protected":false},"excerpt":{"rendered":"<p>Foto: Carlos Gandra\/CLDF Os servidores da CEB comemoraram a derrubada do veto na galeria do plen\u00e1rio A C\u00e2mara Legislativa derrubou, na tarde desta ter\u00e7a-feira (9), o veto do governador Ibaneis Rocha ao projeto de lei n\u00ba 2.803\/2022, que trata do aproveitamento dos servidores concursados da antiga CEB Distribui\u00e7\u00e3o que foram transferidos para a Neoenergia ap\u00f3s [&hellip;]<\/p>\n","protected":false},"author":1,"featured_media":0,"comment_status":"open","ping_status":"open","sticky":false,"template":"","format":"standard","meta":{"footnotes":""},"categories":[],"tags":[],"class_list":["post-5769","post","type-post","status-publish","format-standard","hentry"],"_links":{"self":[{"href":"https:\/\/aguaslindasnoticias.com.br\/index.php\/wp-json\/wp\/v2\/posts\/5769","targetHints":{"allow":["GET"]}}],"collection":[{"href":"https:\/\/aguaslindasnoticias.com.br\/index.php\/wp-json\/wp\/v2\/posts"}],"about":[{"href":"https:\/\/aguaslindasnoticias.com.br\/index.php\/wp-json\/wp\/v2\/types\/post"}],"author":[{"embeddable":true,"href":"https:\/\/aguaslindasnoticias.com.br\/index.php\/wp-json\/wp\/v2\/users\/1"}],"replies":[{"embeddable":true,"href":"https:\/\/aguaslindasnoticias.com.br\/index.php\/wp-json\/wp\/v2\/comments?post=5769"}],"version-history":[{"count":0,"href":"https:\/\/aguaslindasnoticias.com.br\/index.php\/wp-json\/wp\/v2\/posts\/5769\/revisions"}],"wp:attachment":[{"href":"https:\/\/aguaslindasnoticias.com.br\/index.php\/wp-json\/wp\/v2\/media?parent=5769"}],"wp:term":[{"taxonomy":"category","embeddable":true,"href":"https:\/\/aguaslindasnoticias.com.br\/index.php\/wp-json\/wp\/v2\/categories?post=5769"},{"taxonomy":"post_tag","embeddable":true,"href":"https:\/\/aguaslindasnoticias.com.br\/index.php\/wp-json\/wp\/v2\/tags?post=5769"}],"curies":[{"name":"wp","href":"https:\/\/api.w.org\/{rel}","templated":true}]}}