{"id":5768,"date":"2023-01-04T10:15:10","date_gmt":"2023-01-04T13:15:10","guid":{"rendered":"https:\/\/aguaslindasnoticias.com.br\/index.php\/2023\/01\/04\/derrubada-de-vetos-permitira-reestruturacao-de-carreiras-policiais\/"},"modified":"2023-01-04T10:15:10","modified_gmt":"2023-01-04T13:15:10","slug":"derrubada-de-vetos-permitira-reestruturacao-de-carreiras-policiais","status":"publish","type":"post","link":"https:\/\/aguaslindasnoticias.com.br\/index.php\/2023\/01\/04\/derrubada-de-vetos-permitira-reestruturacao-de-carreiras-policiais\/","title":{"rendered":"Derrubada de vetos permitir\u00e1 reestrutura\u00e7\u00e3o de carreiras policiais"},"content":{"rendered":"\n<p>Foto: Carlos Gandra\/CLDF<\/p>\n\n\n\n<figure class=\"wp-block-image\"><img decoding=\"async\" src=\"https:\/\/www.cl.df.gov.br\/documents\/10162\/25988527\/2211349CG+%2849%29.jpg\/c6d99fbd-c0c5-44b4-83bc-747357dee2f9?t=1660077328838\" alt=\"Os policiais civis marcaram presen\u00e7a na galeria do plen\u00e1rio\"\/><\/figure>\n\n\n\n<p>Os policiais civis marcaram presen\u00e7a na galeria do plen\u00e1rio<\/p>\n\n\n\n<p>Diversos dispositivos acrescentados por meio de emendas parlamentares ao projeto de lei n\u00ba 2.761\/2022 (diretrizes or\u00e7ament\u00e1rias do Distrito Federal para o exerc\u00edcio financeiro de 2023), que haviam sido vetados pelo governador, ser\u00e3o mantidos na LDO para o pr\u00f3ximo ano. A C\u00e2mara Legislativa rejeitou, na sess\u00e3o deliberativa desta ter\u00e7a-feira (9), os vetos parciais \u00e0 proposi\u00e7\u00e3o. Entre os principais itens est\u00e1&nbsp;a previs\u00e3o de recursos para benef\u00edcios aos policiais civis, bombeiros e policiais militares.<\/p>\n\n\n\n<p>Com a derrubada dos vetos, haver\u00e1 a possibilidade de concess\u00e3o de aux\u00edlio-moradia para os policiais civis, al\u00e9m da reestrutura\u00e7\u00e3o das carreiras dos bombeiros e PMs, assim como a regulamenta\u00e7\u00e3o do aux\u00edlio-moradia j\u00e1 existente para esses dois conjuntos de servidores. A possibilidade de assegurar os benef\u00edcios na lei, notou a deputada J\u00falia Lucy (Uni\u00e3o Brasil), decorre do reajuste no Fundo Constitucional do Distrito Federal (FCDF). \u201cEsse dinheiro que vem&nbsp;a mais permitir\u00e1 a reestrutura\u00e7\u00e3o das carreiras policiais\u201d, observou.<\/p>\n\n\n\n<p><strong>Marco T\u00falio Alencar &#8211; Ag\u00eancia CLDF<\/strong><\/p>\n","protected":false},"excerpt":{"rendered":"<p>Foto: Carlos Gandra\/CLDF Os policiais civis marcaram presen\u00e7a na galeria do plen\u00e1rio Diversos dispositivos acrescentados por meio de emendas parlamentares ao projeto de lei n\u00ba 2.761\/2022 (diretrizes or\u00e7ament\u00e1rias do Distrito Federal para o exerc\u00edcio financeiro de 2023), que haviam sido vetados pelo governador, ser\u00e3o mantidos na LDO para o pr\u00f3ximo ano. A C\u00e2mara Legislativa rejeitou, [&hellip;]<\/p>\n","protected":false},"author":1,"featured_media":0,"comment_status":"open","ping_status":"open","sticky":false,"template":"","format":"standard","meta":{"footnotes":""},"categories":[],"tags":[],"class_list":["post-5768","post","type-post","status-publish","format-standard","hentry"],"_links":{"self":[{"href":"https:\/\/aguaslindasnoticias.com.br\/index.php\/wp-json\/wp\/v2\/posts\/5768","targetHints":{"allow":["GET"]}}],"collection":[{"href":"https:\/\/aguaslindasnoticias.com.br\/index.php\/wp-json\/wp\/v2\/posts"}],"about":[{"href":"https:\/\/aguaslindasnoticias.com.br\/index.php\/wp-json\/wp\/v2\/types\/post"}],"author":[{"embeddable":true,"href":"https:\/\/aguaslindasnoticias.com.br\/index.php\/wp-json\/wp\/v2\/users\/1"}],"replies":[{"embeddable":true,"href":"https:\/\/aguaslindasnoticias.com.br\/index.php\/wp-json\/wp\/v2\/comments?post=5768"}],"version-history":[{"count":0,"href":"https:\/\/aguaslindasnoticias.com.br\/index.php\/wp-json\/wp\/v2\/posts\/5768\/revisions"}],"wp:attachment":[{"href":"https:\/\/aguaslindasnoticias.com.br\/index.php\/wp-json\/wp\/v2\/media?parent=5768"}],"wp:term":[{"taxonomy":"category","embeddable":true,"href":"https:\/\/aguaslindasnoticias.com.br\/index.php\/wp-json\/wp\/v2\/categories?post=5768"},{"taxonomy":"post_tag","embeddable":true,"href":"https:\/\/aguaslindasnoticias.com.br\/index.php\/wp-json\/wp\/v2\/tags?post=5768"}],"curies":[{"name":"wp","href":"https:\/\/api.w.org\/{rel}","templated":true}]}}