{"id":5766,"date":"2023-01-04T10:15:10","date_gmt":"2023-01-04T13:15:10","guid":{"rendered":"https:\/\/aguaslindasnoticias.com.br\/index.php\/2023\/01\/04\/elba-ramalho-e-naiara-azevedo-fecham-2a-feira-da-uva\/"},"modified":"2023-01-04T10:15:10","modified_gmt":"2023-01-04T13:15:10","slug":"elba-ramalho-e-naiara-azevedo-fecham-2a-feira-da-uva","status":"publish","type":"post","link":"https:\/\/aguaslindasnoticias.com.br\/index.php\/2023\/01\/04\/elba-ramalho-e-naiara-azevedo-fecham-2a-feira-da-uva\/","title":{"rendered":"Elba Ramalho e Naiara Azevedo fecham 2\u00aa Feira da Uva"},"content":{"rendered":"\n<figure class=\"wp-block-image size-large\"><img decoding=\"async\" src=\"http:\/\/claricegulyas.com.br\/wp-content\/uploads\/2022\/08\/Naiara-Azevedo-reproducao-redes-sociais-1024x879.jpeg\" alt=\"\" class=\"wp-image-10645\"\/><figcaption>Naiara Azevedo &#8211; reproducao redes sociais<\/figcaption><\/figure>\n\n\n\n<p><em>Mais de 100 mil pessoas passaram pelo evento desde o dia 29, em Planaltina (DF). A entrada \u00e9 gratuita<\/em><\/p>\n\n\n\n<p><br>A<strong> 2\u00aa edi\u00e7\u00e3o da Feira da Uva e do Vinho<\/strong> chega \u00e0 sua reta final neste final de semana, dias 5, 6 e 7 de agosto. O evento ser\u00e1 encerrado com shows de Cleiton &amp; Camargo (sexta), Elba Ramalho (s\u00e1bado) e Naiara Azevedo (domingo). A festa mescla gastronomia, artesanato e floricultura no Parque de Exposi\u00e7\u00e3o de Planaltina (DF). Visita\u00e7\u00f5es \u00e0s 17h (sexta) e \u00e0s 9h (s\u00e1bado e domingo), com apresenta\u00e7\u00f5es musicais \u00e0s 22h. A entrada \u00e9 gratuita.<\/p>\n\n\n\n<p>Frutas, sucos, vinhos, geleias, queijos e frios est\u00e3o entre os principais produtos comercializados no evento, com espa\u00e7os dedicados \u00e0 crian\u00e7ada, como fazendinha e brinquedoteca. Desde o dia 29 de julho, a feira reuniu mais de 100 mil visitantes. O objetivo \u00e9 promover o enoturismo em \u00e2mbito nacional, integrando apreciadores da bebida, empreendedores e produtores locais.<\/p>\n\n\n\n<p>A 2\u00aa da Feira da Uva e do Vinho \u00e9 uma iniciativa da Associa\u00e7\u00e3o Cresce DF e conta com o apoio da Secretaria de Turismo; Secretaria de Agricultura, Abastecimento e Desenvolvimento Rural; Administra\u00e7\u00e3o Regional de Planaltina, Minist\u00e9rio da Agricultura, Pecu\u00e1ria e Abastecimento; Emater, BRB, Sicoob Credi Brasilia, La Priori \u00c1gua Mineral Natural, Uni\u00e3o Home Center, i 10 Telecom e Associa\u00e7\u00e3o Brasileira de Sommeliers do DF (ABS-DF).<\/p>\n\n\n\n<p><br><strong>Servi\u00e7o:<\/strong><br><strong>2\u00aa Feira da Uva e do Vinho<\/strong><br>Data: 5, 6 e 7 de agosto de 2022<br>Hora: Sexta, \u00e0s 17h; s\u00e1bado e domingo, \u00e0s 9h<br>Local: Emp\u00f3rio Casa da Uva \u2013 Planaltina (DF)<br>Realiza\u00e7\u00e3o: Associa\u00e7\u00e3o Cresce-DF<br>Entrada: Gratuita<br>Classifica\u00e7\u00e3o: Livre<br>Informa\u00e7\u00f5es: (61) 98424-8537<br>Instagram: @feiradauvadebsb<\/p>\n","protected":false},"excerpt":{"rendered":"<p>Mais de 100 mil pessoas passaram pelo evento desde o dia 29, em Planaltina (DF). A entrada \u00e9 gratuita A 2\u00aa edi\u00e7\u00e3o da Feira da Uva e do Vinho chega \u00e0 sua reta final neste final de semana, dias 5, 6 e 7 de agosto. O evento ser\u00e1 encerrado com shows de Cleiton &amp; Camargo [&hellip;]<\/p>\n","protected":false},"author":1,"featured_media":0,"comment_status":"open","ping_status":"open","sticky":false,"template":"","format":"standard","meta":{"footnotes":""},"categories":[],"tags":[],"class_list":["post-5766","post","type-post","status-publish","format-standard","hentry"],"_links":{"self":[{"href":"https:\/\/aguaslindasnoticias.com.br\/index.php\/wp-json\/wp\/v2\/posts\/5766","targetHints":{"allow":["GET"]}}],"collection":[{"href":"https:\/\/aguaslindasnoticias.com.br\/index.php\/wp-json\/wp\/v2\/posts"}],"about":[{"href":"https:\/\/aguaslindasnoticias.com.br\/index.php\/wp-json\/wp\/v2\/types\/post"}],"author":[{"embeddable":true,"href":"https:\/\/aguaslindasnoticias.com.br\/index.php\/wp-json\/wp\/v2\/users\/1"}],"replies":[{"embeddable":true,"href":"https:\/\/aguaslindasnoticias.com.br\/index.php\/wp-json\/wp\/v2\/comments?post=5766"}],"version-history":[{"count":0,"href":"https:\/\/aguaslindasnoticias.com.br\/index.php\/wp-json\/wp\/v2\/posts\/5766\/revisions"}],"wp:attachment":[{"href":"https:\/\/aguaslindasnoticias.com.br\/index.php\/wp-json\/wp\/v2\/media?parent=5766"}],"wp:term":[{"taxonomy":"category","embeddable":true,"href":"https:\/\/aguaslindasnoticias.com.br\/index.php\/wp-json\/wp\/v2\/categories?post=5766"},{"taxonomy":"post_tag","embeddable":true,"href":"https:\/\/aguaslindasnoticias.com.br\/index.php\/wp-json\/wp\/v2\/tags?post=5766"}],"curies":[{"name":"wp","href":"https:\/\/api.w.org\/{rel}","templated":true}]}}