{"id":5765,"date":"2023-01-04T10:15:10","date_gmt":"2023-01-04T13:15:10","guid":{"rendered":"https:\/\/aguaslindasnoticias.com.br\/index.php\/2023\/01\/04\/arraia-chapeu-de-palha-agita-o-gama-neste-final-de-semana\/"},"modified":"2023-01-04T10:15:10","modified_gmt":"2023-01-04T13:15:10","slug":"arraia-chapeu-de-palha-agita-o-gama-neste-final-de-semana","status":"publish","type":"post","link":"https:\/\/aguaslindasnoticias.com.br\/index.php\/2023\/01\/04\/arraia-chapeu-de-palha-agita-o-gama-neste-final-de-semana\/","title":{"rendered":"Arrai\u00e1 Chap\u00e9u de Palha agita o Gama neste final de semana"},"content":{"rendered":"\n<figure class=\"wp-block-image size-large\"><img decoding=\"async\" src=\"http:\/\/claricegulyas.com.br\/wp-content\/uploads\/2022\/08\/flyer-819x1024.jpeg\" alt=\"\" class=\"wp-image-10639\"\/><\/figure>\n\n\n\n<p><em>Evento contar\u00e1 com shows de artistas locais, exposi\u00e7\u00f5es e apresenta\u00e7\u00f5es de quadrilhas juninas. A entrada \u00e9 gratuita<\/em><\/p>\n\n\n\n<p>O Gama recebe neste final de semana o <strong>Arrai\u00e1 Chap\u00e9u de Palha<\/strong>, com o 1\u00ba Concurso de Quadrilhas Juninas Amadoras. O evento ser\u00e1 realizado nos dias 5, 6 e 7 de agosto, \u00e0s 18h, no est\u00e1dio Bezerr\u00e3o. A programa\u00e7\u00e3o inclui comidas tipicas, exposi\u00e7\u00f5es de artesanato, shows locais e parque de divers\u00f5es. A entrada \u00e9 franca e a classifica\u00e7\u00e3o livre.<\/p>\n\n\n\n<p>A festa tem como atra\u00e7\u00f5es musicais os cantores Nego Rainner e Karol Felix, e os grupos Pancad\u00e3o de Luxo, S\u00f3 Pra Xamegar, Encosta Neu e Forr\u00f3 com Site. Dentre as quadrilhas juninas inscritas no concurso est\u00e3o Thu Tha Cha, Pau Melado, Segue o Fogo, Xuva de Prata, Chamego Bom, Tico Tico de \u00c1guas Lindas (GO), Oxente Vixe, Num S\u00f3 Piscar, Eita Lasquera e Fura\u00e7\u00e3o.<\/p>\n\n\n\n<p>O evento \u00e9 realizado pelo Instituto Social e Cultural Luarte e conta com o apoio da Secretaria de Turismo do Distrito Federal e da Administra\u00e7\u00e3o Regional do Gama. O objetivo da iniciativa \u00e9 fomentar o turismo atrav\u00e9s da cultura popular e local.<\/p>\n\n\n\n<p><strong>Programa\u00e7\u00e3o:<\/strong><\/p>\n\n\n\n<p><strong>Sexta, 5<\/strong><br>18h &#8211; Abertura com DJ e exposi\u00e7\u00f5es nas tendas do Artesanato de Bras\u00edlia e das Mulheres Empreendedoras do Gama<br>19h30 &#8211; Apresenta\u00e7\u00e3o da quadrilha Chap\u00e9u de Palha<br>20h &#8211; DJ residente<br>20h30 &#8211; Banda Forr\u00f3 com Site<br>23h &#8211; Banda Encosta Neu<br>1h &#8211; DJ residente<\/p>\n\n\n\n<p><strong>S\u00e1bado, 6<\/strong><br>18h &#8211; Abertura dos port\u00f5es, show com DJ e exposi\u00e7\u00e3o nas tendas do Artesanato de Bras\u00edlia e das Mulheres Empreendedoras do Gama<br>19h &#8211; Apresenta\u00e7\u00e3o da quadrilha Thu Tha Cha<br>19h30 &#8211; Apresenta\u00e7\u00e3o da quadrilha Pau Melado<br>20h &#8211; Apresenta\u00e7\u00e3o da quadrilha Segue o Fogo<br>20h30- Apresenta\u00e7\u00e3o da quadrilha Xuva de Prata<br>21h &#8211; Apresenta\u00e7\u00e3o da quadrilha Chamego Bom<br>21h30 &#8211; Apresenta\u00e7\u00e3o da quadrilha Tico Tico de \u00c1guas Lindas (GO)<br>22h \u2013 Banda Pancad\u00e3o de Luxo<br>23h30 \u2013 Banda S\u00f3 Pra Xamegar<br>1h30 &#8211; DJ residente<\/p>\n\n\n\n<p><strong>Domingo, 7<\/strong><br>18h &#8211; Abertura dos port\u00f5es, show da cantora Karol Felix e exposi\u00e7\u00e3o nas tendas do Artesanato de Bras\u00edlia e das Mulheres Empreendedoras do Gama (durante todo evento).<br>19h &#8211; Apresenta\u00e7\u00e3o da quadrilha Oxente Vixe<br>19h30 &#8211; Apresenta\u00e7\u00e3o da quadrilha Num S\u00f3 Piscar<br>20h- Apresenta\u00e7\u00e3o da quadrilha Eita Lasquera<br>20h30 &#8211; Apresenta\u00e7\u00e3o da quadrilha Segue o Fogo<br>21h &#8211; Apresenta\u00e7\u00e3o da quadrilha Fura\u00e7\u00e3o<br>21h30 &#8211; Apresenta\u00e7\u00e3o da quadrilha Chamego Bom<br>22h &#8211; Apresenta\u00e7\u00e3o da quadrilha Chap\u00e9u de Palha<br>22h30 \u2013 Resultado do Concurso das Quadrilhas<br>22h45 &#8211; Nego Rainner<br>1h &#8211; Encerramento do evento.<\/p>\n\n\n\n<p><strong>Servi\u00e7o:<\/strong><br><strong>Arrai\u00e1 Chap\u00e9u de Palha<\/strong><br>Data: 5, 6 e 7 de agosto de 2022<br>Hora: 18h<br>Local: Estacionamento do Est\u00e1dio Bezerr\u00e3o (Gama)<br>Realiza\u00e7\u00e3o: Instituto Social e Cultural Luarte<br>Apoio: Secretaria de Turismo do DF e Administracao Regional do Gama<br>Informa\u00e7\u00f5es: (61) 99163-3765<br>Entrada: Franca<br>Classifica\u00e7\u00e3o: Livre<\/p>\n","protected":false},"excerpt":{"rendered":"<p>Evento contar\u00e1 com shows de artistas locais, exposi\u00e7\u00f5es e apresenta\u00e7\u00f5es de quadrilhas juninas. A entrada \u00e9 gratuita O Gama recebe neste final de semana o Arrai\u00e1 Chap\u00e9u de Palha, com o 1\u00ba Concurso de Quadrilhas Juninas Amadoras. O evento ser\u00e1 realizado nos dias 5, 6 e 7 de agosto, \u00e0s 18h, no est\u00e1dio Bezerr\u00e3o. A [&hellip;]<\/p>\n","protected":false},"author":1,"featured_media":0,"comment_status":"open","ping_status":"open","sticky":false,"template":"","format":"standard","meta":{"footnotes":""},"categories":[],"tags":[],"class_list":["post-5765","post","type-post","status-publish","format-standard","hentry"],"_links":{"self":[{"href":"https:\/\/aguaslindasnoticias.com.br\/index.php\/wp-json\/wp\/v2\/posts\/5765","targetHints":{"allow":["GET"]}}],"collection":[{"href":"https:\/\/aguaslindasnoticias.com.br\/index.php\/wp-json\/wp\/v2\/posts"}],"about":[{"href":"https:\/\/aguaslindasnoticias.com.br\/index.php\/wp-json\/wp\/v2\/types\/post"}],"author":[{"embeddable":true,"href":"https:\/\/aguaslindasnoticias.com.br\/index.php\/wp-json\/wp\/v2\/users\/1"}],"replies":[{"embeddable":true,"href":"https:\/\/aguaslindasnoticias.com.br\/index.php\/wp-json\/wp\/v2\/comments?post=5765"}],"version-history":[{"count":0,"href":"https:\/\/aguaslindasnoticias.com.br\/index.php\/wp-json\/wp\/v2\/posts\/5765\/revisions"}],"wp:attachment":[{"href":"https:\/\/aguaslindasnoticias.com.br\/index.php\/wp-json\/wp\/v2\/media?parent=5765"}],"wp:term":[{"taxonomy":"category","embeddable":true,"href":"https:\/\/aguaslindasnoticias.com.br\/index.php\/wp-json\/wp\/v2\/categories?post=5765"},{"taxonomy":"post_tag","embeddable":true,"href":"https:\/\/aguaslindasnoticias.com.br\/index.php\/wp-json\/wp\/v2\/tags?post=5765"}],"curies":[{"name":"wp","href":"https:\/\/api.w.org\/{rel}","templated":true}]}}