{"id":5762,"date":"2023-01-04T10:15:10","date_gmt":"2023-01-04T13:15:10","guid":{"rendered":"https:\/\/aguaslindasnoticias.com.br\/index.php\/2023\/01\/04\/avante-confirma-juliana-porcaro-saboia-para-concorrer-a-camara-legislativa\/"},"modified":"2023-01-04T10:15:10","modified_gmt":"2023-01-04T13:15:10","slug":"avante-confirma-juliana-porcaro-saboia-para-concorrer-a-camara-legislativa","status":"publish","type":"post","link":"https:\/\/aguaslindasnoticias.com.br\/index.php\/2023\/01\/04\/avante-confirma-juliana-porcaro-saboia-para-concorrer-a-camara-legislativa\/","title":{"rendered":"Avante confirma Juliana Porcaro Saboia para concorrer \u00e0 C\u00e2mara Legislativa"},"content":{"rendered":"\n<figure class=\"wp-block-image size-large\"><img decoding=\"async\" src=\"http:\/\/claricegulyas.com.br\/wp-content\/uploads\/2022\/07\/juliana-porcaro-saboia-foto-candidata-distrital-avante-eleicoes-bolsonaro-direita.png\" alt=\"\" class=\"wp-image-10679\"\/><\/figure>\n\n\n\n<p><em>Conselheira do CNPCP, militante de direita ficou conhecida por defender a classe dos advogados e o fim do uso politico da OAB contra Bolsonaro<\/em><br>\u00a0<br>O Avante acaba de confirmar a candidatura da advogada bolsonarista <strong>Juliana Porcaro Saboia<\/strong> para a C\u00e2mara Legislativa. O an\u00fancio foi feito nesta segunda (25\/7), durante conven\u00e7\u00e3o, no Clube da Sa\u00fade. O evento contou com a presen\u00e7a do vice-governador do DF e presidente do partido Paco Britto e do ex-governador Arruda.<br>\u00a0<br>Na ocasi\u00e3o, a advogada e agora candidata ao legislativo local defendeu o porte de armas e a sua import\u00e2ncia no combate \u00e0 viol\u00eancia contra a mulher, bem como mais valoriza\u00e7\u00e3o aos advogados do DF. Ao concorrer pela primeira vez, ela conta por que resolveu aceitar o convite do partido.<br>\u00a0<br>&#8220;Eu sempre procurei estar a frente de iniciativas para propor solu\u00e7\u00f5es inovadoras e tentar retribuir \u00e0 sociedade. Deixar de se envolver com a pol\u00edtica acaba contribuindo para que ela deixe de evoluir, e n\u00e3o poderemos reclamar de nossos representantes&#8221;, afirma.<br>\u00a0<br><strong>Estreia nas elei\u00e7\u00f5es<\/strong><br>\u00a0<br>Amiga da deputada federal Bia Kicis (PL), Juliana Porcaro Saboia atraiu o interesse de partidos pol\u00edticos ao repercutir nacionalmente por pedir o afastamento de Felipe Santa Cruz da presid\u00eancia da Ordem dos Advogados do Brasil (OAB) por uso indevido do cargo para atacar o presidente Jair Messias Bolsonaro, al\u00e9m de defender a ideologia de esquerda.<br>\u00a0<br>A criminalista, ex-Conselheira da OAB\/DF, e membro do Conselho Nacional de Pol\u00edtica Criminal e Penitenci\u00e1ria (CNPCP) tem como principais bandeiras a defesa do porte de arma de fogo e a investiga\u00e7\u00e3o defensiva para advogados.<br>\u00a0<br>&#8220;A advocacia est\u00e1 bem desmoralizada. Temos um Conselho Federal que, em vez de cuidar da classe dos advogados, tem cuidado da pol\u00edtica nacional, sempre em oposi\u00e7\u00e3o ao presidente eleito Jair Bolsonaro. Ent\u00e3o, dessa forma, representei v\u00e1rias vezes no Conselho Federal e na Seccional do DF para que volt\u00e1ssemos a zelar pelos nossos interesses.&#8221;, explica a candidata a distrital.<br>\u00a0<br><strong>Biografia<\/strong><br>\u00a0<br>Nascida em Manhua\u00e7u, interior de Minas Gerais, Juliana chegou a Bras\u00edlia ainda aos 6 anos, na d\u00e9cada de 1980. Na capital, atua h\u00e1 25 anos como advogada, administradora, microempres\u00e1ria e professora universit\u00e1ria. Casada com o tamb\u00e9m advogado Luiz Freitas Pires de Saboia e m\u00e3e de Carolina (16), a moradora do Jardim Bot\u00e2nico foi respons\u00e1vel pela a\u00e7\u00e3o judicial que corrigiu a falha da curva de acesso \u00e0 Ponte JK que, quando inaugurada, causou diversas mortes e acidentes at\u00e9 2010.<br>\u00a0<br>&#8220;Eu sempre me envolvi com a pol\u00edtica da OAB e participei ativamente de v\u00e1rias elei\u00e7\u00f5es da entidade. Fui Conselheira da OAB\/DF at\u00e9 o ano passado e estou no meu segundo mandato como Conselheira do CNPCP. Desta forma, tenho lutado pela investiga\u00e7\u00e3o defensiva dos advogados, a qual sempre utilizei na pr\u00e1tica; e o direito ao porte de armas, principalmente, para as mulheres.&#8221;, comenta.<\/p>\n","protected":false},"excerpt":{"rendered":"<p>Conselheira do CNPCP, militante de direita ficou conhecida por defender a classe dos advogados e o fim do uso politico da OAB contra Bolsonaro\u00a0O Avante acaba de confirmar a candidatura da advogada bolsonarista Juliana Porcaro Saboia para a C\u00e2mara Legislativa. O an\u00fancio foi feito nesta segunda (25\/7), durante conven\u00e7\u00e3o, no Clube da Sa\u00fade. O evento [&hellip;]<\/p>\n","protected":false},"author":1,"featured_media":0,"comment_status":"open","ping_status":"open","sticky":false,"template":"","format":"standard","meta":{"footnotes":""},"categories":[],"tags":[],"class_list":["post-5762","post","type-post","status-publish","format-standard","hentry"],"_links":{"self":[{"href":"https:\/\/aguaslindasnoticias.com.br\/index.php\/wp-json\/wp\/v2\/posts\/5762","targetHints":{"allow":["GET"]}}],"collection":[{"href":"https:\/\/aguaslindasnoticias.com.br\/index.php\/wp-json\/wp\/v2\/posts"}],"about":[{"href":"https:\/\/aguaslindasnoticias.com.br\/index.php\/wp-json\/wp\/v2\/types\/post"}],"author":[{"embeddable":true,"href":"https:\/\/aguaslindasnoticias.com.br\/index.php\/wp-json\/wp\/v2\/users\/1"}],"replies":[{"embeddable":true,"href":"https:\/\/aguaslindasnoticias.com.br\/index.php\/wp-json\/wp\/v2\/comments?post=5762"}],"version-history":[{"count":0,"href":"https:\/\/aguaslindasnoticias.com.br\/index.php\/wp-json\/wp\/v2\/posts\/5762\/revisions"}],"wp:attachment":[{"href":"https:\/\/aguaslindasnoticias.com.br\/index.php\/wp-json\/wp\/v2\/media?parent=5762"}],"wp:term":[{"taxonomy":"category","embeddable":true,"href":"https:\/\/aguaslindasnoticias.com.br\/index.php\/wp-json\/wp\/v2\/categories?post=5762"},{"taxonomy":"post_tag","embeddable":true,"href":"https:\/\/aguaslindasnoticias.com.br\/index.php\/wp-json\/wp\/v2\/tags?post=5762"}],"curies":[{"name":"wp","href":"https:\/\/api.w.org\/{rel}","templated":true}]}}