{"id":5761,"date":"2023-01-04T10:15:10","date_gmt":"2023-01-04T13:15:10","guid":{"rendered":"https:\/\/aguaslindasnoticias.com.br\/index.php\/2023\/01\/04\/deputado-luis-miranda-e-indicado-ao-premio-congresso-em-foco\/"},"modified":"2023-01-04T10:15:10","modified_gmt":"2023-01-04T13:15:10","slug":"deputado-luis-miranda-e-indicado-ao-premio-congresso-em-foco","status":"publish","type":"post","link":"https:\/\/aguaslindasnoticias.com.br\/index.php\/2023\/01\/04\/deputado-luis-miranda-e-indicado-ao-premio-congresso-em-foco\/","title":{"rendered":"Deputado Luis Miranda \u00e9 indicado ao Pr\u00eamio Congresso em Foco"},"content":{"rendered":"\n<p>O deputado federal Luis Miranda (Republicanos) foi indicado novamente \u00e0 premia\u00e7\u00e3o que elege os melhores parlamentares do Congresso Nacional. Este ano, o parlamentar concorre a duas categorias: Melhores na C\u00e2mara e a Defesa da Liberdade no Transporte.<\/p>\n\n\n\n<p>Sua indica\u00e7\u00e3o \u00e9 reflexo do bom trabalho que vem desempenhando desde 2019. At\u00e9 o momento, o deputado federal apresentou 1008 propostas legislativas, 210 propostas relatadas e 85 preposi\u00e7\u00f5es aprovadas.<\/p>\n\n\n\n<p>Al\u00e9m disso, ele economizou ao recusar o aux\u00edlio moradia, no valor de R$ 6 mil mensais. Desde que iniciou o mandato, Miranda n\u00e3o faltou uma vez sequer.<\/p>\n\n\n\n<p>Miranda \u00e9 tamb\u00e9m autor da PEC 128\/2019, umas das principais tem\u00e1ticas debatidas atualmente no Congresso Nacional, relacionada \u00e0 reforma tribut\u00e1ria.<\/p>\n\n\n\n<p>Neste ano, o Pr\u00eamio Congresso em Foco vem com novidade. Pela primeira vez, vai distinguir os parlamentares que mais se destacaram ao longo do ano na Defesa da Liberdade no Transporte.<\/p>\n\n\n\n<p>O pr\u00eamio ser\u00e1 entregue pela 15\u00aa vez com o mesmo objetivo de sempre: valoriza\u00e7\u00e3o do legislativo, da democracia e de quem melhor nos representa no Senado e C\u00e2mara Federal. A vota\u00e7\u00e3o chega ao fim no dia 31 de julho. Tamb\u00e9m ser\u00e3o premiados os congressistas mais bem avaliados por jornalistas e um j\u00fari especializado. Os vencedores ser\u00e3o anunciados em 25 de agosto.<\/p>\n","protected":false},"excerpt":{"rendered":"<p>O deputado federal Luis Miranda (Republicanos) foi indicado novamente \u00e0 premia\u00e7\u00e3o que elege os melhores parlamentares do Congresso Nacional. Este ano, o parlamentar concorre a duas categorias: Melhores na C\u00e2mara e a Defesa da Liberdade no Transporte. Sua indica\u00e7\u00e3o \u00e9 reflexo do bom trabalho que vem desempenhando desde 2019. At\u00e9 o momento, o deputado federal [&hellip;]<\/p>\n","protected":false},"author":1,"featured_media":0,"comment_status":"open","ping_status":"open","sticky":false,"template":"","format":"standard","meta":{"footnotes":""},"categories":[],"tags":[],"class_list":["post-5761","post","type-post","status-publish","format-standard","hentry"],"_links":{"self":[{"href":"https:\/\/aguaslindasnoticias.com.br\/index.php\/wp-json\/wp\/v2\/posts\/5761","targetHints":{"allow":["GET"]}}],"collection":[{"href":"https:\/\/aguaslindasnoticias.com.br\/index.php\/wp-json\/wp\/v2\/posts"}],"about":[{"href":"https:\/\/aguaslindasnoticias.com.br\/index.php\/wp-json\/wp\/v2\/types\/post"}],"author":[{"embeddable":true,"href":"https:\/\/aguaslindasnoticias.com.br\/index.php\/wp-json\/wp\/v2\/users\/1"}],"replies":[{"embeddable":true,"href":"https:\/\/aguaslindasnoticias.com.br\/index.php\/wp-json\/wp\/v2\/comments?post=5761"}],"version-history":[{"count":0,"href":"https:\/\/aguaslindasnoticias.com.br\/index.php\/wp-json\/wp\/v2\/posts\/5761\/revisions"}],"wp:attachment":[{"href":"https:\/\/aguaslindasnoticias.com.br\/index.php\/wp-json\/wp\/v2\/media?parent=5761"}],"wp:term":[{"taxonomy":"category","embeddable":true,"href":"https:\/\/aguaslindasnoticias.com.br\/index.php\/wp-json\/wp\/v2\/categories?post=5761"},{"taxonomy":"post_tag","embeddable":true,"href":"https:\/\/aguaslindasnoticias.com.br\/index.php\/wp-json\/wp\/v2\/tags?post=5761"}],"curies":[{"name":"wp","href":"https:\/\/api.w.org\/{rel}","templated":true}]}}