{"id":5760,"date":"2023-01-04T10:15:10","date_gmt":"2023-01-04T13:15:10","guid":{"rendered":"https:\/\/aguaslindasnoticias.com.br\/index.php\/2023\/01\/04\/nora-de-jango-lanca-pre-candidatura-a-distrital-neste-sabado-23\/"},"modified":"2023-01-04T10:15:10","modified_gmt":"2023-01-04T13:15:10","slug":"nora-de-jango-lanca-pre-candidatura-a-distrital-neste-sabado-23","status":"publish","type":"post","link":"https:\/\/aguaslindasnoticias.com.br\/index.php\/2023\/01\/04\/nora-de-jango-lanca-pre-candidatura-a-distrital-neste-sabado-23\/","title":{"rendered":"Nora de Jango lan\u00e7a pr\u00e9-candidatura a distrital neste s\u00e1bado, 23"},"content":{"rendered":"\n<figure class=\"wp-block-image size-large\"><img decoding=\"async\" src=\"http:\/\/claricegulyas.com.br\/wp-content\/uploads\/2022\/07\/veronica-goulart.png\" alt=\"\" class=\"wp-image-10620\"\/><\/figure>\n\n\n\n<p><em>Militante da Moda tem como principais bandeiras a defesa da democracia, da mulher e do empreendedorismo<\/em><\/p>\n\n\n\n<p><br>Lideran\u00e7a do PCdoB, Ver\u00f4nica Goulart ir\u00e1 lan\u00e7ar neste s\u00e1bado (23\/7), \u00e0s 14h, pr\u00e9-candidatura \u00e0 deputada distrital na sede do Sindicato dos Professores do Distrito Federal (Sinpro-DF). Na ocasi\u00e3o, a professora universit\u00e1ria e principal representante do setor da Moda no DF ir\u00e1 compor o coletivo Moda com Prop\u00f3sito para concorrer \u00e0s elei\u00e7\u00f5es deste ano.<\/p>\n\n\n\n<p>A programa\u00e7\u00e3o contar\u00e1 com oficina de customiza\u00e7\u00e3o de pe\u00e7as de roupas e debate com personalidades da Moda (Fernando Lackman, Walqu\u00edria Aires e Maria do Socorro Vale).<\/p>\n\n\n\n<p>&#8220;Vamos reunir os que acreditam na cadeia produtiva da moda do DF como uma ferramenta de transforma\u00e7\u00e3o social, econ\u00f4mica e inclusiva&#8221;, afirma Ver\u00f4nica Goulart.<\/p>\n\n\n\n<p>Participar\u00e3o do evento o presidente do PCdoB DF Jo\u00e3o Vicente Goulart (marido de Ver\u00f4nica Goulart e filho do ex-presidente Jo\u00e3o Goulart) e pr\u00e9-candidatos da Federa\u00e7\u00e3o Brasil da Esperan\u00e7a (PT-PV-PCdoB), como Leandro Grass (governador), Olgamir Am\u00e2ncia (vice-governadora), Flauzino Antunes (deputado federal) e Rosilene Correia (senadora).<\/p>\n\n\n\n<p><br><strong>Servi\u00e7o:<\/strong><br><strong>Lan\u00e7amento da pr\u00e9-candidatura do coletivo Moda Com Prop\u00f3sito<\/strong><br>Data: 23 de julho de 2022 (s\u00e1bado)<br>Hora: 14h<br>Local: Audit\u00f3rio do Sindicato dos Professores do DF (Sinpro-DF)<br>Endere\u00e7o: SIG, quadra 6, 2260<\/p>\n","protected":false},"excerpt":{"rendered":"<p>Militante da Moda tem como principais bandeiras a defesa da democracia, da mulher e do empreendedorismo Lideran\u00e7a do PCdoB, Ver\u00f4nica Goulart ir\u00e1 lan\u00e7ar neste s\u00e1bado (23\/7), \u00e0s 14h, pr\u00e9-candidatura \u00e0 deputada distrital na sede do Sindicato dos Professores do Distrito Federal (Sinpro-DF). Na ocasi\u00e3o, a professora universit\u00e1ria e principal representante do setor da Moda no [&hellip;]<\/p>\n","protected":false},"author":1,"featured_media":0,"comment_status":"open","ping_status":"open","sticky":false,"template":"","format":"standard","meta":{"footnotes":""},"categories":[],"tags":[],"class_list":["post-5760","post","type-post","status-publish","format-standard","hentry"],"_links":{"self":[{"href":"https:\/\/aguaslindasnoticias.com.br\/index.php\/wp-json\/wp\/v2\/posts\/5760","targetHints":{"allow":["GET"]}}],"collection":[{"href":"https:\/\/aguaslindasnoticias.com.br\/index.php\/wp-json\/wp\/v2\/posts"}],"about":[{"href":"https:\/\/aguaslindasnoticias.com.br\/index.php\/wp-json\/wp\/v2\/types\/post"}],"author":[{"embeddable":true,"href":"https:\/\/aguaslindasnoticias.com.br\/index.php\/wp-json\/wp\/v2\/users\/1"}],"replies":[{"embeddable":true,"href":"https:\/\/aguaslindasnoticias.com.br\/index.php\/wp-json\/wp\/v2\/comments?post=5760"}],"version-history":[{"count":0,"href":"https:\/\/aguaslindasnoticias.com.br\/index.php\/wp-json\/wp\/v2\/posts\/5760\/revisions"}],"wp:attachment":[{"href":"https:\/\/aguaslindasnoticias.com.br\/index.php\/wp-json\/wp\/v2\/media?parent=5760"}],"wp:term":[{"taxonomy":"category","embeddable":true,"href":"https:\/\/aguaslindasnoticias.com.br\/index.php\/wp-json\/wp\/v2\/categories?post=5760"},{"taxonomy":"post_tag","embeddable":true,"href":"https:\/\/aguaslindasnoticias.com.br\/index.php\/wp-json\/wp\/v2\/tags?post=5760"}],"curies":[{"name":"wp","href":"https:\/\/api.w.org\/{rel}","templated":true}]}}