{"id":5758,"date":"2023-01-04T10:15:03","date_gmt":"2023-01-04T13:15:03","guid":{"rendered":"https:\/\/aguaslindasnoticias.com.br\/index.php\/2023\/01\/04\/aberta-4a-campanha-de-castracao-de-caes-e-gatos-de-2022\/"},"modified":"2023-01-04T10:15:03","modified_gmt":"2023-01-04T13:15:03","slug":"aberta-4a-campanha-de-castracao-de-caes-e-gatos-de-2022","status":"publish","type":"post","link":"https:\/\/aguaslindasnoticias.com.br\/index.php\/2023\/01\/04\/aberta-4a-campanha-de-castracao-de-caes-e-gatos-de-2022\/","title":{"rendered":"Aberta 4\u00aa Campanha de Castra\u00e7\u00e3o de C\u00e3es e Gatos de 2022"},"content":{"rendered":"\n<p>Ceil\u00e2ndia e Gama foram as regi\u00f5es escolhidas para cadastramento dos pets; ao todo, s\u00e3o oferecidas 3.014 vagas<\/p>\n\n\n\n<p>Ag\u00eancia Bras\u00edlia* | Edi\u00e7\u00e3o: Chico Neto<\/p>\n\n\n\n<p>O Instituto Bras\u00edlia Ambiental promove, neste m\u00eas, a 4\u00aa Campanha de Castra\u00e7\u00e3o de C\u00e3es e Gatos. Quinta e sexta-feiras (21 e 22) s\u00e3o dias de fazer o cadastro presencial na Administra\u00e7\u00e3o Regional de Ceil\u00e2ndia, enquanto nos dias 28 e 29 as inscri\u00e7\u00f5es poder\u00e3o ser feitas na Administra\u00e7\u00e3o Regional do Gama. Ao todo, ser\u00e3o oferecidas 3.014 vagas com cirurgias previstas para o per\u00edodo de 9 de agosto a 15 de setembro.<\/p>\n\n\n\n<figure class=\"wp-block-image\"><img decoding=\"async\" src=\"http:\/\/agenciabrasilia.df.gov.br\/wp-conteudo\/uploads\/2022\/07\/18.7.-Castracao.-Foto-Divulgacao-Brasilia-Ambiental-300x199.jpg\" alt=\"\" class=\"wp-image-426322\"\/><figcaption>Campanha inclui f\u00eameas e machos de gatos e de c\u00e3es; cadastros s\u00e3o feitos em dias diferentes | Foto: Divulga\u00e7\u00e3o\/Bras\u00edlia Ambiental<\/figcaption><\/figure>\n\n\n\n<p>Para atendimento nas cl\u00ednicas Animais Hospital Veterin\u00e1rio (Ceil\u00e2ndia) e Dr. Juzo (Samambaia), que somam 1.738 vagas, os interessados dever\u00e3o comparecer \u00e0 Administra\u00e7\u00e3o Regional de Ceil\u00e2ndia. O cadastro para cachorros e cadelas ser\u00e1 feito na quinta-feira (21), enquanto gatos e gatas dever\u00e3o ser cadastrados na sexta (22), ambos a partir das 8h.<br><br>J\u00e1 as 1.276 vagas para castra\u00e7\u00e3o na Cl\u00ednica Cora\u00e7\u00e3o Peludinho (Gama) ser\u00e3o disponibilizadas, nos dias 28 e 29 deste m\u00eas, na Administra\u00e7\u00e3o Regional do Gama. De acordo com o cronograma, o cadastramento tamb\u00e9m ser\u00e1 a partir das 8h, com o primeiro dia destinado aos cachorros e cadelas e o segundo aos gatos e gatas.<\/p>\n\n\n\n<p>A distribui\u00e7\u00e3o de senha ser\u00e1 feita por ordem de chegada, mediante posi\u00e7\u00e3o na fila, n\u00e3o sendo necess\u00e1rio levar o animal no dia da inscri\u00e7\u00e3o. Cada tutor \u2013 desde que seja maior de 18 anos e morador do Distrito Federal \u2013 poder\u00e1 cadastrar dois caninos e quatro felinos.&nbsp;<\/p>\n\n\n\n<p>A lista de contemplados, com as respectivas datas de cirurgia, ser\u00e1 publicada at\u00e9 5 de agosto. O resultado tamb\u00e9m estar\u00e1 anexado nos murais das respectivas administra\u00e7\u00f5es regionais para verifica\u00e7\u00e3o da popula\u00e7\u00e3o.<\/p>\n\n\n\n<p><strong>Reagendamento<\/strong>Caso seja necess\u00e1rio, o tutor dever\u00e1 solicitar o reagendamento da cirurgia diretamente ao estabelecimento escolhido. O novo atendimento ter\u00e1 de ser prestado em at\u00e9 30 dias da data inicialmente agendada, exceto para animais em tratamento veterin\u00e1rio, em que o per\u00edodo passa a ser de at\u00e9 60 dias. Se n\u00e3o houver disponibilidade para mudan\u00e7a do agendamento no prazo estipulado, o tutor dever\u00e1 solicitar o cancelamento, em at\u00e9 dois dias \u00fateis antes da cirurgia.<\/p>\n\n\n\n<p>Confira as regras para o cadastramento em&nbsp;<a href=\"http:\/\/agenciabrasilia.df.gov.br\/wp-conteudo\/uploads\/2022\/07\/4-a-CAMPANHA-DE-CASTRACAO-GRATUITA-DE-CAES-E-GATOS-Ceilandia.pdf\" target=\"_blank\" rel=\"noreferrer noopener\">Ceil\u00e2ndia<\/a>&nbsp;e no&nbsp;<a href=\"http:\/\/agenciabrasilia.df.gov.br\/wp-conteudo\/uploads\/2022\/07\/4-a-CAMPANHA-DE-CASTRACAO-GRATUITA-DE-CAES-E-GATOS-Gama.pdf\" target=\"_blank\" rel=\"noreferrer noopener\">Gama<\/a>.<\/p>\n\n\n\n<p>*<em>Com informa\u00e7\u00f5es do Bras\u00edlia Ambiental<\/em><\/p>\n","protected":false},"excerpt":{"rendered":"<p>Ceil\u00e2ndia e Gama foram as regi\u00f5es escolhidas para cadastramento dos pets; ao todo, s\u00e3o oferecidas 3.014 vagas Ag\u00eancia Bras\u00edlia* | Edi\u00e7\u00e3o: Chico Neto O Instituto Bras\u00edlia Ambiental promove, neste m\u00eas, a 4\u00aa Campanha de Castra\u00e7\u00e3o de C\u00e3es e Gatos. Quinta e sexta-feiras (21 e 22) s\u00e3o dias de fazer o cadastro presencial na Administra\u00e7\u00e3o Regional [&hellip;]<\/p>\n","protected":false},"author":1,"featured_media":0,"comment_status":"open","ping_status":"open","sticky":false,"template":"","format":"standard","meta":{"footnotes":""},"categories":[],"tags":[],"class_list":["post-5758","post","type-post","status-publish","format-standard","hentry"],"_links":{"self":[{"href":"https:\/\/aguaslindasnoticias.com.br\/index.php\/wp-json\/wp\/v2\/posts\/5758","targetHints":{"allow":["GET"]}}],"collection":[{"href":"https:\/\/aguaslindasnoticias.com.br\/index.php\/wp-json\/wp\/v2\/posts"}],"about":[{"href":"https:\/\/aguaslindasnoticias.com.br\/index.php\/wp-json\/wp\/v2\/types\/post"}],"author":[{"embeddable":true,"href":"https:\/\/aguaslindasnoticias.com.br\/index.php\/wp-json\/wp\/v2\/users\/1"}],"replies":[{"embeddable":true,"href":"https:\/\/aguaslindasnoticias.com.br\/index.php\/wp-json\/wp\/v2\/comments?post=5758"}],"version-history":[{"count":0,"href":"https:\/\/aguaslindasnoticias.com.br\/index.php\/wp-json\/wp\/v2\/posts\/5758\/revisions"}],"wp:attachment":[{"href":"https:\/\/aguaslindasnoticias.com.br\/index.php\/wp-json\/wp\/v2\/media?parent=5758"}],"wp:term":[{"taxonomy":"category","embeddable":true,"href":"https:\/\/aguaslindasnoticias.com.br\/index.php\/wp-json\/wp\/v2\/categories?post=5758"},{"taxonomy":"post_tag","embeddable":true,"href":"https:\/\/aguaslindasnoticias.com.br\/index.php\/wp-json\/wp\/v2\/tags?post=5758"}],"curies":[{"name":"wp","href":"https:\/\/api.w.org\/{rel}","templated":true}]}}