{"id":5756,"date":"2023-01-04T10:15:03","date_gmt":"2023-01-04T13:15:03","guid":{"rendered":"https:\/\/aguaslindasnoticias.com.br\/index.php\/2023\/01\/04\/jornalista-clarice-gulyas-recebe-premio-pelo-mundo-personalidades-2022\/"},"modified":"2023-01-04T10:15:03","modified_gmt":"2023-01-04T13:15:03","slug":"jornalista-clarice-gulyas-recebe-premio-pelo-mundo-personalidades-2022","status":"publish","type":"post","link":"https:\/\/aguaslindasnoticias.com.br\/index.php\/2023\/01\/04\/jornalista-clarice-gulyas-recebe-premio-pelo-mundo-personalidades-2022\/","title":{"rendered":"Jornalista Clarice Gulyas recebe Pr\u00eamio Pelo Mundo Personalidades 2022"},"content":{"rendered":"\n<figure class=\"wp-block-image size-large\"><img decoding=\"async\" src=\"http:\/\/claricegulyas.com.br\/wp-content\/uploads\/2022\/07\/clarice-gulyas-jornalista-comunica\u00e7\u00e3o-assessoria-de-imprensa-politica-df-brasilia-destaque-1024x768.jpeg\" alt=\"\" class=\"wp-image-10607\"\/><\/figure>\n\n\n\n<p>A jornalista <strong>Clarice Gulyas<\/strong> recebeu nesta ter\u00e7a (10\/5) o <strong>Pr\u00eamio Pelo Mundo Personalidades 2022<\/strong>. O diploma do Grupo Pelo Mundo de M\u00eddia e Comunica\u00e7\u00e3o foi cedido a pol\u00edticos, empres\u00e1rios e jornalistas de destaque de Bras\u00edlia (DF) em &#8220;reconhecimento aos servi\u00e7os prestados por um mundo melhor&#8221;. Comunicadora j\u00e1 foi agraciada tr\u00eas vezes com Mo\u00e7\u00e3o de Louvor pela C\u00e2mara Legislativa do Distrito Federal.<\/p>\n\n\n\n<p>Forte nome da comunica\u00e7\u00e3o na capital, a assessora de imprensa, rep\u00f3rter e locutora de r\u00e1dio costuma dar visibilidade a pautas de relev\u00e2ncia local e nacional em seu blog pessoal, al\u00e9m de prestar servi\u00e7os gratuitos de locu\u00e7\u00e3o para r\u00e1dios comunit\u00e1rias e blogs, e divulga\u00e7\u00e3o de projetos e a\u00e7\u00f5es sociais.<\/p>\n\n\n\n<p>&#8220;Agrade\u00e7o ao Grupo Pelo Mundo de M\u00eddia e Comunica\u00e7\u00e3o, e ao jornalista Ueliton Mello (CEO do grupo) por este pr\u00eamio, que com certeza me incentiva e tamb\u00e9m vai incentivar muitos outros colegas a fazerem a sua parte na mudan\u00e7a por um mundo melhor para todos&#8221;, disse a jornalista de 34 anos.<\/p>\n\n\n\n<p>Festas tradicionais da cidade, como a Feira do Morango (Festa do Morango), Feira da Goiaba, Feira da Uva, Projeto M\u00fasica nas Feiras e Circuito Cine Drive In nas Cidades s\u00e3o alguns dos trabalhos que Clarice Gulyas acumula em seu extenso curr\u00edculo.<\/p>\n\n\n\n<p>Com mais de dez anos de profiss\u00e3o, a assessora de imprensa passou pela C\u00e2mara Legislativa do DF, escrit\u00f3rios de advocacia, entidades sindicais e empresas privadas. Assessorou artistas locais, casas de shows, blocos de carnaval, festivais musicais, escritores e ONGs. Como rep\u00f3rter e produtora, trabalhou para portais de not\u00edcias, revistas, TVs e as principais r\u00e1dios da cidade, como Atividade FM e JK FM.<\/p>\n","protected":false},"excerpt":{"rendered":"<p>A jornalista Clarice Gulyas recebeu nesta ter\u00e7a (10\/5) o Pr\u00eamio Pelo Mundo Personalidades 2022. O diploma do Grupo Pelo Mundo de M\u00eddia e Comunica\u00e7\u00e3o foi cedido a pol\u00edticos, empres\u00e1rios e jornalistas de destaque de Bras\u00edlia (DF) em &#8220;reconhecimento aos servi\u00e7os prestados por um mundo melhor&#8221;. Comunicadora j\u00e1 foi agraciada tr\u00eas vezes com Mo\u00e7\u00e3o de Louvor [&hellip;]<\/p>\n","protected":false},"author":1,"featured_media":0,"comment_status":"open","ping_status":"open","sticky":false,"template":"","format":"standard","meta":{"footnotes":""},"categories":[],"tags":[],"class_list":["post-5756","post","type-post","status-publish","format-standard","hentry"],"_links":{"self":[{"href":"https:\/\/aguaslindasnoticias.com.br\/index.php\/wp-json\/wp\/v2\/posts\/5756","targetHints":{"allow":["GET"]}}],"collection":[{"href":"https:\/\/aguaslindasnoticias.com.br\/index.php\/wp-json\/wp\/v2\/posts"}],"about":[{"href":"https:\/\/aguaslindasnoticias.com.br\/index.php\/wp-json\/wp\/v2\/types\/post"}],"author":[{"embeddable":true,"href":"https:\/\/aguaslindasnoticias.com.br\/index.php\/wp-json\/wp\/v2\/users\/1"}],"replies":[{"embeddable":true,"href":"https:\/\/aguaslindasnoticias.com.br\/index.php\/wp-json\/wp\/v2\/comments?post=5756"}],"version-history":[{"count":0,"href":"https:\/\/aguaslindasnoticias.com.br\/index.php\/wp-json\/wp\/v2\/posts\/5756\/revisions"}],"wp:attachment":[{"href":"https:\/\/aguaslindasnoticias.com.br\/index.php\/wp-json\/wp\/v2\/media?parent=5756"}],"wp:term":[{"taxonomy":"category","embeddable":true,"href":"https:\/\/aguaslindasnoticias.com.br\/index.php\/wp-json\/wp\/v2\/categories?post=5756"},{"taxonomy":"post_tag","embeddable":true,"href":"https:\/\/aguaslindasnoticias.com.br\/index.php\/wp-json\/wp\/v2\/tags?post=5756"}],"curies":[{"name":"wp","href":"https:\/\/api.w.org\/{rel}","templated":true}]}}