{"id":5755,"date":"2023-01-04T10:15:03","date_gmt":"2023-01-04T13:15:03","guid":{"rendered":"https:\/\/aguaslindasnoticias.com.br\/index.php\/2023\/01\/04\/fercal-ganha-reforco-de-viagem-para-w3-norte-e-sul\/"},"modified":"2023-01-04T10:15:03","modified_gmt":"2023-01-04T13:15:03","slug":"fercal-ganha-reforco-de-viagem-para-w3-norte-e-sul","status":"publish","type":"post","link":"https:\/\/aguaslindasnoticias.com.br\/index.php\/2023\/01\/04\/fercal-ganha-reforco-de-viagem-para-w3-norte-e-sul\/","title":{"rendered":"Fercal ganha refor\u00e7o de viagem para W3 Norte e Sul"},"content":{"rendered":"\n<p>N\u00facleo Rural Queima Len\u00e7ol \u00e9 o ponto de origem das linhas 531.3 e 0.531, ambas com ponto final na Esta\u00e7\u00e3o Asa Sul do Metr\u00f4<\/p>\n\n\n\n<p>Ag\u00eancia Bras\u00edlia* | Edi\u00e7\u00e3o: Claudio Fernandes<\/p>\n\n\n\n<p>A partir desta segunda-feira (18), a popula\u00e7\u00e3o da Fercal ter\u00e1 novas op\u00e7\u00f5es de hor\u00e1rio de deslocamento para o Plano Piloto. A nova linha de transporte, 531.3 far\u00e1 o trajeto Fercal \u2013 Rua do Mato \/ W3 Norte \u2013 Sul e ter\u00e1 uma viagem de ida e uma de volta, de segunda a sexta-feira. J\u00e1 a Linha 0.531 ganhar\u00e1 um novo hor\u00e1rio pela manh\u00e3, sendo mais uma op\u00e7\u00e3o para os moradores da regi\u00e3o.<\/p>\n\n\n\n<figure class=\"wp-block-image\"><img decoding=\"async\" src=\"http:\/\/agenciabrasilia.df.gov.br\/wp-conteudo\/uploads\/2022\/07\/WhatsApp-Image-2022-07-15-at-14.20.48.jpeg\" alt=\"\" class=\"wp-image-425957\"\/><figcaption>Arte: Semob<\/figcaption><\/figure>\n\n\n\n<p>As mudan\u00e7as foram estudadas pela Secretaria de Transporte e Mobilidade (Semob) a pedido da popula\u00e7\u00e3o da Fercal que utiliza \u00f4nibus diariamente. Os ve\u00edculos que v\u00e3o operar s\u00e3o da empresa Piracicabana. A tarifa ser\u00e1 de R$ 5,50.<\/p>\n\n\n\n<p>O ponto de origem, tanto da Linha 531.3 quanto da 0.531, \u00e9 o N\u00facleo Rural Queima Len\u00e7ol, e ambas t\u00eam como ponto final a Esta\u00e7\u00e3o Asa Sul do Metr\u00f4.<\/p>\n\n\n\n<p><strong>Servi\u00e7o<\/strong><br>\u2192 Linha 531.3 \u2013 Ciplan (Fercal \u2013 Rua do Mato) \/ W Norte \u2013 Sul<br>Hor\u00e1rios de segunda a sexta-feira: partida \u00e0s 5h30 e volta \u00e0s 17h30<\/p>\n\n\n\n<p>\u2192 Linha 0.531 \u2013 Ciplan \u2013 Fercal \/ W3 Norte \u2013 Sul<br>Hor\u00e1rios de segunda a sexta-feira: partida \u00e0s 6h e \u00e0s 6h30; volta \u00e0s 22h30<\/p>\n\n\n\n<p>\u2192 Empresa: Piracicabana<br>\u2192 Tarifa: R$ 5,50<\/p>\n\n\n\n<p><em>*Com informa\u00e7\u00f5es da Secretaria de Transporte e Mobilidade<\/em><\/p>\n","protected":false},"excerpt":{"rendered":"<p>N\u00facleo Rural Queima Len\u00e7ol \u00e9 o ponto de origem das linhas 531.3 e 0.531, ambas com ponto final na Esta\u00e7\u00e3o Asa Sul do Metr\u00f4 Ag\u00eancia Bras\u00edlia* | Edi\u00e7\u00e3o: Claudio Fernandes A partir desta segunda-feira (18), a popula\u00e7\u00e3o da Fercal ter\u00e1 novas op\u00e7\u00f5es de hor\u00e1rio de deslocamento para o Plano Piloto. A nova linha de transporte, [&hellip;]<\/p>\n","protected":false},"author":1,"featured_media":0,"comment_status":"open","ping_status":"open","sticky":false,"template":"","format":"standard","meta":{"footnotes":""},"categories":[],"tags":[],"class_list":["post-5755","post","type-post","status-publish","format-standard","hentry"],"_links":{"self":[{"href":"https:\/\/aguaslindasnoticias.com.br\/index.php\/wp-json\/wp\/v2\/posts\/5755","targetHints":{"allow":["GET"]}}],"collection":[{"href":"https:\/\/aguaslindasnoticias.com.br\/index.php\/wp-json\/wp\/v2\/posts"}],"about":[{"href":"https:\/\/aguaslindasnoticias.com.br\/index.php\/wp-json\/wp\/v2\/types\/post"}],"author":[{"embeddable":true,"href":"https:\/\/aguaslindasnoticias.com.br\/index.php\/wp-json\/wp\/v2\/users\/1"}],"replies":[{"embeddable":true,"href":"https:\/\/aguaslindasnoticias.com.br\/index.php\/wp-json\/wp\/v2\/comments?post=5755"}],"version-history":[{"count":0,"href":"https:\/\/aguaslindasnoticias.com.br\/index.php\/wp-json\/wp\/v2\/posts\/5755\/revisions"}],"wp:attachment":[{"href":"https:\/\/aguaslindasnoticias.com.br\/index.php\/wp-json\/wp\/v2\/media?parent=5755"}],"wp:term":[{"taxonomy":"category","embeddable":true,"href":"https:\/\/aguaslindasnoticias.com.br\/index.php\/wp-json\/wp\/v2\/categories?post=5755"},{"taxonomy":"post_tag","embeddable":true,"href":"https:\/\/aguaslindasnoticias.com.br\/index.php\/wp-json\/wp\/v2\/tags?post=5755"}],"curies":[{"name":"wp","href":"https:\/\/api.w.org\/{rel}","templated":true}]}}