{"id":5752,"date":"2023-01-04T10:15:03","date_gmt":"2023-01-04T13:15:03","guid":{"rendered":"https:\/\/aguaslindasnoticias.com.br\/index.php\/2023\/01\/04\/saiba-como-fazer-o-cadastro-unico-da-pessoa-com-deficiencia\/"},"modified":"2023-01-04T10:15:03","modified_gmt":"2023-01-04T13:15:03","slug":"saiba-como-fazer-o-cadastro-unico-da-pessoa-com-deficiencia","status":"publish","type":"post","link":"https:\/\/aguaslindasnoticias.com.br\/index.php\/2023\/01\/04\/saiba-como-fazer-o-cadastro-unico-da-pessoa-com-deficiencia\/","title":{"rendered":"Saiba como fazer o Cadastro \u00danico da Pessoa com Defici\u00eancia"},"content":{"rendered":"\n<p>Gratuito, o registro resulta na carteira destinada a cidad\u00e3os nessa situa\u00e7\u00e3o, documento necess\u00e1rio para inser\u00e7\u00e3o em pol\u00edticas p\u00fablicas como DF Acess\u00edvel, Passe Livre e inscri\u00e7\u00e3o na Codhab<\/p>\n\n\n\n<p>Adriana Izel, da Ag\u00eancia Bras\u00edlia I Edi\u00e7\u00e3o: D\u00e9bora Cronemberger<\/p>\n\n\n\n<p>Lan\u00e7ado no ano passado, o Cadastro \u00danico da Pessoa com Defici\u00eancia \u00e9 um registro feito pela Secretaria da Pessoa com Defici\u00eancia (SEPD) de forma gratuita para facilitar a identifica\u00e7\u00e3o e garantir o acesso a benef\u00edcios econ\u00f4micos e sociais de pol\u00edticas p\u00fablicas do Distrito Federal voltadas para esse p\u00fablico, que corresponde a cerca de 600 mil pessoas na capital federal. Atualmente, o governo tem cadastradas cerca de 6 mil pessoas inscritas, j\u00e1 tendo emitido 4 mil carteiras.<\/p>\n\n\n\n<figure class=\"wp-block-image\"><img decoding=\"async\" src=\"http:\/\/agenciabrasilia.df.gov.br\/wp-conteudo\/uploads\/2022\/07\/Raquel-Dantas-de-Lima-scaled.jpg\" alt=\"\" class=\"wp-image-425813\"\/><figcaption>\u201cVim pegar orienta\u00e7\u00e3o em rela\u00e7\u00e3o \u00e0 documenta\u00e7\u00e3o para concluir o cadastro e eles fizeram minha carteira. N\u00e3o tive dificuldade nenhuma\u201d, diz Raquel Dantas de Lima | Fotos: Renato Ara\u00fajo\/Ag\u00eancia Bras\u00edlia<\/figcaption><\/figure>\n\n\n\n<p>O cadastramento pode ser feito pela internet (<a href=\"https:\/\/sistemas.df.gov.br\/CADPCD\/Login\" target=\"_blank\" rel=\"noreferrer noopener\">acesse aqui<\/a>), pelo Centro de Atendimento \u00e0 Pessoa com Defici\u00eancia, na Esta\u00e7\u00e3o 112 Sul do Metr\u00f4, ou nas a\u00e7\u00f5es de itiner\u00e2ncia da SEPD. A pr\u00f3xima ser\u00e1 em Santa Maria, na Coordena\u00e7\u00e3o Regional de Ensino (CL 114 Shopping Santa Maria), entre os dias 25 e 29 deste m\u00eas, das 9h \u00e0s 17h. O usu\u00e1rio deve apresentar os seguintes documentos: foto 3\u00d74, RG, CPF, laudo m\u00e9dico, comprovante de resid\u00eancia e comprovante de renda.<\/p>\n\n\n\n<blockquote class=\"wp-block-quote is-layout-flow wp-block-quote-is-layout-flow\"><p>\u201cFazendo esse cadastro, vamos ter uma realidade maior sobre a pessoa com defici\u00eancia no DF para que o governo possa desenvolver pol\u00edticas p\u00fablicas mais efetivas, atuais e regionalizadas, de acordo com o perfil desse p\u00fablico e o tipo de defici\u00eancia\u201dFl\u00e1vio Pereira dos Santos, secret\u00e1rio da Pessoa com Defici\u00eancia<\/p><\/blockquote>\n\n\n\n<p>Al\u00e9m de catalogar as pessoas com defici\u00eancia que vivem no DF, o cadastro resulta em duas identifica\u00e7\u00f5es oficiais espec\u00edficas: a Carteira da Pessoa com Defici\u00eancia e a Carteira do Autista. Os documentos formalizam o cidad\u00e3o que vive essa situa\u00e7\u00e3o e evitam a necessidade de apresenta\u00e7\u00e3o de laudo m\u00e9dico de tempos em tempos.<\/p>\n\n\n\n<p>\u201cFazendo esse cadastro, vamos ter uma realidade maior sobre a pessoa com defici\u00eancia no DF para que o governo possa desenvolver pol\u00edticas p\u00fablicas mais efetivas, atuais e regionalizadas, de acordo com o perfil desse p\u00fablico e o tipo de defici\u00eancia. Al\u00e9m disso, o Cadastro \u00danico supera a dimens\u00e3o da secretaria, podendo ser usado por outros \u00f3rg\u00e3os do GDF que necessitem identificar a pessoa com defici\u00eancia\u201d, comenta o secret\u00e1rio da Pessoa com Defici\u00eancia, Fl\u00e1vio Pereira dos Santos.<\/p>\n\n\n\n<p>Os documentos tamb\u00e9m s\u00e3o necess\u00e1rios para homologa\u00e7\u00e3o e certifica\u00e7\u00e3o dos usu\u00e1rios em programas como DF Acess\u00edvel (parceria com a TCB em que vans adaptadas s\u00e3o usadas para transportar pessoas com defici\u00eancia e limita\u00e7\u00e3o de mobilidade severa), Passe Livre (do BRB Mobilidade) e a inscri\u00e7\u00e3o para concorrer a unidades habitacionais (Codhab).<\/p>\n\n\n\n<figure class=\"wp-block-image\"><img decoding=\"async\" src=\"http:\/\/agenciabrasilia.df.gov.br\/wp-conteudo\/uploads\/2022\/07\/Katznelson-Canudo-300x199.jpg\" alt=\"\" class=\"wp-image-425830\"\/><figcaption>\u201cDamos todo o aparato em rela\u00e7\u00e3o aos documentos para atender as pessoas com a excel\u00eancia de que tanto precisam\u201d, diz o coordenador de&nbsp; Pol\u00edticas Tem\u00e1ticas da SEPD, Katzenelson Canuto<\/figcaption><\/figure>\n\n\n\n<p>\u201c\u00c9 importante ressaltar que, al\u00e9m dos benef\u00edcios econ\u00f4micos e sociais que as carteiras oferecem para as pessoas com defici\u00eancia, tamb\u00e9m \u00e9 uma forma muito pr\u00e1tica de elas se identificarem em locais para prioridade de atendimento e para quem n\u00e3o tem uma defici\u00eancia vis\u00edvel\u201d, completa o titular da pasta.<\/p>\n\n\n\n<p>Depois de feita a inscri\u00e7\u00e3o no Cadastro \u00danico, a documenta\u00e7\u00e3o \u00e9 analisada pelas equipes t\u00e9cnica, que verifica a veracidade dos documentos, e m\u00e9dica, que analisa o laudo m\u00e9dico. \u201cAp\u00f3s a aprova\u00e7\u00e3o das duas an\u00e1lises, a carteira fica disponibilizada em formato digital dentro do pr\u00f3prio sistema. A pessoa pode ter [o documento] no celular ou imprimir para depois utilizar fisicamente. Isso vale para as duas carteiras\u201d, explica Santos.<\/p>\n\n\n\n<p><strong>Avan\u00e7o nos cadastros<\/strong><\/p>\n\n\n\n<p>A cada dia aumentam os n\u00fameros de cadastro. O coordenador de Pol\u00edticas Tem\u00e1ticas da Secretaria da Pessoa com Defici\u00eancia, Katzenelson Canuto, diz que o registro tem se popularizado entre o p\u00fablico que busca o Centro de Atendimento, na Asa Sul. \u201cO alcance tem sido muito bom. As pessoas t\u00eam vindo, e damos todo o aparato em rela\u00e7\u00e3o aos documentos para atend\u00ea-las com a excel\u00eancia de que tanto precisam\u201d, pontua.<\/p>\n\n\n\n<figure class=\"wp-block-image\"><img decoding=\"async\" src=\"http:\/\/agenciabrasilia.df.gov.br\/wp-conteudo\/uploads\/2022\/07\/Rafaela-Pereira-Dias-300x199.jpg\" alt=\"\" class=\"wp-image-425826\"\/><figcaption>Rafaela Pereira Dias, 29 anos, n\u00e3o sabia da exist\u00eancia do documento e descobriu quando foi solicitar o cart\u00e3o do Passe Livre especial na unidade do BRB Mobilidade na Esta\u00e7\u00e3o do Metr\u00f4 112 Sul<\/figcaption><\/figure>\n\n\n\n<p>Ostomizada h\u00e1 sete anos, Raquel Dantas de Lima, 46 anos, j\u00e1 tem registro no Cadastro \u00danico e a Carteira da Pessoa com Defici\u00eancia. Ela fez o documento no Centro de Atendimento para poder concorrer a uma unidade habitacional da Codhab. \u201cVim pegar orienta\u00e7\u00e3o em rela\u00e7\u00e3o \u00e0 documenta\u00e7\u00e3o para concluir o cadastro e eles fizeram minha carteira. Foi superf\u00e1cil. N\u00e3o tive dificuldade nenhuma\u201d, revela.<\/p>\n\n\n\n<p>Desde ent\u00e3o, Raquel n\u00e3o desgruda do documento. \u201cEu n\u00e3o ando sem a carteira. Ela \u00e9 minha identifica\u00e7\u00e3o agora em qualquer lugar. Antes eu n\u00e3o tinha esse material para identificar que sou uma pessoa com defici\u00eancia n\u00e3o visualizada\u201d, diz. A ostomia \u00e9 um procedimento cir\u00fargico que cria o estoma, um orif\u00edcio na parede abdominal ou na traqueia, e \u00e9 considerada defici\u00eancia f\u00edsica desde 2004.<\/p>\n\n\n\n<p>Com uma defici\u00eancia no p\u00e9 e um marcapasso para bloquear dores, Rafaela Pereira Dias, 29 anos, vai providenciar o cadastro e a carteira. A auxiliar administrativa n\u00e3o sabia da exist\u00eancia do documento e descobriu quando foi solicitar o cart\u00e3o do Passe Livre especial na unidade do BRB Mobilidade na Esta\u00e7\u00e3o do Metr\u00f4 112 Sul. \u201cVai ser essencial, porque muitas vezes a gente sofre. Eu tenho que andar com um monte de papel de relat\u00f3rio m\u00e9dico. Vai melhorar minha vida 100%\u201d, avalia.<\/p>\n","protected":false},"excerpt":{"rendered":"<p>Gratuito, o registro resulta na carteira destinada a cidad\u00e3os nessa situa\u00e7\u00e3o, documento necess\u00e1rio para inser\u00e7\u00e3o em pol\u00edticas p\u00fablicas como DF Acess\u00edvel, Passe Livre e inscri\u00e7\u00e3o na Codhab Adriana Izel, da Ag\u00eancia Bras\u00edlia I Edi\u00e7\u00e3o: D\u00e9bora Cronemberger Lan\u00e7ado no ano passado, o Cadastro \u00danico da Pessoa com Defici\u00eancia \u00e9 um registro feito pela Secretaria da Pessoa [&hellip;]<\/p>\n","protected":false},"author":1,"featured_media":0,"comment_status":"open","ping_status":"open","sticky":false,"template":"","format":"standard","meta":{"footnotes":""},"categories":[],"tags":[],"class_list":["post-5752","post","type-post","status-publish","format-standard","hentry"],"_links":{"self":[{"href":"https:\/\/aguaslindasnoticias.com.br\/index.php\/wp-json\/wp\/v2\/posts\/5752","targetHints":{"allow":["GET"]}}],"collection":[{"href":"https:\/\/aguaslindasnoticias.com.br\/index.php\/wp-json\/wp\/v2\/posts"}],"about":[{"href":"https:\/\/aguaslindasnoticias.com.br\/index.php\/wp-json\/wp\/v2\/types\/post"}],"author":[{"embeddable":true,"href":"https:\/\/aguaslindasnoticias.com.br\/index.php\/wp-json\/wp\/v2\/users\/1"}],"replies":[{"embeddable":true,"href":"https:\/\/aguaslindasnoticias.com.br\/index.php\/wp-json\/wp\/v2\/comments?post=5752"}],"version-history":[{"count":0,"href":"https:\/\/aguaslindasnoticias.com.br\/index.php\/wp-json\/wp\/v2\/posts\/5752\/revisions"}],"wp:attachment":[{"href":"https:\/\/aguaslindasnoticias.com.br\/index.php\/wp-json\/wp\/v2\/media?parent=5752"}],"wp:term":[{"taxonomy":"category","embeddable":true,"href":"https:\/\/aguaslindasnoticias.com.br\/index.php\/wp-json\/wp\/v2\/categories?post=5752"},{"taxonomy":"post_tag","embeddable":true,"href":"https:\/\/aguaslindasnoticias.com.br\/index.php\/wp-json\/wp\/v2\/tags?post=5752"}],"curies":[{"name":"wp","href":"https:\/\/api.w.org\/{rel}","templated":true}]}}