{"id":5748,"date":"2023-01-04T10:15:03","date_gmt":"2023-01-04T13:15:03","guid":{"rendered":"https:\/\/aguaslindasnoticias.com.br\/index.php\/2023\/01\/04\/2a-feira-da-uva-e-do-vinho-sera-lancada-nesta-sexta-em-planaltina\/"},"modified":"2023-01-04T10:15:03","modified_gmt":"2023-01-04T13:15:03","slug":"2a-feira-da-uva-e-do-vinho-sera-lancada-nesta-sexta-em-planaltina","status":"publish","type":"post","link":"https:\/\/aguaslindasnoticias.com.br\/index.php\/2023\/01\/04\/2a-feira-da-uva-e-do-vinho-sera-lancada-nesta-sexta-em-planaltina\/","title":{"rendered":"2\u00aa Feira da Uva e do Vinho ser\u00e1 lan\u00e7ada nesta sexta, em Planaltina"},"content":{"rendered":"\n<figure class=\"wp-block-image size-large is-resized\"><img decoding=\"async\" src=\"http:\/\/claricegulyas.com.br\/wp-content\/uploads\/2022\/07\/Divulga\u00e7\u00e3oEmater-DF.jpeg\" alt=\"\" class=\"wp-image-10581\" width=\"580\" height=\"386\"\/><figcaption>Foto: Divulga\u00e7\u00e3o\/Emater-DF<\/figcaption><\/figure>\n\n\n\n<p><em>Evento investe em gastronomia, artesanato e floricultura para promover o enoturismo em \u00e2mbito nacional<\/em><\/p>\n\n\n\n<p><br>A 2\u00aa edi\u00e7\u00e3o da<strong> Feira da Uva e do Vinh<\/strong>o j\u00e1 tem data marcada. No per\u00edodo de 29 de julho a 7 de agosto, apreciadores da bebida, empreendedores e produtores locais de uva e vinho voltar\u00e3o a se reunir no Parque de Exposi\u00e7\u00e3o de Planaltina (DF). A cerim\u00f4nia de lan\u00e7amento ser\u00e1 nesta sexta (15\/7), voltada para autoridades, imprensa e convidados, no Emp\u00f3rio Casa da Uva.<\/p>\n\n\n\n<p>Realizado pela Associa\u00e7\u00e3o Cresce DF, o evento tem como novidade nesta edi\u00e7\u00e3o a Arena Uva Music, que contar\u00e1 com a apresenta\u00e7\u00e3o de artistas locais e nacionais, como \u00c9 o Tchan do Brasil, Gabriel Gava, Leo Magalh\u00e3es, Cleiton e Camargo, Elba Ramalho e Naiara Azevedo.<\/p>\n\n\n\n<p>As visita\u00e7\u00f5es v\u00e3o ocorrer das 10h \u00e0s 22h, no dias 29, 30 e 31 de julho, e 3 a 7 de agosto, com entrada franca. Diversos produtos, como frutas, sucos, vinhos e geleias, al\u00e9m de queijos e frios ser\u00e3o comercializados na feira. O espa\u00e7o tamb\u00e9m contemplar\u00e1 sal\u00f5es de artesanato, floricultura, sal\u00e3o da agricultura familiar e pra\u00e7a gastron\u00f4mica.<\/p>\n\n\n\n<p>De acordo com o Governo do Distrito Federal, a produ\u00e7\u00e3o de uva na regi\u00e3o j\u00e1 ultrapassa 270 toneladas ao ano. Cidades, como Planaltina, Sobradinho, Fercal, Brazl\u00e2ndia e Programa de Assentamento Dirigido do DF (PAD-DF) s\u00e3o algumas das principais produtoras da fruta e do vinho no DF. A 2\u00aa edi\u00e7\u00e3o da Feira da Uva e do Vinho conta com o apoio da Secretaria de Turismo, Emater, Administra\u00e7\u00e3o de Planaltina e BRB.<\/p>\n\n\n\n<p><strong>Servi\u00e7o:<\/strong><br><strong>Lan\u00e7amento da 2\u00aa Feira da Uva e do Vinho<\/strong><br>Data: 15 de julho de 2022<br>Hora: 17hs<br>Local: Emp\u00f3rio Casa da Uva &#8211; Planaltina (DF)<br>Visita\u00e7\u00f5es: 29, 30 e 31 de julho; 3 a 7 de agosto de 2022<br>Realiza\u00e7\u00e3o: Associa\u00e7\u00e3o Cresce-DF<br>Entrada: Gratuita<br>Classifica\u00e7\u00e3o: Livre<br>Informa\u00e7\u00f5es: (61) 98424-8537<\/p>\n\n\n\n<p>Foto: Divulga\u00e7\u00e3o\/Emater-DF<\/p>\n","protected":false},"excerpt":{"rendered":"<p>Evento investe em gastronomia, artesanato e floricultura para promover o enoturismo em \u00e2mbito nacional A 2\u00aa edi\u00e7\u00e3o da Feira da Uva e do Vinho j\u00e1 tem data marcada. No per\u00edodo de 29 de julho a 7 de agosto, apreciadores da bebida, empreendedores e produtores locais de uva e vinho voltar\u00e3o a se reunir no Parque [&hellip;]<\/p>\n","protected":false},"author":1,"featured_media":0,"comment_status":"open","ping_status":"open","sticky":false,"template":"","format":"standard","meta":{"footnotes":""},"categories":[],"tags":[],"class_list":["post-5748","post","type-post","status-publish","format-standard","hentry"],"_links":{"self":[{"href":"https:\/\/aguaslindasnoticias.com.br\/index.php\/wp-json\/wp\/v2\/posts\/5748","targetHints":{"allow":["GET"]}}],"collection":[{"href":"https:\/\/aguaslindasnoticias.com.br\/index.php\/wp-json\/wp\/v2\/posts"}],"about":[{"href":"https:\/\/aguaslindasnoticias.com.br\/index.php\/wp-json\/wp\/v2\/types\/post"}],"author":[{"embeddable":true,"href":"https:\/\/aguaslindasnoticias.com.br\/index.php\/wp-json\/wp\/v2\/users\/1"}],"replies":[{"embeddable":true,"href":"https:\/\/aguaslindasnoticias.com.br\/index.php\/wp-json\/wp\/v2\/comments?post=5748"}],"version-history":[{"count":0,"href":"https:\/\/aguaslindasnoticias.com.br\/index.php\/wp-json\/wp\/v2\/posts\/5748\/revisions"}],"wp:attachment":[{"href":"https:\/\/aguaslindasnoticias.com.br\/index.php\/wp-json\/wp\/v2\/media?parent=5748"}],"wp:term":[{"taxonomy":"category","embeddable":true,"href":"https:\/\/aguaslindasnoticias.com.br\/index.php\/wp-json\/wp\/v2\/categories?post=5748"},{"taxonomy":"post_tag","embeddable":true,"href":"https:\/\/aguaslindasnoticias.com.br\/index.php\/wp-json\/wp\/v2\/tags?post=5748"}],"curies":[{"name":"wp","href":"https:\/\/api.w.org\/{rel}","templated":true}]}}