{"id":5747,"date":"2023-01-04T10:15:03","date_gmt":"2023-01-04T13:15:03","guid":{"rendered":"https:\/\/aguaslindasnoticias.com.br\/index.php\/2023\/01\/04\/pedro-paulo-matheus-e-outros-sertanejos-movimentam-a-concha-acustica-neste-final-de-semana\/"},"modified":"2023-01-04T10:15:03","modified_gmt":"2023-01-04T13:15:03","slug":"pedro-paulo-matheus-e-outros-sertanejos-movimentam-a-concha-acustica-neste-final-de-semana","status":"publish","type":"post","link":"https:\/\/aguaslindasnoticias.com.br\/index.php\/2023\/01\/04\/pedro-paulo-matheus-e-outros-sertanejos-movimentam-a-concha-acustica-neste-final-de-semana\/","title":{"rendered":"Pedro Paulo &#038; Matheus e outros sertanejos movimentam a Concha Ac\u00fastica neste final de semana"},"content":{"rendered":"\n<p><em>Festival sertanejo faz parte de projeto que pretende incluir Bras\u00edlia entre os principais destinos dos amantes do estilo musical. A entrada \u00e9 franca<\/em><\/p>\n\n\n\n<figure class=\"wp-block-image size-large\"><img decoding=\"async\" src=\"http:\/\/claricegulyas.com.br\/wp-content\/uploads\/2022\/07\/brasilia-do-turismo-a-musica-sertaneja-df-festival-projeto-2.jpeg\" alt=\"\" class=\"wp-image-10578\"\/><\/figure>\n\n\n\n<p><br>Com a inten\u00e7\u00e3o de promover a capital atrav\u00e9s da m\u00fasica sertaneja, o projeto <strong>Bras\u00edlia: do Turismo \u00e0 M\u00fasica Sertaneja<\/strong> realiza neste s\u00e1bado e domingo (16 e 17 de julho), \u00e0s 15h, s\u00e9rie de shows gratuitos na Concha Ac\u00fastica. A programa\u00e7\u00e3o re\u00fane os principais nomes da cena musical da cidade e tem classifica\u00e7\u00e3o livre.<\/p>\n\n\n\n<p>Idealizado pela Associa\u00e7\u00e3o Cresce DF, com apoio da Secretaria de Turismo do Distrito Federal, o projeto tem como objetivo valorizar os artistas sertanejos locais e pontos tur\u00edsticos de Bras\u00edlia, refletindo na gera\u00e7\u00e3o de renda dos empreendedores da cidade.<\/p>\n\n\n\n<p>Apesar de ser reconhecida por exportar grandes nomes do pop rock nacional, como as bandas Legi\u00e3o Urbana, Capital Inicial e Raimundos, o DF \u00e9 tamb\u00e9m ber\u00e7o de refer\u00eancias do sertanejo, como as duplas Pedro Paulo &amp; Matheus e Cleber &amp; Cauan, sem falar no cantor internacional Gusttavo Lima.<\/p>\n\n\n\n<p>Um levantamento feito pelo Escrit\u00f3rio Central de Arrecada\u00e7\u00e3o e Distribui\u00e7\u00e3o (Ecad) comprova que o sertanejo caiu no gosto popular do brasiliense ao mostrar que entre as dez m\u00fasicas mais escutadas no Centro-Oeste, nove s\u00e3o do g\u00eanero sertanejo.<\/p>\n\n\n\n<p><strong>Programa\u00e7\u00e3o<\/strong><\/p>\n\n\n\n<p>Os irm\u00e3os Roniel &amp; Rafael se apresentar\u00e3o no s\u00e1bado, \u00e0s 16h, com o melhor do mod\u00e3o e do sertanejo universit\u00e1rio. \u00c0s 17h30, a banda Encosta N\u2019Eu promete fazer o p\u00fablico dan\u00e7ar com hits do arrasta p\u00e9, incluindo os sucessos \u201cVixe \u00d3 (olha que del\u00edcia)\u201d e \u201cVai v\u00ea\u201d (grava\u00e7\u00e3o com participa\u00e7\u00e3o do Falamansa).<\/p>\n\n\n\n<p>No domingo, \u00e0s 16h, o som vai ficar por conta da dupla Alisson &amp; Ariel, que brindar\u00e1 o p\u00fablico brasiliense com muita m\u00fasica raiz. O encerramento, \u00e0s 17h30, ficar\u00e1 por conta de Pedro Paulo &amp; Matheus, que dever\u00e3o performar os principais sucessos da carreira, como \u201cMinta Finja\u201d, \u201cSaudade\u201d e \u201cMeu Jeito de Amar\u201d.<\/p>\n\n\n\n<p><strong>Servi\u00e7o:<\/strong><br><strong>Bras\u00edlia: do Turismo \u00e0 M\u00fasica Sertaneja<\/strong><br>Data: 16 e 17 de julho de 2002 (s\u00e1bado e domingo)<br>Hora: 15h (abertura)<br>Local: Concha Ac\u00fastica<br>Realiza\u00e7\u00e3o: Associa\u00e7\u00e3o Cresce DF<br>Apoio: Secretaria de Turismo do DF<br>Entrada: Gratuita<br>Classifica\u00e7\u00e3o: livre<br>Informa\u00e7\u00f5es: 61 99823-0073<\/p>\n","protected":false},"excerpt":{"rendered":"<p>Festival sertanejo faz parte de projeto que pretende incluir Bras\u00edlia entre os principais destinos dos amantes do estilo musical. A entrada \u00e9 franca Com a inten\u00e7\u00e3o de promover a capital atrav\u00e9s da m\u00fasica sertaneja, o projeto Bras\u00edlia: do Turismo \u00e0 M\u00fasica Sertaneja realiza neste s\u00e1bado e domingo (16 e 17 de julho), \u00e0s 15h, s\u00e9rie [&hellip;]<\/p>\n","protected":false},"author":1,"featured_media":0,"comment_status":"open","ping_status":"open","sticky":false,"template":"","format":"standard","meta":{"footnotes":""},"categories":[],"tags":[],"class_list":["post-5747","post","type-post","status-publish","format-standard","hentry"],"_links":{"self":[{"href":"https:\/\/aguaslindasnoticias.com.br\/index.php\/wp-json\/wp\/v2\/posts\/5747","targetHints":{"allow":["GET"]}}],"collection":[{"href":"https:\/\/aguaslindasnoticias.com.br\/index.php\/wp-json\/wp\/v2\/posts"}],"about":[{"href":"https:\/\/aguaslindasnoticias.com.br\/index.php\/wp-json\/wp\/v2\/types\/post"}],"author":[{"embeddable":true,"href":"https:\/\/aguaslindasnoticias.com.br\/index.php\/wp-json\/wp\/v2\/users\/1"}],"replies":[{"embeddable":true,"href":"https:\/\/aguaslindasnoticias.com.br\/index.php\/wp-json\/wp\/v2\/comments?post=5747"}],"version-history":[{"count":0,"href":"https:\/\/aguaslindasnoticias.com.br\/index.php\/wp-json\/wp\/v2\/posts\/5747\/revisions"}],"wp:attachment":[{"href":"https:\/\/aguaslindasnoticias.com.br\/index.php\/wp-json\/wp\/v2\/media?parent=5747"}],"wp:term":[{"taxonomy":"category","embeddable":true,"href":"https:\/\/aguaslindasnoticias.com.br\/index.php\/wp-json\/wp\/v2\/categories?post=5747"},{"taxonomy":"post_tag","embeddable":true,"href":"https:\/\/aguaslindasnoticias.com.br\/index.php\/wp-json\/wp\/v2\/tags?post=5747"}],"curies":[{"name":"wp","href":"https:\/\/api.w.org\/{rel}","templated":true}]}}