{"id":5746,"date":"2023-01-04T10:15:03","date_gmt":"2023-01-04T13:15:03","guid":{"rendered":"https:\/\/aguaslindasnoticias.com.br\/index.php\/2023\/01\/04\/o-portal-do-mamulengo-entrara-no-ar-neste-sabado30\/"},"modified":"2023-01-04T10:15:03","modified_gmt":"2023-01-04T13:15:03","slug":"o-portal-do-mamulengo-entrara-no-ar-neste-sabado30","status":"publish","type":"post","link":"https:\/\/aguaslindasnoticias.com.br\/index.php\/2023\/01\/04\/o-portal-do-mamulengo-entrara-no-ar-neste-sabado30\/","title":{"rendered":"O portal do Mamulengo entrar\u00e1 no ar neste s\u00e1bado(30)"},"content":{"rendered":"\n<figure class=\"wp-block-image size-large is-resized\"><img decoding=\"async\" src=\"http:\/\/claricegulyas.com.br\/wp-content\/uploads\/2022\/07\/WhatsApp-Image-2022-07-12-at-19.07.47-1024x844.jpeg\" alt=\"\" class=\"wp-image-10570\" width=\"550\" height=\"453\"\/><figcaption>Ser\u00e1 lan\u00e7ado oficialmente, por meio de uma live, o Portal do Mamulengo, projeto de valoriza\u00e7\u00e3o do Teatro de Bonecos\u00a0Popular do Nordeste e sua cadeia produtiva<\/figcaption><\/figure>\n\n\n\n<p>Contemplado pelo programa BNDES+, de cofinanciamento de iniciativas voltadas ao patrim\u00f4nio material e imaterial nacional, o <a href=\"http:\/\/portaldomamulengo.com.br\">Portal do Mamulengo<\/a> estar\u00e1 dispon\u00edvel para acesso a partir das 19h do s\u00e1bado (30\/04).\u00a0 Para marcar o lan\u00e7amento oficial, ser\u00e1 realizada uma live nesse mesmo hor\u00e1rio pelo <a href=\"http:\/\/facebook.com\/portaldomamulengo\">Facebook <\/a>do projeto. . O Portal re\u00fane informa\u00e7\u00f5es de mais de 100 mestres e novos brincantes, com dados, fotos, v\u00eddeos, tudo que for necess\u00e1rio para preservar a mem\u00f3ria e a t\u00e9cnica centen\u00e1ria desse patrim\u00f4nio imaterial brasileiro, que sobrevive desde os tempos coloniais.<\/p>\n\n\n\n<figure class=\"wp-block-image size-large\"><img decoding=\"async\" src=\"http:\/\/claricegulyas.com.br\/wp-content\/uploads\/2022\/07\/MARCO-AUGUSTO-REZENDE-divulgac\u0327a\u0303o-1024x680.jpeg\" alt=\"\" class=\"wp-image-10571\"\/><figcaption>O coordenador do Projeto &#8220;Portal do Mamulengo&#8221; e diretor art\u00edstico e de cria\u00e7\u00e3o da Cia Voar Teatro de Bonecos (sediada no Gama-DF) , Marco Augusto de Rezende, \u00a0explica que o projeto bateu a meta de financiamento coletivo um dia antes do prazo final e que a sele\u00e7\u00e3o de brincantes contou com uma curadoria super qualificada na \u00e1rea de cultura popular.<\/figcaption><\/figure>\n\n\n\n<p>&#8220;Temos uma respeit\u00e1vel equipe curatorial: a bonequeira, Profa Dra Izabela Brochado (UnB), especialista em cultura popular; Chico Sim\u00f5es, mestre reconhecido pelo Patrim\u00f4nio Hist\u00f3rico e Art\u00edstico Nacional (Iphan) e Andreisson Quintela, criador da TV Mamulengo e membro da Comiss\u00e3o de Bonecos Populares da Associa\u00e7\u00e3o Brasileira de Teatro de Bonecos (ABTB)&#8221;, \u00a0diz o bonequeiro.<\/p>\n\n\n\n<p>&#8220;O Portal traz \u00a0o m\u00e1ximo de informa\u00e7\u00f5es sobre brincantes, mestras e mestres do Teatro de Bonecos Popular do Nordeste e sua cadeia produtiva&#8221;, ressaltou.<\/p>\n\n\n\n<p>Patrim\u00f4nio<br>O artista tamb\u00e9m aponta que desde quando o Teatro de Bonecos Popular do Nordeste foi reconhecido pelo Iphan como patrim\u00f4nio imaterial do Brasil (2015), o n\u00famero de brincantes dos bonecos do tipo mamulengo s\u00f3 aumenta, estando presente em quase todo o pa\u00eds. &#8220;Por isso, o portal \u00e9 t\u00e3o importante, pois lida com a mem\u00f3ria dessa importante manifesta\u00e7\u00e3o art\u00edstica e pode alcan\u00e7ar pessoas de todas as idades, o que \u00e9 muito importante. Vamos trabalhar com muita satisfa\u00e7\u00e3o para difundir o trabalho dos brincantes&#8221;, defende o diretor art\u00edstico e de cria\u00e7\u00e3o da Cia Voar.<\/p>\n\n\n\n<p>&#8220;Alguns jovens t\u00eam procurado conhecer o mundo m\u00e1gico dos \u00a0bonecos, e aqui e ali, surgem novos grupos. No DF, por exemplo, j\u00e1 contamos com cerca de 20 grupos que trabalham com mamulengos. O que muito nos orgulha e encanta&#8221; finaliza.<\/p>\n\n\n\n<p>Parceiros<br>A Associa\u00e7\u00e3o Candanga de Teatro de Bonecos (ACTB) e a Associa\u00e7\u00e3o Brasileira de Teatro de Bonecos (ABTB) s\u00e3o parceiras da Cia Voar Teatro de Bonecos no Portal do Mamulengo.<\/p>\n\n\n\n<p>BNDES<br>O projeto foi selecionado no \u00e2mbito do \u201cEdital Matchfunding BNDES+\u201d, que estimula a\u00e7\u00f5es de legado para o patrim\u00f4nio cultural brasileiro. Assim, para cada real arrecadado na campanha, o BNDES entra com mais dois reais, triplicando os recursos at\u00e9 atingir a primeira meta. Mas a regra \u00e9 TUDO ou NADA: se essa meta n\u00e3o for atingida, o valor arrecadado \u00e9 devolvido e o projeto n\u00e3o acontece.<\/p>\n\n\n\n<p>Os diversos nomes dos mamulengos Brasil afora<br>A apresenta\u00e7\u00e3o do Teatro de Bonecos Popular do Nordeste \u00e9 chamada por diferentes nomes dependendo de onde ele vem. \u00c9 chamado de Mamulengo, em Pernambuco e no Distrito Federal; Babau, na Para\u00edba; Jo\u00e3o Redondo ou Calunga, no Rio Grande do Norte; e Cassimiro Coco, no Cear\u00e1, Piau\u00ed e Maranh\u00e3o.<\/p>\n\n\n\n<p><\/p>\n","protected":false},"excerpt":{"rendered":"<p>Contemplado pelo programa BNDES+, de cofinanciamento de iniciativas voltadas ao patrim\u00f4nio material e imaterial nacional, o Portal do Mamulengo estar\u00e1 dispon\u00edvel para acesso a partir das 19h do s\u00e1bado (30\/04).\u00a0 Para marcar o lan\u00e7amento oficial, ser\u00e1 realizada uma live nesse mesmo hor\u00e1rio pelo Facebook do projeto. . O Portal re\u00fane informa\u00e7\u00f5es de mais de 100 [&hellip;]<\/p>\n","protected":false},"author":1,"featured_media":0,"comment_status":"open","ping_status":"open","sticky":false,"template":"","format":"standard","meta":{"footnotes":""},"categories":[],"tags":[],"class_list":["post-5746","post","type-post","status-publish","format-standard","hentry"],"_links":{"self":[{"href":"https:\/\/aguaslindasnoticias.com.br\/index.php\/wp-json\/wp\/v2\/posts\/5746","targetHints":{"allow":["GET"]}}],"collection":[{"href":"https:\/\/aguaslindasnoticias.com.br\/index.php\/wp-json\/wp\/v2\/posts"}],"about":[{"href":"https:\/\/aguaslindasnoticias.com.br\/index.php\/wp-json\/wp\/v2\/types\/post"}],"author":[{"embeddable":true,"href":"https:\/\/aguaslindasnoticias.com.br\/index.php\/wp-json\/wp\/v2\/users\/1"}],"replies":[{"embeddable":true,"href":"https:\/\/aguaslindasnoticias.com.br\/index.php\/wp-json\/wp\/v2\/comments?post=5746"}],"version-history":[{"count":0,"href":"https:\/\/aguaslindasnoticias.com.br\/index.php\/wp-json\/wp\/v2\/posts\/5746\/revisions"}],"wp:attachment":[{"href":"https:\/\/aguaslindasnoticias.com.br\/index.php\/wp-json\/wp\/v2\/media?parent=5746"}],"wp:term":[{"taxonomy":"category","embeddable":true,"href":"https:\/\/aguaslindasnoticias.com.br\/index.php\/wp-json\/wp\/v2\/categories?post=5746"},{"taxonomy":"post_tag","embeddable":true,"href":"https:\/\/aguaslindasnoticias.com.br\/index.php\/wp-json\/wp\/v2\/tags?post=5746"}],"curies":[{"name":"wp","href":"https:\/\/api.w.org\/{rel}","templated":true}]}}