{"id":5745,"date":"2023-01-04T10:15:03","date_gmt":"2023-01-04T13:15:03","guid":{"rendered":"https:\/\/aguaslindasnoticias.com.br\/index.php\/2023\/01\/04\/damares-alves-pede-apoio-a-comandante-aboud-em-motociata-do-df\/"},"modified":"2023-01-04T10:15:03","modified_gmt":"2023-01-04T13:15:03","slug":"damares-alves-pede-apoio-a-comandante-aboud-em-motociata-do-df","status":"publish","type":"post","link":"https:\/\/aguaslindasnoticias.com.br\/index.php\/2023\/01\/04\/damares-alves-pede-apoio-a-comandante-aboud-em-motociata-do-df\/","title":{"rendered":"Damares Alves pede apoio a Comandante Aboud em motociata do DF"},"content":{"rendered":"\n<figure class=\"wp-block-image size-large\"><img decoding=\"async\" src=\"http:\/\/claricegulyas.com.br\/wp-content\/uploads\/2022\/07\/WhatsApp-Image-2022-07-11-at-12.34.44-1-1024x832.jpeg\" alt=\"\" class=\"wp-image-10565\"\/><\/figure>\n\n\n\n<p><em>Ato convocado pela ex-ministra da Mulher, da Fam\u00edlia e dos Direitos Humanos reuniu p\u00fablico conservador no centro de Bras\u00edlia neste domingo<\/em><\/p>\n\n\n\n<p>Por motivo de &#8220;estafa&#8221;, <strong>Damares Alves<\/strong> optou por n\u00e3o andar de moto neste domingo (10\/7), em sua primeira motociata, realizada em Bras\u00edlia. A pr\u00e9-candidata ao Senado recepcionou o p\u00fablico na sede do Republicanos, onde pediu o apoio dos conservadores da capital ao <strong>Comandante Aboud<\/strong>, pr\u00e9-candidato a deputado federal pelo Republicanos no Distrito Federal.<\/p>\n\n\n\n<p>&#8220;Foi lindo o que eu vi aqui hoje. Deus aben\u00e7oe voc\u00eas. Estamos juntos pelo Brasil e por um DF sem viol\u00eancia, sem corrup\u00e7\u00e3o e sem mentiras. Muito obrigada a todos voc\u00eas que sa\u00edram de casa com sua moto e fizeram esta homenagem. \u00c9 todo mundo junto com Comandante Aboud!&#8221;, disse Damares.<\/p>\n\n\n\n<p>Ao transformar o evento numa esp\u00e9cie de homenagem \u00e0 ex-ministra, Comandante Aboud agradeceu a participa\u00e7\u00e3o dos motociclistas e se colocou \u00e0 disposi\u00e7\u00e3o de Damares nas elei\u00e7\u00f5es. Um dos idealizadores da primeira motociata de Bolsonaro, o militar da reserva tem sido cada vez mais prestigiado por bolsonaristas, conservadores e religiosos.<\/p>\n\n\n\n<p>&#8220;Sem d\u00favidas, este \u00e9 um reconhecimento importante que reflete muitos anos dedicados a servi\u00e7o da popula\u00e7\u00e3o do DF, seja como comandante dos bombeiros, seja como volunt\u00e1rio de diversas atividades sociais e religiosas&#8221;, afirma Aboud.&nbsp;<\/p>\n\n\n\n<figure class=\"wp-block-image size-large\"><img decoding=\"async\" src=\"http:\/\/claricegulyas.com.br\/wp-content\/uploads\/2022\/07\/WhatsApp-Image-2022-07-11-at-12.34.44-1024x644.jpeg\" alt=\"\" class=\"wp-image-10566\"\/><\/figure>\n\n\n\n<p>Na garupa de Aboud, Kelly Bolsonaro (Republicanos) foi s\u00f3 elogios ao evento. &#8220;Por onde pass\u00e1vamos fomos aplaudidos! Muita gente acenou para n\u00f3s, fazendo contin\u00eancia, aplaudindo e fazendo cora\u00e7\u00e3o com as m\u00e3os. O importante foi ver que o brasiliense est\u00e1 conosco nesta caminhada&#8221;, aprovou a pr\u00e9-candidata a deputada distrital.<\/p>\n\n\n\n<p>O encontro de motociclistas teve como trajeto sa\u00edda da Concha Ac\u00fastica, \u00e0s 10:15h, passando pelo Eixo Monumental e Parque da Cidade, e chegada \u00e0 sede do partido Republicanos, na Asa Sul, por volta das 11h. Na ocasi\u00e3o, Damares justificou sua aus\u00eancia na garupa da moto pilotada por Comandante Aboud, alegando ainda estar em recupera\u00e7\u00e3o de sa\u00fade, ap\u00f3s recente tratamento de uma pneumonia.<\/p>\n\n\n\n<p><strong>Quem \u00e9 Comandante Aboud<\/strong><\/p>\n\n\n\n<p>Candidato mais bem votado do Partido Social Liberal (PSL) no DF, com 14.672 votos nas elei\u00e7\u00f5es de 2018, Comandante Aboud voltar\u00e1 a disputar uma cadeira na C\u00e2mara dos Deputados. Militar da Reserva Remunerada, Comandante Aboud foi Comandante Geral do Corpo de Bombeiros Militar do DF em 2008 e 2009, idealizador, criador e implantou o servi\u00e7o de moto-resgate, \u00e9 respons\u00e1vel por diversas conquistas de direitos trabalhistas para bombeiros e PMs, como a atual Lei de Remunera\u00e7\u00e3o, considerada a melhor legisla\u00e7\u00e3o remunerat\u00f3ria dos militares estaduais da \u00e9poca, e a Lei de reestrutura\u00e7\u00e3o dos militares distritais, que na \u00e9poca ajudou muito os policiais e bombeiros militares.<\/p>\n\n\n\n<p>Conservador, crist\u00e3o cat\u00f3lico e defensor da fam\u00edlia, tem longa hist\u00f3ria de luta por causas nobres de civismo e patriotismo. Idealizador da primeira motociata de Bolsonaro, Comandante Aboud \u00e9 hoje 2\u00b0 vice-presidente da Federa\u00e7\u00e3o Nacional de Entidades de Oficiais Militares Estaduais, vice-presidente da Liga da Defesa Nacional, membro da Equipe de Nossa Senhora e da Pastoral Familiar da Par\u00f3quia S\u00e3o Paulo Apostolo do Guar\u00e1 I, e pr\u00e9-candidato a deputado federal pelo partido Republicanos no DF.<\/p>\n","protected":false},"excerpt":{"rendered":"<p>Ato convocado pela ex-ministra da Mulher, da Fam\u00edlia e dos Direitos Humanos reuniu p\u00fablico conservador no centro de Bras\u00edlia neste domingo Por motivo de &#8220;estafa&#8221;, Damares Alves optou por n\u00e3o andar de moto neste domingo (10\/7), em sua primeira motociata, realizada em Bras\u00edlia. A pr\u00e9-candidata ao Senado recepcionou o p\u00fablico na sede do Republicanos, onde [&hellip;]<\/p>\n","protected":false},"author":1,"featured_media":0,"comment_status":"open","ping_status":"open","sticky":false,"template":"","format":"standard","meta":{"footnotes":""},"categories":[],"tags":[],"class_list":["post-5745","post","type-post","status-publish","format-standard","hentry"],"_links":{"self":[{"href":"https:\/\/aguaslindasnoticias.com.br\/index.php\/wp-json\/wp\/v2\/posts\/5745","targetHints":{"allow":["GET"]}}],"collection":[{"href":"https:\/\/aguaslindasnoticias.com.br\/index.php\/wp-json\/wp\/v2\/posts"}],"about":[{"href":"https:\/\/aguaslindasnoticias.com.br\/index.php\/wp-json\/wp\/v2\/types\/post"}],"author":[{"embeddable":true,"href":"https:\/\/aguaslindasnoticias.com.br\/index.php\/wp-json\/wp\/v2\/users\/1"}],"replies":[{"embeddable":true,"href":"https:\/\/aguaslindasnoticias.com.br\/index.php\/wp-json\/wp\/v2\/comments?post=5745"}],"version-history":[{"count":0,"href":"https:\/\/aguaslindasnoticias.com.br\/index.php\/wp-json\/wp\/v2\/posts\/5745\/revisions"}],"wp:attachment":[{"href":"https:\/\/aguaslindasnoticias.com.br\/index.php\/wp-json\/wp\/v2\/media?parent=5745"}],"wp:term":[{"taxonomy":"category","embeddable":true,"href":"https:\/\/aguaslindasnoticias.com.br\/index.php\/wp-json\/wp\/v2\/categories?post=5745"},{"taxonomy":"post_tag","embeddable":true,"href":"https:\/\/aguaslindasnoticias.com.br\/index.php\/wp-json\/wp\/v2\/tags?post=5745"}],"curies":[{"name":"wp","href":"https:\/\/api.w.org\/{rel}","templated":true}]}}