{"id":5743,"date":"2023-01-04T10:15:03","date_gmt":"2023-01-04T13:15:03","guid":{"rendered":"https:\/\/aguaslindasnoticias.com.br\/index.php\/2023\/01\/04\/hospital-veterinario-do-df-tera-atendimentos-de-cardiologia-e-oncologia\/"},"modified":"2023-01-04T10:15:03","modified_gmt":"2023-01-04T13:15:03","slug":"hospital-veterinario-do-df-tera-atendimentos-de-cardiologia-e-oncologia","status":"publish","type":"post","link":"https:\/\/aguaslindasnoticias.com.br\/index.php\/2023\/01\/04\/hospital-veterinario-do-df-tera-atendimentos-de-cardiologia-e-oncologia\/","title":{"rendered":"Hospital veterin\u00e1rio do DF ter\u00e1 atendimentos de cardiologia e oncologia"},"content":{"rendered":"\n<p>O Hvep, que est\u00e1 sendo ampliado, tamb\u00e9m vai atender nas especialidades de oftalmologia e dermatologia e contar\u00e1 com servi\u00e7o de interna\u00e7\u00e3o 24 horas<\/p>\n\n\n\n<p>Catarina Lima, da Ag\u00eancia Bras\u00edlia I Edi\u00e7\u00e3o: D\u00e9bora Cronemberger<\/p>\n\n\n\n<p>O Servi\u00e7o Veterin\u00e1rio P\u00fablico (HVep) do DF passar\u00e1 a atender as especialidades cardiologia, oncologia, oftalmologia e dermatologia, al\u00e9m das cl\u00ednicas m\u00e9dica, ortop\u00e9dica e cir\u00fargica, contempladas atualmente. Isso ser\u00e1 poss\u00edvel em breve devido \u00e0 amplia\u00e7\u00e3o da unidade, cuja obra est\u00e1 em fase de finaliza\u00e7\u00e3o. Outra novidade para os tutores que recorrem ao HVep em busca de tratamento para seus pets ser\u00e1 a cria\u00e7\u00e3o do servi\u00e7o de interna\u00e7\u00e3o 24 horas.<\/p>\n\n\n\n<figure class=\"wp-block-image\"><img decoding=\"async\" src=\"http:\/\/www.agenciabrasilia.df.gov.br\/wp-conteudo\/uploads\/2022\/07\/PHC_0087-scaled.jpg\" alt=\"\" class=\"wp-image-423872\"\/><figcaption>Animais atendidos no Hvep poder\u00e3o ter interna\u00e7\u00e3o 24 horas, a partir da conclus\u00e3o das obras de amplia\u00e7\u00e3o | Fotos: Paulo H. Carvalho\/Ag\u00eancia Bras\u00edlia<\/figcaption><\/figure>\n\n\n\n<p>A dona de casa Raquel Barbosa, moradora de Taguatinga, acompanhava sua cadelinha da ra\u00e7a Shih-tzu, que recebia uma transfus\u00e3o de sangue. \u201cEla estava cansada, debilitada, mas j\u00e1 est\u00e1 bem melhor\u201d, comemorava Raquel durante o atendimento. Com a amplia\u00e7\u00e3o do hospital, ser\u00e1 poss\u00edvel aumentar de 100 para 150 atendimentos di\u00e1rios, um aumento de 50%.<\/p>\n\n\n\n<p>\u201cHoje o hospital n\u00e3o tem interna\u00e7\u00e3o 24 horas. Nossa interna\u00e7\u00e3o \u00e9 somente at\u00e9 as 17h. Os animais que precisam ser internados no per\u00edodo noturno infelizmente s\u00e3o transferidos para cl\u00ednicas privadas. A amplia\u00e7\u00e3o vai nos dar a oportunidade de internar animais que precisam de um suporte noturno\u201d, explicou Lidiene Samayana, diretora da unidade.<\/p>\n\n\n\n<figure class=\"wp-block-image\"><img decoding=\"async\" src=\"http:\/\/www.agenciabrasilia.df.gov.br\/wp-conteudo\/uploads\/2022\/07\/Diretora-do-Hospital-Veterinario-Lindiane-Samayana-300x199.jpg\" alt=\"\" class=\"wp-image-423873\"\/><figcaption>\u201cA amplia\u00e7\u00e3o vai nos dar a oportunidade de internar animais que precisam de um suporte noturno\u201d, diz a diretora do hospital, Lidiene Samayana<\/figcaption><\/figure>\n\n\n\n<p>O Instituto Bras\u00edlia Ambiental \u00e9 o respons\u00e1vel pelo hospital. O presidente do Bras\u00edlia Ambiental, Cl\u00e1udio Trinch\u00e3o, disse que o Hvep faz parte de um trabalho maior, que \u00e9 a prote\u00e7\u00e3o da fauna silvestre, uma vez que a\u00e7\u00f5es de tratamentos e castra\u00e7\u00f5es de c\u00e3es e gatos podem reduzir as zoonoses (enfermidades naturalmente transmiss\u00edveis entre os animais e o homem) ou a procria\u00e7\u00e3o desordenada, que acaba interferindo no equil\u00edbrio da fauna silvestre. \u201cA amplia\u00e7\u00e3o \u00e9 mais um passo para expandir esse servi\u00e7o\u201d, disse Trinch\u00e3o.<\/p>\n\n\n\n<p><strong>Cl\u00ednica veterin\u00e1ria itinerante<\/strong><\/p>\n\n\n\n<p>O secret\u00e1rio executivo do Instituto Bras\u00edlia Ambiental, Th\u00falio Marques, disse que, al\u00e9m da amplia\u00e7\u00e3o do HVep, os tutores de animais contam com as unidades m\u00f3veis de atendimento, servi\u00e7o que teve in\u00edcio em janeiro deste ano em Samambaia. Depois de quatro meses, a cl\u00ednica itinerante foi para o Parque Ecol\u00f3gico do Riacho Fundo, onde se encontra atualmente. A unidade \u00e9 composta por um veterin\u00e1rio e um enfermeiro, que fazem dez atendimentos por dia, como consultas, pequenos curativos e coleta de material para exame.<\/p>\n","protected":false},"excerpt":{"rendered":"<p>O Hvep, que est\u00e1 sendo ampliado, tamb\u00e9m vai atender nas especialidades de oftalmologia e dermatologia e contar\u00e1 com servi\u00e7o de interna\u00e7\u00e3o 24 horas Catarina Lima, da Ag\u00eancia Bras\u00edlia I Edi\u00e7\u00e3o: D\u00e9bora Cronemberger O Servi\u00e7o Veterin\u00e1rio P\u00fablico (HVep) do DF passar\u00e1 a atender as especialidades cardiologia, oncologia, oftalmologia e dermatologia, al\u00e9m das cl\u00ednicas m\u00e9dica, ortop\u00e9dica e [&hellip;]<\/p>\n","protected":false},"author":1,"featured_media":0,"comment_status":"open","ping_status":"open","sticky":false,"template":"","format":"standard","meta":{"footnotes":""},"categories":[],"tags":[],"class_list":["post-5743","post","type-post","status-publish","format-standard","hentry"],"_links":{"self":[{"href":"https:\/\/aguaslindasnoticias.com.br\/index.php\/wp-json\/wp\/v2\/posts\/5743","targetHints":{"allow":["GET"]}}],"collection":[{"href":"https:\/\/aguaslindasnoticias.com.br\/index.php\/wp-json\/wp\/v2\/posts"}],"about":[{"href":"https:\/\/aguaslindasnoticias.com.br\/index.php\/wp-json\/wp\/v2\/types\/post"}],"author":[{"embeddable":true,"href":"https:\/\/aguaslindasnoticias.com.br\/index.php\/wp-json\/wp\/v2\/users\/1"}],"replies":[{"embeddable":true,"href":"https:\/\/aguaslindasnoticias.com.br\/index.php\/wp-json\/wp\/v2\/comments?post=5743"}],"version-history":[{"count":0,"href":"https:\/\/aguaslindasnoticias.com.br\/index.php\/wp-json\/wp\/v2\/posts\/5743\/revisions"}],"wp:attachment":[{"href":"https:\/\/aguaslindasnoticias.com.br\/index.php\/wp-json\/wp\/v2\/media?parent=5743"}],"wp:term":[{"taxonomy":"category","embeddable":true,"href":"https:\/\/aguaslindasnoticias.com.br\/index.php\/wp-json\/wp\/v2\/categories?post=5743"},{"taxonomy":"post_tag","embeddable":true,"href":"https:\/\/aguaslindasnoticias.com.br\/index.php\/wp-json\/wp\/v2\/tags?post=5743"}],"curies":[{"name":"wp","href":"https:\/\/api.w.org\/{rel}","templated":true}]}}