{"id":5740,"date":"2023-01-04T10:15:03","date_gmt":"2023-01-04T13:15:03","guid":{"rendered":"https:\/\/aguaslindasnoticias.com.br\/index.php\/2023\/01\/04\/vacinas-contra-covid-19-e-gripe-podem-ser-aplicadas-no-mesmo-dia\/"},"modified":"2023-01-04T10:15:03","modified_gmt":"2023-01-04T13:15:03","slug":"vacinas-contra-covid-19-e-gripe-podem-ser-aplicadas-no-mesmo-dia","status":"publish","type":"post","link":"https:\/\/aguaslindasnoticias.com.br\/index.php\/2023\/01\/04\/vacinas-contra-covid-19-e-gripe-podem-ser-aplicadas-no-mesmo-dia\/","title":{"rendered":"Vacinas contra covid-19 e gripe podem ser aplicadas no mesmo dia"},"content":{"rendered":"\n<p>Dupla prote\u00e7\u00e3o, indicada para quem tem mais de 12 anos, est\u00e1 garantida em 80 unidades de sa\u00fade do Distrito Federal; confira os locais<\/p>\n\n\n\n<p>Ag\u00eancia Bras\u00edlia* | Edi\u00e7\u00e3o: Rosualdo Rodrigues<br>A popula\u00e7\u00e3o do Distrito Federal com mais de 12 anos pode procurar 80 unidades de sa\u00fade para receber uma dupla prote\u00e7\u00e3o: as vacinas contra covid-19 e contra a gripe (influenza) est\u00e3o liberadas para aplica\u00e7\u00e3o no mesmo momento. A regra vale tanto para quem vai tomar a primeira dose quanto para quem vai tomar a segunda ou qualquer um dos refor\u00e7os contra a covid-19.<\/p>\n\n\n\n<blockquote class=\"wp-block-quote is-layout-flow wp-block-quote-is-layout-flow\"><p>Se necess\u00e1rio, o usu\u00e1rio pode at\u00e9 receber tr\u00eas ou mais vacinas em um dia. \u00c9 o caso de um adulto que nunca tenha tomado, por exemplo, vacinas contra febre amarela ou t\u00e9tano<\/p><\/blockquote>\n\n\n\n<p>A enfermeira Fernanda Ledes, da \u00e1rea t\u00e9cnica de imuniza\u00e7\u00e3o da Secretaria de Sa\u00fade, diz que a aplica\u00e7\u00e3o das duas vacinas n\u00e3o amplia a possibilidade de rea\u00e7\u00f5es. \u201cVoc\u00ea pode aproveitar a mesma oportunidade e tomar a de influenza junto, n\u00e3o tem problema\u201d, tranquiliza.<\/p>\n\n\n\n<p>A chefe da assessoria de mobiliza\u00e7\u00e3o das a\u00e7\u00f5es de combate \u00e0s endemias, Cristina Soares, lembra que a aplica\u00e7\u00e3o das duas doses em um s\u00f3 dia n\u00e3o era poss\u00edvel no in\u00edcio da campanha de vacina\u00e7\u00e3o contra covid-19, por\u00e9m novos estudos mostraram a viabilidade. \u201cMudou a orienta\u00e7\u00e3o, com base no Plano Nacional de Operacionaliza\u00e7\u00e3o da Campanha Covid-19, do Minist\u00e9rio da Sa\u00fade\u201d, esclarece.<\/p>\n\n\n\n<p>Apenas para crian\u00e7as de 5 a 11 anos permanece a necessidade de intervalo entre a vacina covid-19 e as demais vacinas. Vale lembrar que as crian\u00e7as de 6 meses a 4 anos e 11 meses n\u00e3o recebem a vacina contra a covid-19, mas podem receber o imunizante da gripe.<\/p>\n\n\n\n<figure class=\"wp-block-image\"><img decoding=\"async\" src=\"http:\/\/www.agenciabrasilia.df.gov.br\/wp-conteudo\/uploads\/2022\/07\/09.07.2022-Vacinacao-Foto-Sandro-Araujo-2-1.jpg\" alt=\"\" class=\"wp-image-424732\"\/><figcaption>Quem tem mais de 12 anos pode procurar 80 unidades de sa\u00fade para receber a dupla prote\u00e7\u00e3o | Foto: Sandro Ara\u00fajo\/Ag\u00eancia Sa\u00fade DF<\/figcaption><\/figure>\n\n\n\n<p>Para quem tem pelo menos 12 anos, a orienta\u00e7\u00e3o \u00e9 n\u00e3o se vacinar caso apresente qualquer quadro de febre ou outras doen\u00e7as. Quem teve covid-19 e apresentou sintomas, as vacinas podem ser aplicadas 30 dias ap\u00f3s a melhora. J\u00e1 os assintom\u00e1ticos precisam esperar 30 dias do teste que comprovou a infec\u00e7\u00e3o.<\/p>\n\n\n\n<p><strong>Tr\u00eas vacinas em um dia<\/strong><\/p>\n\n\n\n<p>Se necess\u00e1rio, o usu\u00e1rio pode at\u00e9 receber tr\u00eas ou mais vacinas em um dia. \u00c9 o caso de um adulto que nunca tenha tomado, por exemplo, vacinas contra febre amarela ou t\u00e9tano. A equipe da Unidade B\u00e1sica de Sa\u00fade (UBS) deve verificar o cart\u00e3o de vacina para atestar algum atraso e avaliar quais vacinas dever\u00e3o ser aplicadas.<\/p>\n\n\n\n<p>Quem n\u00e3o tem cart\u00e3o de vacinas tamb\u00e9m pode ser atendido. Neste caso, a equipe emite um novo cart\u00e3o e, se n\u00e3o houver registro de nenhuma vacina, s\u00e3o aplicados os imunizantes previstos para cada faixa et\u00e1ria, conforme o calend\u00e1rio de vacina\u00e7\u00e3o.<\/p>\n\n\n\n<p>No site da Secretaria de Sa\u00fade \u00e9 poss\u00edvel conferir o&nbsp;<a href=\"https:\/\/www.saude.df.gov.br\/documents\/37101\/97368\/Calendario-de-Vacinacao-DF-2022.pdf\/3ea162b1-9aa2-3080-6800-2cffc9c8753a?t=1648761078292\" target=\"_blank\" rel=\"noreferrer noopener\">Calend\u00e1rio de Vacina\u00e7\u00e3o<\/a>, a&nbsp;lista de&nbsp;<a href=\"https:\/\/www.saude.df.gov.br\/locaisdevacinacao\" target=\"_blank\" rel=\"noreferrer noopener\">unidades com aplica\u00e7\u00e3o de vacina\u00e7\u00e3o contra a covid-19<\/a>&nbsp;e a lista de&nbsp;<a href=\"https:\/\/www.saude.df.gov.br\/vacinacao-influenza\/\" target=\"_blank\" rel=\"noreferrer noopener\">unidades com aplica\u00e7\u00e3o de vacina\u00e7\u00e3o contra a influenza<\/a>.<\/p>\n\n\n\n<p>Confira as unidades de sa\u00fade que aplicam vacina contra covid-19 e influenza:<\/p>\n\n\n\n<p><strong>UBS 1 Lago Norte<\/strong><br>Hor\u00e1rio de vacina\u00e7\u00e3o: das 8h \u00e0s 12h e das 13h \u00e0s 16h30 \u2013 Segunda a sexta (dias \u00fateis)<br>Endere\u00e7o: QI 3 \u00c1rea Especial<\/p>\n\n\n\n<p><strong>UBS 1 Varj\u00e3o<\/strong><br>Hor\u00e1rio de vacina\u00e7\u00e3o: das 8h \u00e0s 12h e das 13h \u00e0s 16h30 \u2013 Segunda a sexta (dias \u00fateis)<br>Endere\u00e7o: Vila Varj\u00e3o, Quadra 5, Conjunto A, Lote 17<\/p>\n\n\n\n<p><strong>UBS 1 Asa Norte<\/strong><br>Hor\u00e1rio de vacina\u00e7\u00e3o: das 8h \u00e0s 12h e das 13h \u00e0s 17h \u2013 Segunda a sexta (dias \u00fateis)<br>Endere\u00e7o: SGAN 905<\/p>\n\n\n\n<p><strong>UBS 2 Asa Norte<\/strong><br>Hor\u00e1rio de vacina\u00e7\u00e3o: das 8h \u00e0s 12h e das 13h \u00e0s 17h \u2013 Segunda a sexta (dias \u00fateis)<br>Endere\u00e7o: EQN 114\/115<\/p>\n\n\n\n<p><strong>UBS 3 Vila Planalto<\/strong><br>Hor\u00e1rio de vacina\u00e7\u00e3o: das 8h \u00e0s 12h e das 13h \u00e0s 17h \u2013 Segunda a sexta (dias \u00fateis)<br>Endere\u00e7o: Rua Piau\u00ed \u00c1rea Especial 2 \u2013 Acampamento Pacheco<\/p>\n\n\n\n<p><strong>UBS 1 Cruzeiro<\/strong><br>Hor\u00e1rio de vacina\u00e7\u00e3o: das 8h \u00e0s 12h e das 13h \u00e0s 17h \u2013 Segunda a sexta (dias \u00fateis)<br>Endere\u00e7o: SHCES Quadra 601 Lote 1 \u2013 Cruzeiro Novo<\/p>\n\n\n\n<p><strong>UBS 2 Cruzeiro<\/strong><br>Hor\u00e1rio de vacina\u00e7\u00e3o: das 8h \u00e0s 12h e das 13h \u00e0s 17h \u2013 Segunda a sexta (dias \u00fateis)<br>Endere\u00e7o: Setor Escolar Lote 4 \u2013 Cruzeiro Velho<\/p>\n\n\n\n<p><strong>UBS 1 Gama<\/strong><br>Hor\u00e1rio de vacina\u00e7\u00e3o: das 8h \u00e0s 12h e das 13h \u00e0s 17h \u2013 Segunda a sexta (dias \u00fateis)<br>Endere\u00e7o: EQ 6\/12 \u00c1reas Especiais 6\/12<\/p>\n\n\n\n<p><strong>UBS 2 Gama<\/strong><br>Hor\u00e1rio de vacina\u00e7\u00e3o: das 8h \u00e0s 12h e das 13h \u00e0s 17h \u2013 Segunda a sexta (dias \u00fateis)<br>Endere\u00e7o: Quadra 11 \u00c1rea Especial 11 Setor Sul<\/p>\n\n\n\n<p><strong>UBS 3 Gama<\/strong><br>Hor\u00e1rio de vacina\u00e7\u00e3o: das 8h \u00e0s 12h e das 13h \u00e0s 17h \u2013 Segunda a sexta (dias \u00fateis)<br>Endere\u00e7o: Entrequadra 3\/5 \u2013 Setor Leste<\/p>\n\n\n\n<p><strong>UBS 4 Gama<\/strong><br>Hor\u00e1rio de vacina\u00e7\u00e3o: das 8h \u00e0s 12h e das 13h \u00e0s 17h \u2013 Segunda a sexta (dias \u00fateis)<br>Endere\u00e7o: Pra\u00e7a 3 \u2013 \u00c1rea Especial 2<\/p>\n\n\n\n<p><strong>UBS 5 Gama<\/strong><br>Hor\u00e1rio de vacina\u00e7\u00e3o: das 8h \u00e0s 12h e das 13h \u00e0s 17h \u2013 Segunda a sexta (dias \u00fateis)<br>Endere\u00e7o: Quadra 38 \u00c1rea Especial Leste<\/p>\n\n\n\n<p><strong>UBS 6 Gama<\/strong><br>Hor\u00e1rio de vacina\u00e7\u00e3o: das 8h \u00e0s 12h e das 13h \u00e0s 17h \u2013 Segunda a sexta (dias \u00fateis)<br>Endere\u00e7o: Quadra 12\/16<\/p>\n\n\n\n<p><strong>UBS 1 Santa Maria<\/strong><br>Hor\u00e1rio de vacina\u00e7\u00e3o: das 8h \u00e0s 12h e das 13h \u00e0s 17h \u2013 Segunda a sexta (dias \u00fateis)<br>Endere\u00e7o: QR 207\/307, Conjunto T<\/p>\n\n\n\n<p><strong>UBS 2 Santa Maria<\/strong><br>Hor\u00e1rio de vacina\u00e7\u00e3o: das 8h \u00e0s 12h e das 13h \u00e0s 17h \u2013 Segunda a sexta (dias \u00fateis)<br>Endere\u00e7o: EQ 217\/317 Lote E<\/p>\n\n\n\n<p><strong>UBS 6 Santa Maria<\/strong><br>Hor\u00e1rio de vacina\u00e7\u00e3o: das 8h \u00e0s 12h e das 13h \u00e0s 16h \u2013 Segunda a sexta (dias \u00fateis)<br>Endere\u00e7o: QR 202\/302 Lote 2<\/p>\n\n\n\n<p><strong>UBS 1 Guar\u00e1<\/strong><br>Hor\u00e1rio de vacina\u00e7\u00e3o: das 8h \u00e0s 17h \u2013 Segunda a sexta (dias \u00fateis)<br>Endere\u00e7o: QI 6 \u00c1rea Especial Lote A<\/p>\n\n\n\n<p><strong>UBS 2 Guar\u00e1<\/strong><br>Hor\u00e1rio de vacina\u00e7\u00e3o: das 8h \u00e0s 17h \u2013 Segunda a sexta (dias \u00fateis)<br>Endere\u00e7o: QE 23 \u00c1rea Especial<\/p>\n\n\n\n<p><strong>UBS 3 Guar\u00e1<\/strong><br>Hor\u00e1rio de vacina\u00e7\u00e3o: das 8h \u00e0s 17h \u2013 Segunda a sexta (dias \u00fateis)<br>Endere\u00e7o: QE 38 \u2013 \u00c1rea Especial<\/p>\n\n\n\n<p><strong>UBS 1 Estrutural<\/strong><br>Hor\u00e1rio de vacina\u00e7\u00e3o: das 8h \u00e0s 17h \u2013 Segunda a sexta (dias \u00fateis)<br>Endere\u00e7o: Avenida Central \u2013 Centro de Sa\u00fade<\/p>\n\n\n\n<p><strong>UBS 1 N\u00facleo Bandeirante<\/strong><br>Hor\u00e1rio de vacina\u00e7\u00e3o: das 8h \u00e0s 17h \u2013 Segunda a sexta (dias \u00fateis)<br>Endere\u00e7o: 3\u00aa Avenida, \u00c1rea Especial n\u00ba 3<\/p>\n\n\n\n<p><strong>UBS 1 Candangol\u00e2ndia<\/strong><br>Hor\u00e1rio de vacina\u00e7\u00e3o: das 8h \u00e0s 17h \u2013 Segunda a sexta (dias \u00fateis)<br>Endere\u00e7o: EQ 5\/7 \u00c1rea Especial, Candagol\u00e2ndia<\/p>\n\n\n\n<p><strong>UBS 1 Riacho Fundo<\/strong><br>Hor\u00e1rio de vacina\u00e7\u00e3o: das 8h \u00e0s 17h \u2013 Segunda a sexta (dias \u00fateis)<br>Endere\u00e7o: QN 7 \u00c1rea Especial 9<\/p>\n\n\n\n<p><strong>UBS 1 Riacho Fundo II<\/strong><br>Hor\u00e1rio de vacina\u00e7\u00e3o: das 8h \u00e0s 17h \u2013 Segunda a sexta (dias \u00fateis)<br>Endere\u00e7o: QC 6 Conjunto 16 Lote 1 \u00c1rea Especial 1<\/p>\n\n\n\n<p><strong>UBS 2 Riacho Fundo II<\/strong><br>Hor\u00e1rio de vacina\u00e7\u00e3o: das 8h \u00e0s 12h e das 13h \u00e0s 16h30 \u2013 Segunda a sexta (dias \u00fateis)<br>Endere\u00e7o: QC \u00c1rea Especial 1<\/p>\n\n\n\n<p><strong>UBS 5 Riacho Fundo II<\/strong><br>Hor\u00e1rio de vacina\u00e7\u00e3o: das 8h \u00e0s 16h30 \u2013 Segunda a sexta (dias \u00fateis)<br>Endere\u00e7o: QS 9 Conjunto 1 Lote 1<\/p>\n\n\n\n<p><strong>UBS 1 Ceil\u00e2ndia<\/strong><br>Hor\u00e1rio de vacina\u00e7\u00e3o: das 8h \u00e0s 17h \u2013 Segunda a sexta (dias \u00fateis)<br>Endere\u00e7o: EQNP 7\/11 Setor P Norte<\/p>\n\n\n\n<p><strong>UBS 2 Ceil\u00e2ndia<\/strong><br>Hor\u00e1rio de vacina\u00e7\u00e3o: das 8h \u00e0s 17h \u2013 Segunda a sexta (dias \u00fateis)<br>Endere\u00e7o: QNN 15 Lote F<\/p>\n\n\n\n<p><strong>UBS 3 Ceil\u00e2ndia<\/strong><br>Hor\u00e1rio de vacina\u00e7\u00e3o: das 8h \u00e0s 17h \u2013 Segunda a sexta (dias \u00fateis)<br>Endere\u00e7o: QNM 15 Lote D \u00c1rea Especial 1<\/p>\n\n\n\n<p><strong>UBS 5 Ceil\u00e2ndia<\/strong><br>Hor\u00e1rio de vacina\u00e7\u00e3o: das 8h \u00e0s 17h \u2013 Segunda a sexta (dias \u00fateis)<br>Endere\u00e7o: QNM 16 Lote F \u00c1rea Especial 16<\/p>\n\n\n\n<p><strong>UBS 6 Ceil\u00e2ndia<\/strong><br>Hor\u00e1rio de vacina\u00e7\u00e3o: das 8h \u00e0s 17h \u2013 Segunda a sexta (dias \u00fateis)<br>Endere\u00e7o: EQNP 10\/14 Lotes E, F, G e H<\/p>\n\n\n\n<p><strong>UBS 7 Ceil\u00e2ndia<\/strong><br>Hor\u00e1rio de vacina\u00e7\u00e3o: das 8h \u00e0s 22h \u2013 Segunda a sexta (dias \u00fateis)<br>Endere\u00e7o: QNO 10 \u00c1rea Especial 10<\/p>\n\n\n\n<p><strong>UBS 8 Ceil\u00e2ndia<\/strong><br>Hor\u00e1rio de vacina\u00e7\u00e3o: das 8h \u00e0s 17h \u2013 Segunda a sexta (dias \u00fateis)<br>Endere\u00e7o: EQNP 13\/18 Lotes A, B, C, D \u2013 P Norte<\/p>\n\n\n\n<p><strong>UBS 9 Ceil\u00e2ndia<\/strong><br>Hor\u00e1rio de vacina\u00e7\u00e3o: das 8h \u00e0s 17h \u2013 Segunda a sexta (dias \u00fateis)<br>Endere\u00e7o: EQNP 28\/32 Lotes A, B, C e D<\/p>\n\n\n\n<p><strong>UBS 10 Ceil\u00e2ndia<\/strong><br>Hor\u00e1rio de vacina\u00e7\u00e3o: das 8h \u00e0s 17h \u2013 Segunda a sexta (dias \u00fateis)<br>Endere\u00e7o: QNN 12 \u00c1rea Especial 1<\/p>\n\n\n\n<p><strong>UBS 11 Ceil\u00e2ndia<\/strong><br>Hor\u00e1rio de vacina\u00e7\u00e3o: das 8h \u00e0s 17h \u2013 Segunda a sexta (dias \u00fateis)<br>Endere\u00e7o: EQNO 17\/18<\/p>\n\n\n\n<p><strong>UBS 12 Ceil\u00e2ndia<\/strong><br>Hor\u00e1rio de vacina\u00e7\u00e3o: das 8h \u00e0s 17h \u2013 Segunda a sexta (dias \u00fateis)<br>Endere\u00e7o: EQNQ 3\/4<\/p>\n\n\n\n<p><strong>UBS 15 Ceil\u00e2ndia<\/strong><br>Hor\u00e1rio de vacina\u00e7\u00e3o: das 8h \u00e0s 17h \u2013 Segunda a sexta (dias \u00fateis)<br>Endere\u00e7o: QNR 2, \u00c1rea Especial 12<\/p>\n\n\n\n<p><strong>UBS 16 Ceil\u00e2ndia<\/strong><br>Hor\u00e1rio de vacina\u00e7\u00e3o: das 8h \u00e0s 17h \u2013 Segunda a sexta (dias \u00fateis)<br>Endere\u00e7o: Quadra 500 AE S\/N Trecho 1 \u2013 Sol Nascente<\/p>\n\n\n\n<p><strong>UBS 17 Ceil\u00e2ndia<\/strong><br>Hor\u00e1rio de vacina\u00e7\u00e3o: das 8h \u00e0s 17h \u2013 Segunda a sexta (dias \u00fateis)<br>Endere\u00e7o: EQNP 16\/20 \u00c1rea Especial E, F<\/p>\n\n\n\n<p><strong>UBS 1 Brazl\u00e2ndia<\/strong><br>Hor\u00e1rio de vacina\u00e7\u00e3o: das 8h \u00e0s 17h \u2013 Segunda a sexta (dias \u00fateis)<br>Endere\u00e7o: Entrequadra 6\/8, \u00c1rea Especial 3, Setor Norte<\/p>\n\n\n\n<p><strong>UBS 2 Brazl\u00e2ndia<\/strong><br>Hor\u00e1rio de vacina\u00e7\u00e3o: das 8h \u00e0s 17h \u2013 Segunda a sexta (dias \u00fateis)<br>Endere\u00e7o: Quadra 45 \u2013 \u00c1rea Especial&nbsp; Vila S\u00e3o Jos\u00e9<\/p>\n\n\n\n<p><strong>UBS 4 Brazl\u00e2ndia<\/strong><br>Hor\u00e1rio de vacina\u00e7\u00e3o: das 8h \u00e0s 17h \u2013 Somente \u00e0s quartas-feiras<br>Endere\u00e7o: \u00c1rea Especial 1, Setor Veredas II<\/p>\n\n\n\n<p><strong>UBS 5 Brazl\u00e2ndia<\/strong><br>Hor\u00e1rio de vacina\u00e7\u00e3o: das 8h \u00e0s 17h \u2013 Somente \u00e0s segundas-feiras<br>Endere\u00e7o: Reserva A, DF 240 DF 008 DF 445 KM 4<\/p>\n\n\n\n<p><strong>UBS 6 Brazl\u00e2ndia<\/strong><br>Hor\u00e1rio de vacina\u00e7\u00e3o: das 8h \u00e0s 17h \u2013 Somente \u00e0s sextas-feiras<br>Endere\u00e7o: DF 180\/DF 205 \u2013 Km 5 \u2013 Fazenda Alm\u00e9cegas<\/p>\n\n\n\n<p><strong>UBS 8 Brazl\u00e2ndia<\/strong><br>Hor\u00e1rio de vacina\u00e7\u00e3o: das 8h \u00e0s 17h \u2013 Somente \u00e0s quintas-feiras<br>Endere\u00e7o: Radiobras Ch\u00e1cara Santa Helena \u2013 Capela Rural Oeste<\/p>\n\n\n\n<p><strong>UBS 9 Brazl\u00e2ndia<\/strong><br>Hor\u00e1rio de vacina\u00e7\u00e3o: das 8h \u00e0s 17h \u2013 Somente \u00e0s ter\u00e7as-feiras<br>Endere\u00e7o: Incra 8 CAAG Q 15<\/p>\n\n\n\n<p><strong>UBS 1 Parano\u00e1<\/strong><br>Hor\u00e1rio de vacina\u00e7\u00e3o: das 8h \u00e0s 12h e das 13h \u00e0s 17h \u2013 Segunda a sexta-feira (dias \u00fateis)<br>Endere\u00e7o: Quadra 21 Conjunto 15 \u00c1rea Especial<\/p>\n\n\n\n<p><strong>UBS 3 Parano\u00e1<\/strong><br>Hor\u00e1rio de vacina\u00e7\u00e3o: das 8h \u00e0s 12h e das 13h \u00e0s 17h \u2013 Segunda a sexta-feira (dias \u00fateis)<br>Endere\u00e7o: Quadra 2, Conjunto 6, \u00c1rea Especial 4<\/p>\n\n\n\n<p><strong>UBS 1 Itapo\u00e3<\/strong><br>Hor\u00e1rio de vacina\u00e7\u00e3o: das 8h \u00e0s 12h e das 13h \u00e0s 17h \u2013 Segunda a sexta-feira (dias \u00fateis)<br>Endere\u00e7o: Quadra 378 \u00c1rea Especial<\/p>\n\n\n\n<p><strong>UBS 3 Itapo\u00e3<\/strong><br>Hor\u00e1rio de vacina\u00e7\u00e3o: das 8h \u00e0s 12h e das 13h \u00e0s 16h \u2013 Segunda a sexta-feira (dias \u00fateis)<br>Endere\u00e7o: Quadra 378 Conjunto A Del Lago<\/p>\n\n\n\n<p><strong>UBS 1 Jardins Mangueiral<\/strong><br>Hor\u00e1rio de vacina\u00e7\u00e3o: das 8h \u00e0s 12h e 13h \u00e0s 16h \u2013 Segunda a sexta-feira (dias \u00fateis)<br>Endere\u00e7o: Pra\u00e7a de Atividades 2 \u2013 Lote 1<\/p>\n\n\n\n<p><strong>UBS 1 S\u00e3o Sebasti\u00e3o<\/strong><br>Hor\u00e1rio de vacina\u00e7\u00e3o: das 8h \u00e0s 11h30 e das 13h \u00e0s 16h \u2013 Segunda a sexta-feira (dias \u00fateis)<br>Endere\u00e7o: Centro de m\u00faltiplas atividades<\/p>\n\n\n\n<p><strong>UBS 2 S\u00e3o Sebasti\u00e3o<\/strong><br>Hor\u00e1rio de vacina\u00e7\u00e3o: das 8h \u00e0s 12h e 13h \u00e0s 16h \u2013 Segunda a sexta-feira (dias \u00fateis)<br>Endere\u00e7o: Quadra 101 Conjunto 2 Lote 1<\/p>\n\n\n\n<p><strong>UBS 9 S\u00e3o Sebasti\u00e3o<\/strong><br>Hor\u00e1rio de vacina\u00e7\u00e3o: das 8h \u00e0s 12h e 13h \u00e0s 16h \u2013 \u00c0s segundas, ter\u00e7as e quintas-feiras (dias \u00fateis)<br>Endere\u00e7o: Rua da Escola, 540<\/p>\n\n\n\n<p><strong>UBS 1 Taguatinga<\/strong><br>Hor\u00e1rio de vacina\u00e7\u00e3o: das 8h \u00e0s 17h \u2013 Segunda a sexta-feira (dias \u00fateis)<br>Endere\u00e7o: QNG AE 18 \/19<\/p>\n\n\n\n<p><strong>UBS 2 Taguatinga<\/strong><br>Hor\u00e1rio de vacina\u00e7\u00e3o: das 8h \u00e0s 17h \u2013 Segunda a sexta-feira (dias \u00fateis)<br>Endere\u00e7o: Pra\u00e7a do Bicalho<\/p>\n\n\n\n<p><strong>UBS 3 Taguatinga<\/strong><br>Hor\u00e1rio de vacina\u00e7\u00e3o: das 8h \u00e0s 17h \u2013 Segunda a sexta-feira (dias \u00fateis)<br>Endere\u00e7o: QNL 1 AE 2<\/p>\n\n\n\n<p><strong>UBS 5 Taguatinga<\/strong><br>Hor\u00e1rio de vacina\u00e7\u00e3o: das 8h \u00e0s 17h \u2013 Segunda a sexta-feira (dias \u00fateis)<br>Endere\u00e7o: Setor D Sul AE 23<\/p>\n\n\n\n<p><strong>UBS 6 Taguatinga<\/strong><br>Hor\u00e1rio de vacina\u00e7\u00e3o: das 8h \u00e0s 17h \u2013 Segunda a sexta-feira (dias \u00fateis)<br>Endere\u00e7o: Setor C SUL AE 1 \u2013 Taguatinga Sul<\/p>\n\n\n\n<p><strong>UBS 7 Taguatinga<\/strong><br>Hor\u00e1rio de vacina\u00e7\u00e3o: das 8h \u00e0s 17h \u2013 Segunda a sexta-feira (dias \u00fateis)<br>Endere\u00e7o: QNM 36 \u00c1rea Especial N<\/p>\n\n\n\n<p><strong>UBS 8 Taguatinga<\/strong><br>Hor\u00e1rio de vacina\u00e7\u00e3o: das 8h \u00e0s 17h \u2013 Segunda a sexta-feira (dias \u00fateis)<br>Endere\u00e7o: EQNL 24 \u00c1rea Especial<\/p>\n\n\n\n<p><strong>UBS 2 Samambaia<\/strong><br>Hor\u00e1rio de vacina\u00e7\u00e3o: das 8h \u00e0s 17h \u2013 Segunda a sexta-feira (dias \u00fateis)<br>Endere\u00e7o: QS 611 \u00c1rea Especial<\/p>\n\n\n\n<p><strong>UBS 3 Samambaia<\/strong><br>Hor\u00e1rio de vacina\u00e7\u00e3o: das 8h \u00e0s 17h \u2013 Segunda a sexta-feira (dias \u00fateis)<br>Endere\u00e7o: QN 429 Conjunto F<\/p>\n\n\n\n<p><strong>UBS 4 Samambaia<\/strong><br>Hor\u00e1rio de vacina\u00e7\u00e3o: das 8h \u00e0s 17h \u2013 Segunda a sexta-feira (dias \u00fateis)<br>Endere\u00e7o: QN 512 Conjunto 2<\/p>\n\n\n\n<p><strong>UBS 5 Samambaia<\/strong><br>Hor\u00e1rio de vacina\u00e7\u00e3o: das 8h \u00e0s 17h \u2013 Segunda a sexta-feira (dias \u00fateis)<br>Endere\u00e7o: QN 523 \u00c1rea Especial<\/p>\n\n\n\n<p><strong>UBS 7 Samambaia<\/strong><br>Hor\u00e1rio de vacina\u00e7\u00e3o: das 8h \u00e0s 17h \u2013 Segunda a sexta-feira (dias \u00fateis)<br>Endere\u00e7o: Quadra 302 Conjunto 5N<\/p>\n\n\n\n<p><strong>UBS 12 Samambaia<\/strong><br>Hor\u00e1rio de vacina\u00e7\u00e3o: das 8h \u00e0s 17h \u2013 Segunda a sexta-feira (dias \u00fateis)<br>Endere\u00e7o: QR 210 Conjunto 22<\/p>\n\n\n\n<p><strong>UBS 2 Recanto das Emas<\/strong><br>Hor\u00e1rio de vacina\u00e7\u00e3o: das 8h \u00e0s 17h \u2013 Segunda a sexta-feira (dias \u00fateis)<br>Endere\u00e7o: Quadra 102, \u00c1rea Especial<\/p>\n\n\n\n<p><strong>UBS 3 Recanto das Emas<\/strong><br>Hor\u00e1rio de vacina\u00e7\u00e3o: das 8h \u00e0s 17h \u2013 Segunda a sexta-feira (dias \u00fateis)<br>Endere\u00e7o: QD 104\/105 \u00c1rea Especial S\/N Lote 25<\/p>\n\n\n\n<p><strong>UBS 4 Recanto das Emas<\/strong><br>Hor\u00e1rio de vacina\u00e7\u00e3o: das 8h \u00e0s 17h \u2013 Segunda a sexta-feira (dias \u00fateis)<br>Endere\u00e7o: Quadra 308 \u00c1rea Especial<\/p>\n\n\n\n<p><strong>UBS 5 Recanto das Emas<\/strong><br>Hor\u00e1rio de vacina\u00e7\u00e3o: das 8h \u00e0s 17h \u2013 Segunda a sexta-feira (dias \u00fateis)<br>Endere\u00e7o: Quadra 804 Conjunto 20B Lote 01<\/p>\n\n\n\n<p><strong>UBS 8 Recanto das Emas<\/strong><br>Hor\u00e1rio de vacina\u00e7\u00e3o: das 8h \u00e0s 12h \u2013 Ter\u00e7as e quintas-feiras (dias \u00fateis)<br>Endere\u00e7o: DF 280 KM 3 QD 4 \u2013 Setor Habitacional \u00c1gua Quente<\/p>\n\n\n\n<p><strong>UBS 1 Vicente Pires<\/strong><br>Hor\u00e1rio de vacina\u00e7\u00e3o: das 8h \u00e0s 17h \u2013 Segunda a sexta-feira (dias \u00fateis)<br>Endere\u00e7o: Rua 4C Ch\u00e1cara 12 \u2013 Col\u00f4nia Agr\u00edcola Samambaia<\/p>\n\n\n\n<p><strong>UBS 1 \u00c1guas Claras (Areal)<\/strong><br>Hor\u00e1rio de vacina\u00e7\u00e3o: das 8h \u00e0s 17h \u2013 Segunda a sexta-feira (dias \u00fateis)<br>Endere\u00e7o: QS 5 Lote 24, Av. Areal<\/p>\n\n\n\n<p><strong>UBS 1 Sobradinho II<\/strong><br>Hor\u00e1rio de vacina\u00e7\u00e3o: das 8h \u00e0s 12h e das 13h \u00e0s 17h \u2013 Somente \u00e0s ter\u00e7as e quartas-feiras (dias \u00fateis)<br>Endere\u00e7o: AR 13 Conjunto 07 Lote 01, \u00c1rea Especial<\/p>\n\n\n\n<p><strong>UBS 3 Sobradinho \u2013 Nova Colina<\/strong><br>Hor\u00e1rio de vacina\u00e7\u00e3o: das 8h \u00e0s 12h e das 13h \u00e0s 17h \u2013 Somente \u00e0s segundas e quintas-feiras (dias \u00fateis)<br>Endere\u00e7o: \u00c1rea Especial \u2013 Novo Setor de Mans\u00f5es Nova Colina<\/p>\n\n\n\n<p><strong>UBS 2 Sobradinho II<\/strong><br>Hor\u00e1rio de vacina\u00e7\u00e3o: das 8h \u00e0s 12h e das 13h \u00e0s 17h \u2013 Somente \u00e0s segundas e sextas-feiras (dias \u00fateis))<br>Endere\u00e7o: Rodovia DF 420, Complexo de Sa\u00fade, Setor de Mans\u00f5es, ao lado da UPA Sobradinho<\/p>\n\n\n\n<p><strong>UBS 1 Fercal<\/strong><br>Hor\u00e1rio de vacina\u00e7\u00e3o: das 8h \u00e0s 17h \u2013 Somente \u00e0s ter\u00e7as e quintas-feiras (dias \u00fateis)<br>Endere\u00e7o: DF 150 Km 12 Quadra 10 Casa 14 Engenho Velho \u2013 Fercal<\/p>\n\n\n\n<p><strong>UBS 12 Planaltina<\/strong><br>Hor\u00e1rio de vacina\u00e7\u00e3o: das 8h \u00e0s 12h \u2013 Somente \u00e0s ter\u00e7as-feiras (dias \u00fateis)<br>Endere\u00e7o: Rodovia DF-128, Km 21, Campus IFB, Planaltina<\/p>\n\n\n\n<p><em>*Com informa\u00e7\u00f5es da Secretaria de Sa\u00fade do DF<\/em><\/p>\n","protected":false},"excerpt":{"rendered":"<p>Dupla prote\u00e7\u00e3o, indicada para quem tem mais de 12 anos, est\u00e1 garantida em 80 unidades de sa\u00fade do Distrito Federal; confira os locais Ag\u00eancia Bras\u00edlia* | Edi\u00e7\u00e3o: Rosualdo RodriguesA popula\u00e7\u00e3o do Distrito Federal com mais de 12 anos pode procurar 80 unidades de sa\u00fade para receber uma dupla prote\u00e7\u00e3o: as vacinas contra covid-19 e contra [&hellip;]<\/p>\n","protected":false},"author":1,"featured_media":0,"comment_status":"open","ping_status":"open","sticky":false,"template":"","format":"standard","meta":{"footnotes":""},"categories":[],"tags":[],"class_list":["post-5740","post","type-post","status-publish","format-standard","hentry"],"_links":{"self":[{"href":"https:\/\/aguaslindasnoticias.com.br\/index.php\/wp-json\/wp\/v2\/posts\/5740","targetHints":{"allow":["GET"]}}],"collection":[{"href":"https:\/\/aguaslindasnoticias.com.br\/index.php\/wp-json\/wp\/v2\/posts"}],"about":[{"href":"https:\/\/aguaslindasnoticias.com.br\/index.php\/wp-json\/wp\/v2\/types\/post"}],"author":[{"embeddable":true,"href":"https:\/\/aguaslindasnoticias.com.br\/index.php\/wp-json\/wp\/v2\/users\/1"}],"replies":[{"embeddable":true,"href":"https:\/\/aguaslindasnoticias.com.br\/index.php\/wp-json\/wp\/v2\/comments?post=5740"}],"version-history":[{"count":0,"href":"https:\/\/aguaslindasnoticias.com.br\/index.php\/wp-json\/wp\/v2\/posts\/5740\/revisions"}],"wp:attachment":[{"href":"https:\/\/aguaslindasnoticias.com.br\/index.php\/wp-json\/wp\/v2\/media?parent=5740"}],"wp:term":[{"taxonomy":"category","embeddable":true,"href":"https:\/\/aguaslindasnoticias.com.br\/index.php\/wp-json\/wp\/v2\/categories?post=5740"},{"taxonomy":"post_tag","embeddable":true,"href":"https:\/\/aguaslindasnoticias.com.br\/index.php\/wp-json\/wp\/v2\/tags?post=5740"}],"curies":[{"name":"wp","href":"https:\/\/api.w.org\/{rel}","templated":true}]}}