{"id":5739,"date":"2023-01-04T10:15:03","date_gmt":"2023-01-04T13:15:03","guid":{"rendered":"https:\/\/aguaslindasnoticias.com.br\/index.php\/2023\/01\/04\/na-garupa-de-comandante-aboud-damares-alves-ganhara-sua-primeira-motociata-neste-domingo\/"},"modified":"2023-01-04T10:15:03","modified_gmt":"2023-01-04T13:15:03","slug":"na-garupa-de-comandante-aboud-damares-alves-ganhara-sua-primeira-motociata-neste-domingo","status":"publish","type":"post","link":"https:\/\/aguaslindasnoticias.com.br\/index.php\/2023\/01\/04\/na-garupa-de-comandante-aboud-damares-alves-ganhara-sua-primeira-motociata-neste-domingo\/","title":{"rendered":"Na garupa de Comandante Aboud, Damares Alves ganhar\u00e1 sua primeira motociata neste domingo"},"content":{"rendered":"\n<figure class=\"wp-block-image size-large\"><img decoding=\"async\" src=\"http:\/\/claricegulyas.com.br\/wp-content\/uploads\/2022\/07\/Comandante-Aboud-bombeiro-militar-direita-bolsonarista-conservador-bolsonaro-bras\u00edlia-df-damares-alves-2-1024x815.jpeg\" alt=\"\" class=\"wp-image-10547\"\/><\/figure>\n\n\n\n<p><em>Evento ir\u00e1 movimentar o centro de Bras\u00edlia para &#8220;esquentar&#8221; o p\u00fablico conservador para as elei\u00e7\u00f5es deste ano. Concentra\u00e7\u00e3o ser\u00e1 \u00e0s 9h, na Concha Ac\u00fastica<\/em><\/p>\n\n\n\n<p><br>Est\u00e1 convocada para este domingo (10\/7), \u00e0s 9h, a primeira motociata de<strong> Damares Alves<\/strong> (Republicanos). Na garupa de uma Harley-Davidson pilotada por <strong>Comandante Aboud<\/strong>, a pr\u00e9-candidata ao Senado sair\u00e1 da Concha<br>Ac\u00fastica em dire\u00e7\u00e3o \u00e0 sede do Republicanos, na Asa Sul. Pr\u00e9-candidato a deputado federal pelo mesmo partido, Comandante Aboud \u00e9 bombeiro da reserva e um dos idealizadores da primeira motociata de Bolsonaro.<\/p>\n\n\n\n<p>O encontro de motociclistas da pastora e ex-ministra da Mulher, da Fam\u00edlia e Direitos Humanos contar\u00e1 com 20km de percurso, tendo como trajeto a Concha Ac\u00fastica, a Via Presidencial, o Eixo Monumental, a Pra\u00e7a do Buriti, e acessando o Parque da Cidade pela via S1 e saindo no bal\u00e3o da 912 sul, e chegando \u00e0 sede do partido Republicanos, no Trecho 713\/913 da Asa Sul.<\/p>\n\n\n\n<p>&#8220;Esta vai ser uma motociata da fam\u00edlia. Venham todas as mulheres e todas as crian\u00e7as porque queremos conhecer todos os motociclistas conservadores do DF. Vai ser incr\u00edvel!&#8221;, convida Damares.<\/p>\n\n\n\n<p>Nome forte da mesma sigla, Comandante Aboud afirma que ap\u00f3s fazer hist\u00f3ria com a j\u00e1 tradicional motociata de Bolsonaro, agora \u00e9 a vez de prestigiar a ex-ministra, tamb\u00e9m mostrando um pouco de como \u00e9 o meio motocicl\u00edstico.<\/p>\n\n\n\n<p>&#8220;Lancei a ideia e perguntei \u00e0 Damares se ela topava, e de imediato ela aceitou. Vai ser uma honra enorme ter a ex-ministra, a principal apoiadora do nosso presidente Bolsonaro e a pr\u00e9-candidata que todos os bolsonaristas amam e defendem, na garupa da minha moto. Vai ser fant\u00e1stico!&#8221;, promete Aboud.<\/p>\n\n\n\n<figure class=\"wp-block-image size-large\"><img decoding=\"async\" src=\"http:\/\/claricegulyas.com.br\/wp-content\/uploads\/2022\/07\/Comandante-Aboud-bombeiro-militar-direita-bolsonarista-conservador-bolsonaro-bras\u00edlia-df-damares-alves-1-1024x1006.jpeg\" alt=\"\" class=\"wp-image-10546\"\/><\/figure>\n\n\n\n<p><strong>Militar bolsonarista<\/strong><\/p>\n\n\n\n<p>Candidato mais bem votado do Partido Social Liberal (PSL) no Distrito Federal, com 14.672 votos nas elei\u00e7\u00f5es de 2018, Comandante Aboud voltar\u00e1 a disputar uma cadeira na C\u00e2mara dos Deputados. O militar \u00e9 um dos nomes mais cotados pelos bolsonaristas e conservadores nestas elei\u00e7\u00f5es.<\/p>\n\n\n\n<p>Ex-Comandante-Geral do Corpo de Bombeiros Militar do DF, Aboud \u00e9 cat\u00f3lico (pertence a v\u00e1rios movimentos da igreja, equipista da ENS), casado h\u00e1 33 anos, vice-presidente da Federa\u00e7\u00e3o Nacional de Entidades de Militares Estaduais (Feneme) e ativista da direita, com a defesa de pautas ligadas \u00e0 Deus, p\u00e1tria, fam\u00edlia e liberdade.<\/p>\n","protected":false},"excerpt":{"rendered":"<p>Evento ir\u00e1 movimentar o centro de Bras\u00edlia para &#8220;esquentar&#8221; o p\u00fablico conservador para as elei\u00e7\u00f5es deste ano. Concentra\u00e7\u00e3o ser\u00e1 \u00e0s 9h, na Concha Ac\u00fastica Est\u00e1 convocada para este domingo (10\/7), \u00e0s 9h, a primeira motociata de Damares Alves (Republicanos). Na garupa de uma Harley-Davidson pilotada por Comandante Aboud, a pr\u00e9-candidata ao Senado sair\u00e1 da ConchaAc\u00fastica [&hellip;]<\/p>\n","protected":false},"author":1,"featured_media":0,"comment_status":"open","ping_status":"open","sticky":false,"template":"","format":"standard","meta":{"footnotes":""},"categories":[],"tags":[],"class_list":["post-5739","post","type-post","status-publish","format-standard","hentry"],"_links":{"self":[{"href":"https:\/\/aguaslindasnoticias.com.br\/index.php\/wp-json\/wp\/v2\/posts\/5739","targetHints":{"allow":["GET"]}}],"collection":[{"href":"https:\/\/aguaslindasnoticias.com.br\/index.php\/wp-json\/wp\/v2\/posts"}],"about":[{"href":"https:\/\/aguaslindasnoticias.com.br\/index.php\/wp-json\/wp\/v2\/types\/post"}],"author":[{"embeddable":true,"href":"https:\/\/aguaslindasnoticias.com.br\/index.php\/wp-json\/wp\/v2\/users\/1"}],"replies":[{"embeddable":true,"href":"https:\/\/aguaslindasnoticias.com.br\/index.php\/wp-json\/wp\/v2\/comments?post=5739"}],"version-history":[{"count":0,"href":"https:\/\/aguaslindasnoticias.com.br\/index.php\/wp-json\/wp\/v2\/posts\/5739\/revisions"}],"wp:attachment":[{"href":"https:\/\/aguaslindasnoticias.com.br\/index.php\/wp-json\/wp\/v2\/media?parent=5739"}],"wp:term":[{"taxonomy":"category","embeddable":true,"href":"https:\/\/aguaslindasnoticias.com.br\/index.php\/wp-json\/wp\/v2\/categories?post=5739"},{"taxonomy":"post_tag","embeddable":true,"href":"https:\/\/aguaslindasnoticias.com.br\/index.php\/wp-json\/wp\/v2\/tags?post=5739"}],"curies":[{"name":"wp","href":"https:\/\/api.w.org\/{rel}","templated":true}]}}