{"id":5737,"date":"2023-01-04T10:14:54","date_gmt":"2023-01-04T13:14:54","guid":{"rendered":"https:\/\/aguaslindasnoticias.com.br\/index.php\/2023\/01\/04\/casa-da-mulher-brasileira-abre-alojamento-de-passagem\/"},"modified":"2023-01-04T10:14:54","modified_gmt":"2023-01-04T13:14:54","slug":"casa-da-mulher-brasileira-abre-alojamento-de-passagem","status":"publish","type":"post","link":"https:\/\/aguaslindasnoticias.com.br\/index.php\/2023\/01\/04\/casa-da-mulher-brasileira-abre-alojamento-de-passagem\/","title":{"rendered":"Casa da Mulher Brasileira abre alojamento de passagem"},"content":{"rendered":"\n<p>A partir desta quarta (6), abrigo est\u00e1 preparado para receber, em Ceil\u00e2ndia, mulheres v\u00edtimas de viol\u00eancia dom\u00e9stica e familiar a qualquer hora do dia<\/p>\n\n\n\n<p>Carolina Caraballo, da Ag\u00eancia Bras\u00edlia I Edi\u00e7\u00e3o: D\u00e9bora Cronemberger&nbsp;O abrigo tempor\u00e1rio da Casa da Mulher Brasileira (CMB) abriu suas portas em Ceil\u00e2ndia. A partir desta quarta-feira (6), o alojamento de passagem vai receber, a qualquer hora do dia, mulheres em situa\u00e7\u00e3o de viol\u00eancia dom\u00e9stica acompanhadas ou n\u00e3o de filhas (sem limite de idade) e filhos (at\u00e9 12 anos). O espa\u00e7o oferece amparo para as v\u00edtimas por at\u00e9 48 horas, tempo necess\u00e1rio para que sejam tomadas as devidas provid\u00eancias sobre o caso.<\/p>\n\n\n\n<figure class=\"wp-block-image\"><img decoding=\"async\" src=\"http:\/\/www.agenciabrasilia.df.gov.br\/wp-conteudo\/uploads\/2022\/07\/sec-da-mulher-Vandercy-Camargos-14_1-scaled.jpg\" alt=\"\" class=\"wp-image-423645\"\/><figcaption>\u201cA ideia \u00e9 permitir que a mulher tenha as suas necessidades b\u00e1sicas atendidas\u201d, disse a secret\u00e1ria da Mulher, Vandercy Camargos, na inaugura\u00e7\u00e3o do alojamento | Fotos: Paulo H.Carvalho\/Ag\u00eancia Bras\u00edlia<\/figcaption><\/figure>\n\n\n\n<p>\u201cEste \u00e9 um equipamento de alta complexidade, que oferece seguran\u00e7a e atendimento multidisciplinar para mulheres em risco\u201d, resume a secret\u00e1ria da Mulher, Vandercy Camargos. \u201cS\u00e3o pessoas que merecem um acolhimento especial, que tiveram a coragem de sair de uma situa\u00e7\u00e3o de viol\u00eancia e procurar apoio.\u201d<\/p>\n\n\n\n<p>O encaminhamento das v\u00edtimas \u00e9 realizado pela Delegacia Especializada de Atendimento \u00e0 Mulher (Deam) ou pela equipe de acolhimento e triagem da Casa da Mulher Brasileira. O alojamento tempor\u00e1rio recebe, prioritariamente, mulheres em risco iminente de morte ou cujo agressor tenha descumprido medida protetiva de urg\u00eancia.<\/p>\n\n\n\n<figure class=\"wp-block-image\"><img decoding=\"async\" src=\"http:\/\/www.agenciabrasilia.df.gov.br\/wp-conteudo\/uploads\/2022\/07\/Dentro-1-5-scaled.jpg\" alt=\"\" class=\"wp-image-423649\"\/><figcaption>O espa\u00e7o conta com 14 camas para acolhimento de mulheres v\u00edtimas de viol\u00eancia<\/figcaption><\/figure>\n\n\n\n<p>Logo que chegam ao abrigo, a mulher e seus dependentes recebem alimenta\u00e7\u00e3o e um kit de higiene pessoal. As m\u00e3es de beb\u00eas tamb\u00e9m ganham fraldas. O espa\u00e7o conta com 14 camas, cozinha, sala de tev\u00ea, banheiros e brinquedoteca para as crian\u00e7as. \u201cA ideia \u00e9 permitir que a mulher tenha as suas necessidades b\u00e1sicas atendidas, com comida, um bom banho e uma cama confort\u00e1vel para dormir\u201d, aponta Vandercy.<\/p>\n\n\n\n<blockquote class=\"wp-block-quote is-layout-flow wp-block-quote-is-layout-flow\"><p>\u201cA Casa da Mulher Brasileira \u00e9 um instrumento que traz uma integra\u00e7\u00e3o entre v\u00e1rios poderes diferentes. Tudo para que a mulher possa, a partir de toda essa gest\u00e3o, retomar uma vida livre de qualquer forma de viol\u00eancia\u201dLuciana Rocha, coordenadora do N\u00facleo Judici\u00e1rio da Mulher do TJDF<\/p><\/blockquote>\n\n\n\n<p>As v\u00edtimas podem permanecer no alojamento por at\u00e9 dois dias \u2013 ap\u00f3s o prazo, elas s\u00e3o conduzidas \u00e0 pr\u00f3pria resid\u00eancia, para a casa de parentes ou para outro servi\u00e7o de acolhimento, como a Casa Abrigo. Caber\u00e1 ao servi\u00e7o de apoio psicossocial da CMB e \u00e0 Deam a elabora\u00e7\u00e3o, juntamente com a mulher, de um plano de seguran\u00e7a pessoal.<\/p>\n\n\n\n<p>Coordenadora do N\u00facleo Judici\u00e1rio da Mulher do Tribunal de Justi\u00e7a do Distrito Federal (TJDF), a ju\u00edza Luciana Rocha ressalta que, nessas 48 horas, \u00e9 importante adotar medidas de gest\u00e3o eficazes. \u201cNesse per\u00edodo, a v\u00edtima fica em seguran\u00e7a enquanto aguarda medidas protetivas cab\u00edveis, como uma eventual an\u00e1lise sobre a pris\u00e3o do autor da viol\u00eancia ou um encaminhamento socioassistencial\u201d, explica.<\/p>\n\n\n\n<p>Durante a estada no abrigo, a mulher acolhida poder\u00e1 ser direcionada aos demais servi\u00e7os oferecidos pela CMB, como atendimentos de apoio psicossocial ou a\u00e7\u00f5es voltadas \u00e0 autonomia econ\u00f4mica. \u201cA Casa da Mulher Brasileira \u00e9 um instrumento que traz uma integra\u00e7\u00e3o entre v\u00e1rios poderes diferentes\u201d, ressalta a ju\u00edza. \u201cTudo para que a mulher possa, a partir de toda essa gest\u00e3o, retomar uma vida livre de qualquer forma de viol\u00eancia\u201d.<\/p>\n","protected":false},"excerpt":{"rendered":"<p>A partir desta quarta (6), abrigo est\u00e1 preparado para receber, em Ceil\u00e2ndia, mulheres v\u00edtimas de viol\u00eancia dom\u00e9stica e familiar a qualquer hora do dia Carolina Caraballo, da Ag\u00eancia Bras\u00edlia I Edi\u00e7\u00e3o: D\u00e9bora Cronemberger&nbsp;O abrigo tempor\u00e1rio da Casa da Mulher Brasileira (CMB) abriu suas portas em Ceil\u00e2ndia. A partir desta quarta-feira (6), o alojamento de passagem [&hellip;]<\/p>\n","protected":false},"author":1,"featured_media":0,"comment_status":"open","ping_status":"open","sticky":false,"template":"","format":"standard","meta":{"footnotes":""},"categories":[],"tags":[],"class_list":["post-5737","post","type-post","status-publish","format-standard","hentry"],"_links":{"self":[{"href":"https:\/\/aguaslindasnoticias.com.br\/index.php\/wp-json\/wp\/v2\/posts\/5737","targetHints":{"allow":["GET"]}}],"collection":[{"href":"https:\/\/aguaslindasnoticias.com.br\/index.php\/wp-json\/wp\/v2\/posts"}],"about":[{"href":"https:\/\/aguaslindasnoticias.com.br\/index.php\/wp-json\/wp\/v2\/types\/post"}],"author":[{"embeddable":true,"href":"https:\/\/aguaslindasnoticias.com.br\/index.php\/wp-json\/wp\/v2\/users\/1"}],"replies":[{"embeddable":true,"href":"https:\/\/aguaslindasnoticias.com.br\/index.php\/wp-json\/wp\/v2\/comments?post=5737"}],"version-history":[{"count":0,"href":"https:\/\/aguaslindasnoticias.com.br\/index.php\/wp-json\/wp\/v2\/posts\/5737\/revisions"}],"wp:attachment":[{"href":"https:\/\/aguaslindasnoticias.com.br\/index.php\/wp-json\/wp\/v2\/media?parent=5737"}],"wp:term":[{"taxonomy":"category","embeddable":true,"href":"https:\/\/aguaslindasnoticias.com.br\/index.php\/wp-json\/wp\/v2\/categories?post=5737"},{"taxonomy":"post_tag","embeddable":true,"href":"https:\/\/aguaslindasnoticias.com.br\/index.php\/wp-json\/wp\/v2\/tags?post=5737"}],"curies":[{"name":"wp","href":"https:\/\/api.w.org\/{rel}","templated":true}]}}