{"id":5736,"date":"2023-01-04T10:14:54","date_gmt":"2023-01-04T13:14:54","guid":{"rendered":"https:\/\/aguaslindasnoticias.com.br\/index.php\/2023\/01\/04\/regiao-administrativa-do-itapoa-comemora-17-anos\/"},"modified":"2023-01-04T10:14:54","modified_gmt":"2023-01-04T13:14:54","slug":"regiao-administrativa-do-itapoa-comemora-17-anos","status":"publish","type":"post","link":"https:\/\/aguaslindasnoticias.com.br\/index.php\/2023\/01\/04\/regiao-administrativa-do-itapoa-comemora-17-anos\/","title":{"rendered":"Regi\u00e3o Administrativa do Itapo\u00e3 comemora 17 anos"},"content":{"rendered":"\n<p>Para celebrar, ser\u00e1 realizado um desfile c\u00edvico nesta sexta-feira (8) com a participa\u00e7\u00e3o de cerca de 300 alunos de escolas p\u00fablicas e particulares, al\u00e9m de eventos durante todo o m\u00eas<\/p>\n\n\n\n<p>L\u00facio Fl\u00e1vio, da Ag\u00eancia Bras\u00edlia | Edi\u00e7\u00e3o: Carolina Lobo<\/p>\n\n\n\n<p>S\u00e3o 17 anos de exist\u00eancia que ser\u00e3o celebrados com quatro dias de festa e muitas conquistas desde que foi criada, em 2005. Assim ser\u00e1 o anivers\u00e1rio de uma das regi\u00f5es administrativas (RA) mais novas do DF, Itapo\u00e3, que sopra as velinhas nesta quinta-feira (7). O nome da cidade, em tupi-guarani, \u201cponto de pedra\u201d, faz alus\u00e3o a uma das praias mais famosas do pa\u00eds \u2013 localizada em Salvador \u2013 e imortalizada em cl\u00e1ssica can\u00e7\u00e3o da MPB da dupla Vin\u00edcius de Moraes e Toquinho.<\/p>\n\n\n\n<p>\u201cSempre convido as pessoas para passarem uma tarde em Itapo\u00e3\u201d, brinca o administrador Marcus Vinicius Cotrim, em refer\u00eancia a um dos trechos da can\u00e7\u00e3o. \u201cNo come\u00e7o da cidade tinha uma pessoa que era da Bahia e saiu nominando as ruas com nome de praia. Como j\u00e1 tinha um condom\u00ednio com esse nome, resolveram nomear a cidade inteira com o nome de Itapo\u00e3, que \u00e9 com \u2018o\u2019 e n\u00e3o com \u2018u\u2019, por causa de um erro no decreto que criou a RA\u201d, conta.<\/p>\n\n\n\n<figure class=\"wp-block-image\"><img decoding=\"async\" src=\"http:\/\/agenciabrasilia.df.gov.br\/wp-conteudo\/uploads\/2022\/07\/Dentro-DF-250-scaled.jpg\" alt=\"\" class=\"wp-image-423673\"\/><figcaption>A obra de duplica\u00e7\u00e3o da DF-250, com investimento de R$ 12,2 milh\u00f5es, tem o objetivo de desafogar o tr\u00e1fego de cerca de 40 mil ve\u00edculos que transitam pelo local | Fotos: Renato Ara\u00fajo\/Ag\u00eancia Bras\u00edlia<\/figcaption><\/figure>\n\n\n\n<p>Al\u00e9m de um desfile c\u00edvico que ser\u00e1 realizado na sexta-feira (8), com a participa\u00e7\u00e3o de cerca de 300 alunos de escolas p\u00fablicas e particulares, incluindo integrantes do Corpo de Bombeiros Militar do Distrito Federal (CBMDF) e do Ex\u00e9rcito Brasileiro, a popula\u00e7\u00e3o da cidade poder\u00e1 se deleitar com v\u00e1rias atra\u00e7\u00f5es culturais.<\/p>\n\n\n\n<p>\u201cVamos celebrar o anivers\u00e1rio de Itapo\u00e3 ao longo de todo o m\u00eas de julho com v\u00e1rios eventos, tendo como tema&nbsp;<em>A Cultura da Paz<\/em>\u201d, detalha o administrador. \u201cItapo\u00e3 \u00e9 uma cidade que aprendi a amar, uma cidade de gente trabalhadora, onde grande parte sai cedo para ganhar a vida. Ent\u00e3o, quando conseguimos dar qualidade de vida, infraestrutura para elas, tudo melhora\u201d, diz.<\/p>\n\n\n\n<figure class=\"wp-block-image\"><img decoding=\"async\" src=\"http:\/\/agenciabrasilia.df.gov.br\/wp-conteudo\/uploads\/2022\/07\/Escola-Classe-203-do-Del-Lago-scaled.jpg\" alt=\"\" class=\"wp-image-423685\"\/><figcaption>A constru\u00e7\u00e3o da Escola Classe 203, do Setor Del Lago, assegurar\u00e1 800 vagas para alunos do 1\u00ba ao 5\u00ba ano<\/figcaption><\/figure>\n\n\n\n<p>Itapo\u00e3 hoje tem obras e a\u00e7\u00f5es que t\u00eam dado n\u00e3o apenas conforto e qualidade de vida aos quase 65 mil moradores da cidade, mas tamb\u00e9m um sentimento de pertencimento. \u00c9 o que explica o pedreiro Francisco Cleiton da Silva, 37 anos, 12 deles morando na RA. \u201c\u00c9 uma cidade que a cada ano me surpreende, e para melhor\u201d, constata. \u201cA seguran\u00e7a tem melhorado pra caramba\u201d, avalia.<\/p>\n\n\n\n<p>Segundo o morador, nascido no Piau\u00ed, o reflexo de que a cidade est\u00e1 diferente, e para melhor, como ele destaca, est\u00e1 nos pequenos detalhes do cotidiano. Isso ele constata ao levar os tr\u00eas filhos para passear pelas quadras de esportes e parquinhos infantis da cidade, todos recuperados dentro do projeto RenovaDF. Foram investidos mais de R$ 170 mil para a recupera\u00e7\u00e3o das \u00e1reas de lazer da cidade.<\/p>\n\n\n\n<blockquote class=\"wp-block-quote is-layout-flow wp-block-quote-is-layout-flow\"><p>\u201cItapo\u00e3 \u00e9 uma cidade de gente trabalhadora, onde grande parte sai cedo para ganhar a vida\u201dMarcus Vinicius Cotrim, administrador do Itapo\u00e3<\/p><\/blockquote>\n\n\n\n<p>Do parque infantil que leva os filhos quase todos os dias, ele contempla a duplica\u00e7\u00e3o da DF-250, utilizada diariamente por moradores do Itapo\u00e3, do Parano\u00e1 e tamb\u00e9m de Planaltina para ir ao trabalho e retornar para casa. A obra, com extens\u00e3o de aproximadamente 6 km, entre o N\u00facleo Rural de Sobradinho dos Melos, que fica no Parano\u00e1, at\u00e9 o Bal\u00e3o do Itapo\u00e3\/Parano\u00e1, tem investimento de R$ 12,2 milh\u00f5es e o intuito de melhorar o tr\u00e1fego de cerca de 40 mil ve\u00edculos que transitam pelo local.<\/p>\n\n\n\n<p>J\u00e1 a futura duplica\u00e7\u00e3o da DF-001, obra que ser\u00e1 realizada a partir de uma contrapartida ambiental firmada entre a construtora JC Gontijo, respons\u00e1vel pela edifica\u00e7\u00e3o do Itapo\u00e3 Parque, ir\u00e1 beneficiar a mobilidade para cerca de 50 mil pessoas que ir\u00e3o morar numa das quase 12,2 mil unidades do condom\u00ednio. \u201cS\u00e3o duas obras que v\u00e3o mudar a cara da cidade, impactando n\u00e3o s\u00f3 os moradores do Itapo\u00e3, mas tamb\u00e9m do Parano\u00e1, melhorando a fluidez do tr\u00e2nsito da regi\u00e3o Oeste do DF que d\u00e1 acesso para o Lago Sul, Lago Norte, Sobradinho, Planaltina e S\u00e3o Sebasti\u00e3o\u201d, explica o administrador do Itapo\u00e3.<\/p>\n\n\n\n<p><strong>Infraestrutura urbana<\/strong><\/p>\n\n\n\n<p>Na chamada Rota do Cavalo, localizada na DF-440, a inaugura\u00e7\u00e3o de 1,5 km de pavimenta\u00e7\u00e3o ajudou o dia a dia dos moradores das regi\u00f5es do Parano\u00e1 e do Itapo\u00e3. A pedido da popula\u00e7\u00e3o, uma ciclovia foi desenhada em um trecho que vai do Condom\u00ednio Del Lago II, na altura da garagem da Via\u00e7\u00e3o Pioneira, at\u00e9 o bal\u00e3o que d\u00e1 acesso \u00e0 cidade. O setor ganhou ilumina\u00e7\u00e3o p\u00fablica.<\/p>\n\n\n\n<p>A pavimenta\u00e7\u00e3o tamb\u00e9m chegou na \u00e1rea rural, com correi\u00e7\u00e3o de estradas de ch\u00e3o em v\u00e1rios setores e at\u00e9 asfalto na vicinal 330, a principal do setor de ch\u00e1caras.&nbsp;\u201cTamb\u00e9m implantamos papa-lixos na zona rural e dentro da cidade, com a perspectiva de colocar mais, porque \u00e9 preciso\u201d, planeja o administrador Marcus Cotrim.<\/p>\n\n\n\n<p>Com investimento de R$ 33 milh\u00f5es, seis quadras da cidade \u2013 202, 203, 318, 378 e 379, al\u00e9m de parte da 366 \u2013 receber\u00e3o pavimenta\u00e7\u00e3o asf\u00e1ltica e drenagem pluvial. \u201cEssa obra vai concluir a urbaniza\u00e7\u00e3o do Itapo\u00e3, n\u00e3o vamos mais ter na regi\u00e3o quadra que n\u00e3o tenha pavimenta\u00e7\u00e3o asf\u00e1ltica e drenagem pluvial\u201d, afirma Cotrim.<\/p>\n\n\n\n<p>Com trabalhos bastante adiantados, a constru\u00e7\u00e3o da Escola Classe 203, do setor Del Lago, prevista para terminar em outubro, assegurar\u00e1 800 vagas para alunos do 1\u00ba ao 5\u00ba ano. A obra, or\u00e7ada em R$ 8,4 milh\u00f5es, contar\u00e1 com tr\u00eas pavimentos e 23 salas de aulas, al\u00e9m de espa\u00e7o multi\u00faso, biblioteca, laborat\u00f3rio, audit\u00f3rio, refeit\u00f3rio, parque, banheiros e quadra poliesportiva coberta. \u201c\u00c9 garantia de mais educa\u00e7\u00e3o para a cidade, para os nossos filhos\u201d, chama aten\u00e7\u00e3o Amanda No\u00eamia Pereira, 21 anos, desde os 12 anos moradora do Itapo\u00e3. \u201cGosto de morar aqui\u201d, comenta ela, m\u00e3e de um beb\u00ea de colo.<\/p>\n\n\n\n<figure class=\"wp-block-image\"><img decoding=\"async\" src=\"http:\/\/agenciabrasilia.df.gov.br\/wp-conteudo\/uploads\/2022\/07\/Kauan-Barbosa-300x199.jpg\" alt=\"\" class=\"wp-image-423688\"\/><figcaption>Kauan Barbosa, 17 anos, pratica taekwondo na Pra\u00e7a dos Direitos<\/figcaption><\/figure>\n\n\n\n<p>Entre as obras conclu\u00eddas na cidade, est\u00e1 a Pra\u00e7a dos Direitos, um grande complexo voltado para esporte e projetos sociais. O local com 615 m\u00b2 localizado na Quadra 203 tem duas salas de conviv\u00eancia para pr\u00e1ticas esportivas e dan\u00e7a, al\u00e9m de atividades eletr\u00f4nicas.<\/p>\n\n\n\n<p>\u00c9 num desses espa\u00e7os que o estudante Kauan Barbosa, 17 anos, pratica taekwondo. \u201cMuito legal esse projeto que fiquei sabendo por meio da diretoria da escola, j\u00e1 saio de l\u00e1 e venho para c\u00e1\u201d, lembra ele, aluno do Centro de Ensino Fundamental Zilda Arns, localizado ao lado da Pra\u00e7a dos Direitos.<\/p>\n\n\n\n<p>\u201cAl\u00e9m do cunho social, os projetos sociais que acontecem na Pra\u00e7a do Direito ocupam os jovens, dando tranquilidade aos pais que est\u00e3o no trabalho, e formam campe\u00f5es n\u00e3o s\u00f3 dentro do tatame, mas tamb\u00e9m para a vida\u201d, avalia Jess\u00e9 Santos, professor da turma de taekwondo da Pra\u00e7a dos Direitos.<\/p>\n","protected":false},"excerpt":{"rendered":"<p>Para celebrar, ser\u00e1 realizado um desfile c\u00edvico nesta sexta-feira (8) com a participa\u00e7\u00e3o de cerca de 300 alunos de escolas p\u00fablicas e particulares, al\u00e9m de eventos durante todo o m\u00eas L\u00facio Fl\u00e1vio, da Ag\u00eancia Bras\u00edlia | Edi\u00e7\u00e3o: Carolina Lobo S\u00e3o 17 anos de exist\u00eancia que ser\u00e3o celebrados com quatro dias de festa e muitas conquistas [&hellip;]<\/p>\n","protected":false},"author":1,"featured_media":0,"comment_status":"open","ping_status":"open","sticky":false,"template":"","format":"standard","meta":{"footnotes":""},"categories":[],"tags":[],"class_list":["post-5736","post","type-post","status-publish","format-standard","hentry"],"_links":{"self":[{"href":"https:\/\/aguaslindasnoticias.com.br\/index.php\/wp-json\/wp\/v2\/posts\/5736","targetHints":{"allow":["GET"]}}],"collection":[{"href":"https:\/\/aguaslindasnoticias.com.br\/index.php\/wp-json\/wp\/v2\/posts"}],"about":[{"href":"https:\/\/aguaslindasnoticias.com.br\/index.php\/wp-json\/wp\/v2\/types\/post"}],"author":[{"embeddable":true,"href":"https:\/\/aguaslindasnoticias.com.br\/index.php\/wp-json\/wp\/v2\/users\/1"}],"replies":[{"embeddable":true,"href":"https:\/\/aguaslindasnoticias.com.br\/index.php\/wp-json\/wp\/v2\/comments?post=5736"}],"version-history":[{"count":0,"href":"https:\/\/aguaslindasnoticias.com.br\/index.php\/wp-json\/wp\/v2\/posts\/5736\/revisions"}],"wp:attachment":[{"href":"https:\/\/aguaslindasnoticias.com.br\/index.php\/wp-json\/wp\/v2\/media?parent=5736"}],"wp:term":[{"taxonomy":"category","embeddable":true,"href":"https:\/\/aguaslindasnoticias.com.br\/index.php\/wp-json\/wp\/v2\/categories?post=5736"},{"taxonomy":"post_tag","embeddable":true,"href":"https:\/\/aguaslindasnoticias.com.br\/index.php\/wp-json\/wp\/v2\/tags?post=5736"}],"curies":[{"name":"wp","href":"https:\/\/api.w.org\/{rel}","templated":true}]}}