{"id":5735,"date":"2023-01-04T10:14:54","date_gmt":"2023-01-04T13:14:54","guid":{"rendered":"https:\/\/aguaslindasnoticias.com.br\/index.php\/2023\/01\/04\/desfile-civico-da-inicio-as-celebracoes-dos-29-anos-do-recanto-das-emas\/"},"modified":"2023-01-04T10:14:54","modified_gmt":"2023-01-04T13:14:54","slug":"desfile-civico-da-inicio-as-celebracoes-dos-29-anos-do-recanto-das-emas","status":"publish","type":"post","link":"https:\/\/aguaslindasnoticias.com.br\/index.php\/2023\/01\/04\/desfile-civico-da-inicio-as-celebracoes-dos-29-anos-do-recanto-das-emas\/","title":{"rendered":"Desfile c\u00edvico d\u00e1 in\u00edcio \u00e0s celebra\u00e7\u00f5es dos 29 anos do Recanto das Emas"},"content":{"rendered":"\n<p>A concentra\u00e7\u00e3o, nesta sexta (8), ser\u00e1 \u00e0s 8h30 no estacionamento da igreja S\u00e3o Gabriel, na quadra 201 da regi\u00e3o administrativa<\/p>\n\n\n\n<p>Ag\u00eancia Bras\u00edlia* | Edi\u00e7\u00e3o: Claudio Fernandes&nbsp;Para iniciar as comemora\u00e7\u00f5es do 29\u00ba anivers\u00e1rio do Recanto das Emas, ser\u00e1 realizado nesta sexta-feira (8), \u00e0s 8h30, um desfile c\u00edvico. A concentra\u00e7\u00e3o ser\u00e1 no estacionamento da igreja S\u00e3o Gabriel, na quadra 201 da regi\u00e3o administrativa.&nbsp;<\/p>\n\n\n\n<p>Devido ao desfile, o tr\u00e2nsito para quem trafega pela Avenida Recanto das Emas ser\u00e1 desviado na manh\u00e3 dessa sexta-feira na altura da Quadra 102, nas proximidades da unidade b\u00e1sica de sa\u00fade (UBS) e do posto do Samu, no sentido de quem entra na cidade pela avenida principal.<\/p>\n\n\n\n<figure class=\"wp-block-image\"><img decoding=\"async\" src=\"http:\/\/www.agenciabrasilia.df.gov.br\/wp-conteudo\/uploads\/2022\/07\/WhatsApp-Image-2022-07-06-at-17.02.30.jpeg\" alt=\"\" class=\"wp-image-423734\"\/><figcaption>O Recanto das Emas fica a cerca de 25 km do Plano Piloto e possui mais de 150 mil habitantes | Foto: Paulo H. Carvalho \/ Ag\u00eancia Bras\u00edlia<\/figcaption><\/figure>\n\n\n\n<p>O Recanto das Emas foi fundado no dia 28 de julho de 1993 para abrigar pessoas que viviam de maneira irregular no Plano Piloto.<\/p>\n\n\n\n<p>A origem do nome da regi\u00e3o tem pelo menos duas vers\u00f5es. A oficial \u00e9 que ela herdou o prefixo de um s\u00edtio arqueol\u00f3gico pr\u00f3ximo chamado Recanto, que foi combinado com o arbusto canela-de-ema, muito comum na \u00e1rea.<\/p>\n\n\n\n<p>Moradores antigos d\u00e3o outra vers\u00e3o. Eles dizem que uma grande quantidade de emas, aves t\u00edpicas do cerrado, viviam nas proximidades. Com a urbaniza\u00e7\u00e3o, os animais teriam se tornado raros, e algumas esp\u00e9cies foram levadas para o Zool\u00f3gico de Bras\u00edlia para serem preservadas.<\/p>\n\n\n\n<p>Distante cerca de 25,8 km do Plano Piloto, a principal refer\u00eancia do lugar \u00e9 o monumento das Emas.<\/p>\n\n\n\n<p>A cidade tem mais de 150 mil habitantes e est\u00e1 crescendo, principalmente gra\u00e7as \u00e0s obras realizadas, como quadras esportivas, ilumina\u00e7\u00e3o, pontos de encontro comunit\u00e1rios e o sonhado viaduto do Recanto.<\/p>\n\n\n\n<p><em>*Com informa\u00e7\u00f5es da Administra\u00e7\u00e3o do Recanto das Emas<\/em><\/p>\n","protected":false},"excerpt":{"rendered":"<p>A concentra\u00e7\u00e3o, nesta sexta (8), ser\u00e1 \u00e0s 8h30 no estacionamento da igreja S\u00e3o Gabriel, na quadra 201 da regi\u00e3o administrativa Ag\u00eancia Bras\u00edlia* | Edi\u00e7\u00e3o: Claudio Fernandes&nbsp;Para iniciar as comemora\u00e7\u00f5es do 29\u00ba anivers\u00e1rio do Recanto das Emas, ser\u00e1 realizado nesta sexta-feira (8), \u00e0s 8h30, um desfile c\u00edvico. A concentra\u00e7\u00e3o ser\u00e1 no estacionamento da igreja S\u00e3o Gabriel, [&hellip;]<\/p>\n","protected":false},"author":1,"featured_media":0,"comment_status":"open","ping_status":"open","sticky":false,"template":"","format":"standard","meta":{"footnotes":""},"categories":[],"tags":[],"class_list":["post-5735","post","type-post","status-publish","format-standard","hentry"],"_links":{"self":[{"href":"https:\/\/aguaslindasnoticias.com.br\/index.php\/wp-json\/wp\/v2\/posts\/5735","targetHints":{"allow":["GET"]}}],"collection":[{"href":"https:\/\/aguaslindasnoticias.com.br\/index.php\/wp-json\/wp\/v2\/posts"}],"about":[{"href":"https:\/\/aguaslindasnoticias.com.br\/index.php\/wp-json\/wp\/v2\/types\/post"}],"author":[{"embeddable":true,"href":"https:\/\/aguaslindasnoticias.com.br\/index.php\/wp-json\/wp\/v2\/users\/1"}],"replies":[{"embeddable":true,"href":"https:\/\/aguaslindasnoticias.com.br\/index.php\/wp-json\/wp\/v2\/comments?post=5735"}],"version-history":[{"count":0,"href":"https:\/\/aguaslindasnoticias.com.br\/index.php\/wp-json\/wp\/v2\/posts\/5735\/revisions"}],"wp:attachment":[{"href":"https:\/\/aguaslindasnoticias.com.br\/index.php\/wp-json\/wp\/v2\/media?parent=5735"}],"wp:term":[{"taxonomy":"category","embeddable":true,"href":"https:\/\/aguaslindasnoticias.com.br\/index.php\/wp-json\/wp\/v2\/categories?post=5735"},{"taxonomy":"post_tag","embeddable":true,"href":"https:\/\/aguaslindasnoticias.com.br\/index.php\/wp-json\/wp\/v2\/tags?post=5735"}],"curies":[{"name":"wp","href":"https:\/\/api.w.org\/{rel}","templated":true}]}}