{"id":5733,"date":"2023-01-04T10:14:54","date_gmt":"2023-01-04T13:14:54","guid":{"rendered":"https:\/\/aguaslindasnoticias.com.br\/index.php\/2023\/01\/04\/fim-de-semana-os-feras-do-baile-e-outros-artistas-fazem-shows-gratuitos-em-tres-feiras-do-df\/"},"modified":"2023-01-04T10:14:54","modified_gmt":"2023-01-04T13:14:54","slug":"fim-de-semana-os-feras-do-baile-e-outros-artistas-fazem-shows-gratuitos-em-tres-feiras-do-df","status":"publish","type":"post","link":"https:\/\/aguaslindasnoticias.com.br\/index.php\/2023\/01\/04\/fim-de-semana-os-feras-do-baile-e-outros-artistas-fazem-shows-gratuitos-em-tres-feiras-do-df\/","title":{"rendered":"Fim de semana: Os Feras do Baile e outros artistas fazem shows gratuitos em tr\u00eas feiras do DF"},"content":{"rendered":"\n<figure class=\"wp-block-image size-large\"><img decoding=\"async\" src=\"http:\/\/claricegulyas.com.br\/wp-content\/uploads\/2022\/07\/os-feras-do-baile-2.png\" alt=\"\" class=\"wp-image-10525\"\/><\/figure>\n\n\n\n<p><em>Projeto M\u00fasica nas Feiras vai at\u00e9 outubro, com apresenta\u00e7\u00f5es simult\u00e2neas. Programa\u00e7\u00e3o est\u00e1 dispon\u00edvel pelo Instagram @musicanasfeiras<\/em><\/p>\n\n\n\n<p><br>Para movimentar as feiras permanentes de Sobradinho, Sobradinho 2 e S\u00e3o Sebasti\u00e3o, o projeto <strong>M\u00fasica nas Feiras<\/strong> brinda feirantes e visitantes com apresenta\u00e7\u00f5es gratuitas de artistas da cidade. Neste final de semana, dias 9 e 10 de julho, das 11h \u00e0s 15h, as regi\u00f5es administrativas ser\u00e3o tomadas por artistas do sertanejo, da MPB e do forr\u00f3, como o grupo nacional Os Feras do Baile. A entrada \u00e9 franca, com classifica\u00e7\u00e3o livre.<\/p>\n\n\n\n<p>Iniciada em junho, a segunda edi\u00e7\u00e3o do projeto M\u00fasica nas Feiras prev\u00ea 324 apresenta\u00e7\u00f5es, envolvendo pelo menos 650 artistas. A iniciativa \u00e9 do Grupo Cultural Azulim, de Sobradinho, e conta com o apoio da Secretaria de Cultura e Economia Criativa do DF. O objetivo do projeto \u00e9 contribuir com o fomento cultural, forma\u00e7\u00e3o de plateia e incentivo e desenvolvimento da economia criativa.<\/p>\n\n\n\n<p><strong>Confira a programa\u00e7\u00e3o deste final de semana:<\/strong><\/p>\n\n\n\n<p><strong>S\u00e1bado, 9\/7:<\/strong><br>Paulo Oliveira &#8211; sertanejo (Sobradinho)<br>Willian e Deived &#8211; sertanejo (Sobradinho)<br>Marcos Paulo &#8211; sertanejo (Sobradinho 2)<br>Railson e Gabriel &#8211; sertanejo (S\u00e3o Sebasti\u00e3o)<\/p>\n\n\n\n<p><strong>Domingo, 10\/7:<\/strong><br>Caster Borges &#8211; MPB (Sobradinho)<br>Am\u00e9lia Pinheiro &#8211; MPB (Sobradinho)<br>Os Feras do Baile &#8211; Forr\u00f3 (S\u00e3o Sebasti\u00e3o)<\/p>\n\n\n\n<p><br><strong>Servi\u00e7o:<\/strong><br><strong>2\u00aa Edi\u00e7\u00e3o do Projeto M\u00fasica nas Feiras<\/strong><br>Data: 18 de junho a 23 de outubro de 2022<br>Hora: 11h \u00e0s 15h<br>Local: feiras permanentes de Sobradinho, Sobradinho 2 e S\u00e3o Sebasti\u00e3o<br>Informa\u00e7\u00f5es: @musicanasfeiras (Instagram)<\/p>\n","protected":false},"excerpt":{"rendered":"<p>Projeto M\u00fasica nas Feiras vai at\u00e9 outubro, com apresenta\u00e7\u00f5es simult\u00e2neas. Programa\u00e7\u00e3o est\u00e1 dispon\u00edvel pelo Instagram @musicanasfeiras Para movimentar as feiras permanentes de Sobradinho, Sobradinho 2 e S\u00e3o Sebasti\u00e3o, o projeto M\u00fasica nas Feiras brinda feirantes e visitantes com apresenta\u00e7\u00f5es gratuitas de artistas da cidade. Neste final de semana, dias 9 e 10 de julho, das [&hellip;]<\/p>\n","protected":false},"author":1,"featured_media":0,"comment_status":"open","ping_status":"open","sticky":false,"template":"","format":"standard","meta":{"footnotes":""},"categories":[],"tags":[],"class_list":["post-5733","post","type-post","status-publish","format-standard","hentry"],"_links":{"self":[{"href":"https:\/\/aguaslindasnoticias.com.br\/index.php\/wp-json\/wp\/v2\/posts\/5733","targetHints":{"allow":["GET"]}}],"collection":[{"href":"https:\/\/aguaslindasnoticias.com.br\/index.php\/wp-json\/wp\/v2\/posts"}],"about":[{"href":"https:\/\/aguaslindasnoticias.com.br\/index.php\/wp-json\/wp\/v2\/types\/post"}],"author":[{"embeddable":true,"href":"https:\/\/aguaslindasnoticias.com.br\/index.php\/wp-json\/wp\/v2\/users\/1"}],"replies":[{"embeddable":true,"href":"https:\/\/aguaslindasnoticias.com.br\/index.php\/wp-json\/wp\/v2\/comments?post=5733"}],"version-history":[{"count":0,"href":"https:\/\/aguaslindasnoticias.com.br\/index.php\/wp-json\/wp\/v2\/posts\/5733\/revisions"}],"wp:attachment":[{"href":"https:\/\/aguaslindasnoticias.com.br\/index.php\/wp-json\/wp\/v2\/media?parent=5733"}],"wp:term":[{"taxonomy":"category","embeddable":true,"href":"https:\/\/aguaslindasnoticias.com.br\/index.php\/wp-json\/wp\/v2\/categories?post=5733"},{"taxonomy":"post_tag","embeddable":true,"href":"https:\/\/aguaslindasnoticias.com.br\/index.php\/wp-json\/wp\/v2\/tags?post=5733"}],"curies":[{"name":"wp","href":"https:\/\/api.w.org\/{rel}","templated":true}]}}