{"id":5732,"date":"2023-01-04T10:14:54","date_gmt":"2023-01-04T13:14:54","guid":{"rendered":"https:\/\/aguaslindasnoticias.com.br\/index.php\/2023\/01\/04\/julho-amarelo-debate-as-hepatites-virais\/"},"modified":"2023-01-04T10:14:54","modified_gmt":"2023-01-04T13:14:54","slug":"julho-amarelo-debate-as-hepatites-virais","status":"publish","type":"post","link":"https:\/\/aguaslindasnoticias.com.br\/index.php\/2023\/01\/04\/julho-amarelo-debate-as-hepatites-virais\/","title":{"rendered":"Julho Amarelo debate as hepatites virais"},"content":{"rendered":"\n<p>As doen\u00e7as s\u00e3o respons\u00e1veis por milhares de mortes e problemas cr\u00f4nicos no f\u00edgado<\/p>\n\n\n\n<p>Ag\u00eancia Bras\u00edlia* | Edi\u00e7\u00e3o: Saulo Moreno<\/p>\n\n\n\n<p>O Julho Amarelo \u00e9 o m\u00eas da luta contra as hepatites virais, doen\u00e7as infecciosas que atacam principalmente o f\u00edgado. Embora nem sempre apresentem sinais e sintomas, quando n\u00e3o diagnosticadas, podem acarretar complica\u00e7\u00f5es das formas agudas e cr\u00f4nicas, muitas vezes levando \u00e0 cirrose ou ao c\u00e2ncer de f\u00edgado.<\/p>\n\n\n\n<blockquote class=\"wp-block-quote is-layout-flow wp-block-quote-is-layout-flow\"><p>\u201cAl\u00e9m da imuniza\u00e7\u00e3o, h\u00e1 outras formas muito importantes de preven\u00e7\u00e3o e que n\u00e3o t\u00eam segredo: usar preservativo nas rela\u00e7\u00f5es sexuais, o n\u00e3o compartilhamento de objetos de uso pessoal, como l\u00e2minas, alicates de unhas e seringas, e higieniza\u00e7\u00e3o correta dos alimentos\u201dBeatriz Maciel, gerente de Vigil\u00e2ncia de Infec\u00e7\u00f5es Sexualmente Transmiss\u00edveis da Secretaria de Sa\u00fade<\/p><\/blockquote>\n\n\n\n<p>\u201cAs hepatites virais podem ser controladas com diagn\u00f3stico precoce, tratamento e medidas de preven\u00e7\u00e3o, incluindo vacinas para alguns tipos do v\u00edrus. No entanto, o desconhecimento sobre a doen\u00e7a faz com que muitas pessoas s\u00f3 sejam diagnosticadas quando apresentam complica\u00e7\u00f5es, como cirrose e c\u00e2ncer de f\u00edgado\u201d, explica Beatriz Maciel, gerente de Vigil\u00e2ncia de Infec\u00e7\u00f5es Sexualmente Transmiss\u00edveis da Secretaria de Sa\u00fade.<\/p>\n\n\n\n<p>Para debater sobre as hepatites virais, a Secretaria de Sa\u00fade organizou o \u201cSemin\u00e1rio sobre aten\u00e7\u00e3o integral \u00e0s pessoas com hepatites virais no Distrito Federal: informar para sensibilizar\u201d, que ser\u00e1 realizado no pr\u00f3ximo dia 19, das 8h30 \u00e0s 17h, no audit\u00f3rio da Funda\u00e7\u00e3o de Ensino e Pesquisa em Ci\u00eancias da Sa\u00fade (Fepecs).<\/p>\n\n\n\n<p>O principal objetivo \u00e9 aprimorar as atividades de preven\u00e7\u00e3o, vigil\u00e2ncia, diagn\u00f3stico e tratamento das hepatites virais no DF. O semin\u00e1rio \u00e9 destinado a profissionais de sa\u00fade das redes p\u00fablica e privada, al\u00e9m de estudantes da \u00e1rea. As&nbsp;<a href=\"https:\/\/docs.google.com\/forms\/d\/e\/1FAIpQLSfIniDj3RjgCE6K-_cDNWTnqKXwVXBWW6sHiYB4JpKpgss2Bw\/viewform\" target=\"_blank\" rel=\"noreferrer noopener\">inscri\u00e7\u00f5es podem ser feitas neste link<\/a>.<\/p>\n\n\n\n<p><strong>Dados da doen\u00e7a<\/strong><\/p>\n\n\n\n<p>No Distrito Federal, de 2017 a 2021, foram registrados no Sistema de Informa\u00e7\u00e3o de Agravos de Notifica\u00e7\u00e3o (Sinan) 1.331 casos novos de hepatites virais, sendo 515 (38,7%) de hepatite B, 812 (61,0%) de hepatite C, e quatro (0,3%) de hepatite D. Em rela\u00e7\u00e3o \u00e0 hepatite A, no ano de 2021 foram notificados 301 casos no Sinan, sendo dois casos confirmados.<\/p>\n\n\n\n<figure class=\"wp-block-image\"><img decoding=\"async\" src=\"http:\/\/agenciabrasilia.df.gov.br\/wp-conteudo\/uploads\/2022\/07\/banner_julho_amarelo-1024x683.png\" alt=\"\" class=\"wp-image-422971\"\/><figcaption>Destinado aos profissionais de sa\u00fade das redes p\u00fablica e privada, o semin\u00e1rio organizado pela Secretaria de Sa\u00fade tem como objetivo aprimorar as atividades de preven\u00e7\u00e3o, vigil\u00e2ncia, diagn\u00f3stico e tratamento das hepatites virais no DF | Arte: SES-DF<\/figcaption><\/figure>\n\n\n\n<p>De 2017 a 2021, segundo o Sistema de Informa\u00e7\u00f5es sobre Mortalidade (SIM), ocorreram no DF 109 \u00f3bitos que tiveram como causa b\u00e1sica as hepatites virais, sendo 76 por hepatite C e 19 por hepatite B.<\/p>\n\n\n\n<p>No Brasil, as hepatites virais mais comuns s\u00e3o causadas pelos v\u00edrus A, B e C. Existem ainda, com menor frequ\u00eancia, o v\u00edrus da hepatite D (mais comum na regi\u00e3o Norte do pa\u00eds) e o v\u00edrus da hepatite E, que \u00e9 menos comum no Brasil, sendo encontrado com maior facilidade na \u00c1frica e na \u00c1sia.<\/p>\n\n\n\n<p><strong>Transmiss\u00e3o<\/strong><\/p>\n\n\n\n<p>A via prim\u00e1ria de transmiss\u00e3o das hepatites virais B, C e D \u00e9 a parenteral, por contato com sangue e hemoderivados, podendo tamb\u00e9m ser transmitidas por contato sexual e de m\u00e3e infectada para o rec\u00e9m-nascido (durante o parto ou no per\u00edodo perinatal). Usu\u00e1rios de drogas injet\u00e1veis, pessoas em hemodi\u00e1lise ou com m\u00faltiplos parceiros apresentam maior risco de infec\u00e7\u00e3o pelos v\u00edrus.<\/p>\n\n\n\n<p>A transmiss\u00e3o pode ocorrer ainda pelo compartilhamento de objetos contaminados, como l\u00e2minas de barbear ou depilar, escovas de dente, alicates e acess\u00f3rios de manicure e pedicure, materiais para coloca\u00e7\u00e3o de piercing e para confec\u00e7\u00e3o de tatuagens, instrumentos para uso de subst\u00e2ncias injet\u00e1veis, inal\u00e1veis (coca\u00edna) e fumadas (crack).<\/p>\n\n\n\n<p>Pode ocorrer tamb\u00e9m em acidentes com exposi\u00e7\u00e3o a material biol\u00f3gico, procedimentos cir\u00fargicos, odontol\u00f3gicos, endoscopia, entre outros, quando as normas de biosseguran\u00e7a n\u00e3o s\u00e3o respeitadas.<\/p>\n\n\n\n<p><strong>Preven\u00e7\u00e3o<\/strong><\/p>\n\n\n\n<p>Todas as hepatites virais podem ser evitadas com alguns cuidados. Para a do tipo A o recomendado \u00e9 lavar as m\u00e3os com \u00e1gua e sab\u00e3o ap\u00f3s ir ao banheiro, trocar fraldas e antes de cozinhar ou comer, al\u00e9m do uso de \u00e1gua tratada, saneamento b\u00e1sico e higieniza\u00e7\u00e3o adequada dos alimentos.<\/p>\n\n\n\n<blockquote class=\"wp-block-quote is-layout-flow wp-block-quote-is-layout-flow\"><p>\u201cTodas as pessoas com infec\u00e7\u00e3o pelo v\u00edrus da hepatite B ou C podem receber o tratamento gratuito pelo SUS. O m\u00e9dico, tanto da rede p\u00fablica quanto suplementar, poder\u00e1 prescrever o tratamento seguindo as orienta\u00e7\u00f5es dos Protocolos Cl\u00ednicos e Diretrizes Terap\u00eauticas para Hepatite C e B (PCDT Hepatite C e PCDT Hepatite B) do Minist\u00e9rio da Sa\u00fade\u201dBeatriz Maciel, gerente de Vigil\u00e2ncia de Infec\u00e7\u00f5es Sexualmente Transmiss\u00edveis da Secretaria de Sa\u00fade<\/p><\/blockquote>\n\n\n\n<p>Segundo Beatriz, as vacinas s\u00e3o as principais estrat\u00e9gias de preven\u00e7\u00e3o contra as hepatites A e B, e est\u00e3o inseridas no Calend\u00e1rio Nacional de Vacina\u00e7\u00e3o pelo SUS. \u201cAl\u00e9m da imuniza\u00e7\u00e3o, h\u00e1 outras formas muito importantes de preven\u00e7\u00e3o e que n\u00e3o t\u00eam segredo: usar preservativo nas rela\u00e7\u00f5es sexuais, o n\u00e3o compartilhamento de objetos de uso pessoal, como l\u00e2minas, alicates de unhas e seringas, e higieniza\u00e7\u00e3o correta dos alimentos\u201d, destaca. A hepatite C n\u00e3o possui vacina.<\/p>\n\n\n\n<p><strong>Diagn\u00f3stico e tratamento<\/strong><\/p>\n\n\n\n<p>A rede p\u00fablica de sa\u00fade do DF disponibiliza os meios para se diagnosticar as hepatites virais, sejam exames de sangue e testes r\u00e1pidos ou laboratoriais, em qualquer unidade b\u00e1sica de sa\u00fade (UBS) e no Centro de Testagem e Aconselhamento (CTA), localizado no mezanino da Rodovi\u00e1ria do Plano Piloto. Os testes r\u00e1pidos para a detec\u00e7\u00e3o da infec\u00e7\u00e3o pelos v\u00edrus B ou C est\u00e3o dispon\u00edveis para toda a popula\u00e7\u00e3o na rede do SUS no DF.<\/p>\n\n\n\n<p>O tratamento da hepatite A se resume a repouso e cuidados com a dieta do paciente. J\u00e1 em caso de hepatite C, a interven\u00e7\u00e3o terap\u00eautica \u00e9 feita com os chamados antivirais de a\u00e7\u00e3o direta (DAA), que apresentam taxas de cura de mais de 95% e s\u00e3o realizados, geralmente, por 8 ou 12 semanas.<\/p>\n\n\n\n<p>A hepatite B n\u00e3o possui cura, mas seu tratamento com medicamentos espec\u00edficos (alfapeginterferona, tenofovir e entecavir) tem por objetivo reduzir o risco de progress\u00e3o da doen\u00e7a e suas complica\u00e7\u00f5es, especialmente a cirrose e o c\u00e2ncer de f\u00edgado. Tanto o tratamento para a hepatite B quanto para hepatite C est\u00e1 dispon\u00edvel no Sistema \u00danico de Sa\u00fade (SUS).<\/p>\n\n\n\n<p>\u201cTodas as pessoas com infec\u00e7\u00e3o pelo v\u00edrus da hepatite B ou C podem receber o tratamento gratuito pelo SUS. O m\u00e9dico, tanto da rede p\u00fablica quanto suplementar, poder\u00e1 prescrever o tratamento seguindo as orienta\u00e7\u00f5es dos Protocolos Cl\u00ednicos e Diretrizes Terap\u00eauticas para Hepatite C e B (PCDT Hepatite C e PCDT Hepatite B) do Minist\u00e9rio da Sa\u00fade\u201d, esclarece Beatriz.<\/p>\n\n\n\n<p><em>*Com informa\u00e7\u00f5es da Secretaria de Sa\u00fade do DF<\/em><\/p>\n","protected":false},"excerpt":{"rendered":"<p>As doen\u00e7as s\u00e3o respons\u00e1veis por milhares de mortes e problemas cr\u00f4nicos no f\u00edgado Ag\u00eancia Bras\u00edlia* | Edi\u00e7\u00e3o: Saulo Moreno O Julho Amarelo \u00e9 o m\u00eas da luta contra as hepatites virais, doen\u00e7as infecciosas que atacam principalmente o f\u00edgado. Embora nem sempre apresentem sinais e sintomas, quando n\u00e3o diagnosticadas, podem acarretar complica\u00e7\u00f5es das formas agudas e [&hellip;]<\/p>\n","protected":false},"author":1,"featured_media":0,"comment_status":"open","ping_status":"open","sticky":false,"template":"","format":"standard","meta":{"footnotes":""},"categories":[],"tags":[],"class_list":["post-5732","post","type-post","status-publish","format-standard","hentry"],"_links":{"self":[{"href":"https:\/\/aguaslindasnoticias.com.br\/index.php\/wp-json\/wp\/v2\/posts\/5732","targetHints":{"allow":["GET"]}}],"collection":[{"href":"https:\/\/aguaslindasnoticias.com.br\/index.php\/wp-json\/wp\/v2\/posts"}],"about":[{"href":"https:\/\/aguaslindasnoticias.com.br\/index.php\/wp-json\/wp\/v2\/types\/post"}],"author":[{"embeddable":true,"href":"https:\/\/aguaslindasnoticias.com.br\/index.php\/wp-json\/wp\/v2\/users\/1"}],"replies":[{"embeddable":true,"href":"https:\/\/aguaslindasnoticias.com.br\/index.php\/wp-json\/wp\/v2\/comments?post=5732"}],"version-history":[{"count":0,"href":"https:\/\/aguaslindasnoticias.com.br\/index.php\/wp-json\/wp\/v2\/posts\/5732\/revisions"}],"wp:attachment":[{"href":"https:\/\/aguaslindasnoticias.com.br\/index.php\/wp-json\/wp\/v2\/media?parent=5732"}],"wp:term":[{"taxonomy":"category","embeddable":true,"href":"https:\/\/aguaslindasnoticias.com.br\/index.php\/wp-json\/wp\/v2\/categories?post=5732"},{"taxonomy":"post_tag","embeddable":true,"href":"https:\/\/aguaslindasnoticias.com.br\/index.php\/wp-json\/wp\/v2\/tags?post=5732"}],"curies":[{"name":"wp","href":"https:\/\/api.w.org\/{rel}","templated":true}]}}