{"id":5730,"date":"2023-01-04T10:14:54","date_gmt":"2023-01-04T13:14:54","guid":{"rendered":"https:\/\/aguaslindasnoticias.com.br\/index.php\/2023\/01\/04\/saiba-como-sao-monitorados-os-casos-suspeitos-de-monkeypox-no-df\/"},"modified":"2023-01-04T10:14:54","modified_gmt":"2023-01-04T13:14:54","slug":"saiba-como-sao-monitorados-os-casos-suspeitos-de-monkeypox-no-df","status":"publish","type":"post","link":"https:\/\/aguaslindasnoticias.com.br\/index.php\/2023\/01\/04\/saiba-como-sao-monitorados-os-casos-suspeitos-de-monkeypox-no-df\/","title":{"rendered":"Saiba como s\u00e3o monitorados os casos suspeitos de monkeypox no DF"},"content":{"rendered":"\n<p>Da notifica\u00e7\u00e3o do caso at\u00e9 o tratamento da doen\u00e7a, as equipes da Secretaria de Sa\u00fade desempenham uma fun\u00e7\u00e3o importante para o controle viral<\/p>\n\n\n\n<p>Ag\u00eancia Bras\u00edlia* | Edi\u00e7\u00e3o: Rosualdo Rodrigues<\/p>\n\n\n\n<p>Toda a rede de sa\u00fade do Distrito Federal est\u00e1 em alerta com a monkeypox, tamb\u00e9m conhecida como var\u00edola dos macacos. O primeiro caso da doen\u00e7a foi confirmado no DF no s\u00e1bado (2). Para chegar a esse diagn\u00f3stico, v\u00e1rios servidores foram envolvidos, desde a notifica\u00e7\u00e3o dos casos poss\u00edveis ao envio para o sequenciamento gen\u00e9tico e o tratamento.&nbsp;<\/p>\n\n\n\n<figure class=\"wp-block-image\"><img decoding=\"async\" src=\"http:\/\/agenciabrasilia.df.gov.br\/wp-conteudo\/uploads\/2022\/07\/Foto-Arquivo-Agencia-saude-2.jpeg\" alt=\"\" class=\"wp-image-423056\"\/><figcaption>As amostras colhidas pela Vigil\u00e2ncia Epidemiol\u00f3gica s\u00e3o encaminhadas ao Lacen | Foto: Arquivo Agencia Sa\u00fade<\/figcaption><\/figure>\n\n\n\n<p>Quando uma pessoa procura as unidades da rede p\u00fablica com febre e erup\u00e7\u00f5es cut\u00e2neas, um questionamento \u00e9 coletado por um profissional de sa\u00fade. Ap\u00f3s a coleta de dados e o exame cl\u00ednico, a Vigil\u00e2ncia Epidemiol\u00f3gica \u00e9 comunicada sobre a suspeita de infec\u00e7\u00e3o por monkeypox.<\/p>\n\n\n\n<p>Segundo Nota T\u00e9cnica Conjunta n\u00ba 3 de 2022, da Secretaria de Sa\u00fade, esse comunicado deve ser feito em at\u00e9 24 horas, al\u00e9m de se informar imediatamente o paciente de que se trata de um caso suspeito.<\/p>\n\n\n\n<p>\u201cOrienta\u00e7\u00f5es para preven\u00e7\u00e3o e controle da monkeypox nos servi\u00e7os de sa\u00fade do DF abrangem profissionais do setor p\u00fablico e privado, civil e militar e em todos os n\u00edveis de aten\u00e7\u00e3o (prim\u00e1ria, ambulat\u00f3rios, consult\u00f3rios, cl\u00ednicas, hospitais, laborat\u00f3rios, entre outros)\u201d, diz o documento, que pode ser lido&nbsp;<a href=\"https:\/\/www.saude.df.gov.br\/notas-tecnicas?wkrh___tabs1=properties\" target=\"_blank\" rel=\"noreferrer noopener\">na \u00edntegra no site da Secretaria de Sa\u00fade<\/a>.<\/p>\n\n\n\n<blockquote class=\"wp-block-quote is-layout-flow wp-block-quote-is-layout-flow\"><p>\u201cA Vigil\u00e2ncia Epidemiol\u00f3gica detecta, notifica e investiga os casos suspeitos e de seus contatos para o risco de dissemina\u00e7\u00e3o viral e para interrup\u00e7\u00e3o das cadeias de transmiss\u00e3o na ocorr\u00eancia de surtos\u201dFabiano dos Anjos Martins, diretor de Vigil\u00e2ncia Epidemiol\u00f3gica<\/p><\/blockquote>\n\n\n\n<p><strong>Notifica\u00e7\u00e3o<\/strong><\/p>\n\n\n\n<p>A partir da identifica\u00e7\u00e3o de um caso suspeito de monkeypox no servi\u00e7o de sa\u00fade, a Secretaria de Sa\u00fade inicia a identifica\u00e7\u00e3o e o rastreamento de poss\u00edveis contatos. O objetivo \u00e9 estabelecer as medidas necess\u00e1rias de preven\u00e7\u00e3o da dissemina\u00e7\u00e3o do v\u00edrus para outras pessoas.<\/p>\n\n\n\n<p>\u201cA Vigil\u00e2ncia Epidemiol\u00f3gica detecta, notifica e investiga os casos suspeitos e de seus contatos para o risco de dissemina\u00e7\u00e3o viral e para interrup\u00e7\u00e3o das cadeias de transmiss\u00e3o na ocorr\u00eancia de surtos\u201d, explica o diretor de Vigil\u00e2ncia Epidemiol\u00f3gica, Fabiano dos Anjos Martins. \u201cDesta forma, vamos compreender melhor a epidemiologia da doen\u00e7a para subsidiar a implementa\u00e7\u00e3o das a\u00e7\u00f5es de sa\u00fade p\u00fablica no Distrito Federal\u201d, completa.<\/p>\n\n\n\n<p>O epidemiologista refor\u00e7a que os poss\u00edveis contatos tamb\u00e9m s\u00e3o monitorados com o objetivo de identificar de forma precoce e oportuna os sinais e os sintomas para que se interrompa rapidamente as cadeias de transmiss\u00e3o.<\/p>\n\n\n\n<p><strong>Investiga\u00e7\u00e3o<\/strong><\/p>\n\n\n\n<p>Com as informa\u00e7\u00f5es de casos suspeitos, o trabalho da Vigil\u00e2ncia Epidemiol\u00f3gica envolve a investiga\u00e7\u00e3o da situa\u00e7\u00e3o, com levantamento de dados, como entrevista telef\u00f4nica, visita domiciliar, revis\u00e3o de prontu\u00e1rios, exames, laudos e outros documentos.<\/p>\n\n\n\n<figure class=\"wp-block-image\"><img decoding=\"async\" src=\"http:\/\/agenciabrasilia.df.gov.br\/wp-conteudo\/uploads\/2022\/07\/Foto-Renato-Araujo-Agencia-Brasilia.jpg\" alt=\"\" class=\"wp-image-423069\"\/><figcaption>Al\u00e9m das UBSs, as UPAs est\u00e3o prontas para receber pacientes com suspeita de monkeypox | Foto: Renato Ara\u00fajo\/Ag\u00eancia Bras\u00edlia<\/figcaption><\/figure>\n\n\n\n<p>Um dos objetivos principais da investiga\u00e7\u00e3o \u00e9 identificar a prov\u00e1vel fonte de infec\u00e7\u00e3o e a detec\u00e7\u00e3o de novos casos. Para isso, tamb\u00e9m \u00e9 necess\u00e1rio levantar informa\u00e7\u00f5es sobre viagens, exposi\u00e7\u00f5es e contatos que o paciente apresentou no per\u00edodo prov\u00e1vel de exposi\u00e7\u00e3o ao v\u00edrus. Esse intervalo \u00e9 de at\u00e9 21 dias antes do in\u00edcio dos sinais e sintomas, considerando o per\u00edodo de incuba\u00e7\u00e3o da doen\u00e7a.<\/p>\n\n\n\n<p>A investiga\u00e7\u00e3o epidemiol\u00f3gica vai ser feita pelas equipes de sa\u00fade da fam\u00edlia com supervis\u00e3o dos N\u00facleos de Vigil\u00e2ncia Epidemiol\u00f3gica e Imuniza\u00e7\u00e3o (NVEPI) das regi\u00f5es, segundo o local de resid\u00eancia do caso suspeito.<\/p>\n\n\n\n<p>\u201cA partir de uma rela\u00e7\u00e3o pr\u00f3xima da Vigil\u00e2ncia Epidemiol\u00f3gica, a Aten\u00e7\u00e3o Prim\u00e1ria consegue atuar o mais precoce poss\u00edvel\u201d, acrescenta o coordenador de Aten\u00e7\u00e3o Prim\u00e1ria \u00e0 Sa\u00fade, Fernando Erick Damasceno. O DF conta com 611 equipes de sa\u00fade da fam\u00edlia, sendo 6.992 profissionais lotados em 675 unidades b\u00e1sicas de sa\u00fade (UBS).<\/p>\n\n\n\n<p><strong>Atendimentos<\/strong><\/p>\n\n\n\n<p>O diretor de Vigil\u00e2ncia Epidemiol\u00f3gica, Fabiano dos Anjos, ressalta que os pacientes suspeitos s\u00e3o orientados a manter o isolamento domiciliar at\u00e9 a resolu\u00e7\u00e3o completa das les\u00f5es. Caso haja piora do quadro geral, devem procurar atendimento ap\u00f3s contato pr\u00e9vio com sua unidade de sa\u00fade de refer\u00eancia.<\/p>\n\n\n\n<blockquote class=\"wp-block-quote is-layout-flow wp-block-quote-is-layout-flow\"><p>Os pacientes suspeitos s\u00e3o orientados a manter o isolamento domiciliar at\u00e9 a resolu\u00e7\u00e3o completa das les\u00f5es. Caso haja piora do quadro geral, devem procurar atendimento ap\u00f3s contato pr\u00e9vio com sua unidade de sa\u00fade de refer\u00eancia<\/p><\/blockquote>\n\n\n\n<p>\u201cPode ser UPA ou UBS, o importante \u00e9 evitar se deslocar muito para n\u00e3o correr o risco de disseminar a doen\u00e7a\u201d, afirma Martins. Ele tamb\u00e9m destaca que, at\u00e9 o momento, o DF n\u00e3o tem casos de transmiss\u00e3o comunit\u00e1ria da doen\u00e7a.<\/p>\n\n\n\n<p>Segundo o diretor, estando em bom estado geral, sem indica\u00e7\u00e3o de interna\u00e7\u00e3o hospitalar, o paciente dever\u00e1 aguardar o resultado do exame em isolamento domiciliar. As amostras colhidas pela epidemiologia s\u00e3o encaminhadas ao Laborat\u00f3rio Central de Sa\u00fade P\u00fablica (Lacen).<\/p>\n\n\n\n<p>A confirma\u00e7\u00e3o diagn\u00f3stica se d\u00e1 por testes moleculares (RT-PCR \u2013 como os de covid-19), que detectam sequ\u00eancias espec\u00edficas do v\u00edrus em amostras do paciente. \u201cComo nosso Lacen n\u00e3o tem o sequenciamento gen\u00e9tico, esse exame \u00e9 encaminhado ao Minist\u00e9rio da Sa\u00fade, que envia as amostras para exames no Rio de Janeiro\u201d, explica Martins.<\/p>\n\n\n\n<p>Quanto aos cuidados com o paciente, ele esclarece que a orienta\u00e7\u00e3o cl\u00ednica \u00e9 voltada ao al\u00edvio dos sintomas, gerenciamento de poss\u00edveis complica\u00e7\u00f5es e preven\u00e7\u00e3o de sequelas a longo prazo. Os pacientes devem receber hidrata\u00e7\u00e3o e alimentos para manter o estado nutricional adequado.<\/p>\n\n\n\n<blockquote class=\"wp-block-quote is-layout-flow wp-block-quote-is-layout-flow\"><p>\u201cTemos os EPIs necess\u00e1rios e plena capacidade de receber e conduzir os casos identificados e suspeitos de var\u00edola dos macacos\u201dNestor Miranda J\u00fanior, diretor de Aten\u00e7\u00e3o \u00e0 Sa\u00fade do Iges-DF<\/p><\/blockquote>\n\n\n\n<p><strong>UPAS<\/strong><\/p>\n\n\n\n<p>Al\u00e9m das unidades de aten\u00e7\u00e3o b\u00e1sica (UBSs), as unidades de pronto atendimento (UPAs) est\u00e3o prontas para receber pacientes com suspeita de monkeypox. A rede est\u00e1 uniformizada quanto ao alerta para novos casos.<\/p>\n\n\n\n<p>\u201cA Nota T\u00e9cnica da Secretaria de Sa\u00fade \u00e9 muito completa, j\u00e1 foi distribu\u00edda e encontra-se em pr\u00e1tica nas emerg\u00eancias das unidades\u201d, explica o diretor de Aten\u00e7\u00e3o \u00e0 Sa\u00fade do Iges-DF, Nestor Miranda J\u00fanior.<\/p>\n\n\n\n<p>Segundo ele, as UPAs 24 horas e os hospitais de Base de Bras\u00edlia e Regional de Santa Maria est\u00e3o prontos. \u201cTemos os EPIs necess\u00e1rios e plena capacidade de receber e conduzir os casos identificados e suspeitos de var\u00edola dos macacos\u201d, destaca.<\/p>\n\n\n\n<p><em>*Com informa\u00e7\u00f5es da Secretaria de Sa\u00fade do DF<\/em><\/p>\n","protected":false},"excerpt":{"rendered":"<p>Da notifica\u00e7\u00e3o do caso at\u00e9 o tratamento da doen\u00e7a, as equipes da Secretaria de Sa\u00fade desempenham uma fun\u00e7\u00e3o importante para o controle viral Ag\u00eancia Bras\u00edlia* | Edi\u00e7\u00e3o: Rosualdo Rodrigues Toda a rede de sa\u00fade do Distrito Federal est\u00e1 em alerta com a monkeypox, tamb\u00e9m conhecida como var\u00edola dos macacos. O primeiro caso da doen\u00e7a foi [&hellip;]<\/p>\n","protected":false},"author":1,"featured_media":0,"comment_status":"open","ping_status":"open","sticky":false,"template":"","format":"standard","meta":{"footnotes":""},"categories":[],"tags":[],"class_list":["post-5730","post","type-post","status-publish","format-standard","hentry"],"_links":{"self":[{"href":"https:\/\/aguaslindasnoticias.com.br\/index.php\/wp-json\/wp\/v2\/posts\/5730","targetHints":{"allow":["GET"]}}],"collection":[{"href":"https:\/\/aguaslindasnoticias.com.br\/index.php\/wp-json\/wp\/v2\/posts"}],"about":[{"href":"https:\/\/aguaslindasnoticias.com.br\/index.php\/wp-json\/wp\/v2\/types\/post"}],"author":[{"embeddable":true,"href":"https:\/\/aguaslindasnoticias.com.br\/index.php\/wp-json\/wp\/v2\/users\/1"}],"replies":[{"embeddable":true,"href":"https:\/\/aguaslindasnoticias.com.br\/index.php\/wp-json\/wp\/v2\/comments?post=5730"}],"version-history":[{"count":0,"href":"https:\/\/aguaslindasnoticias.com.br\/index.php\/wp-json\/wp\/v2\/posts\/5730\/revisions"}],"wp:attachment":[{"href":"https:\/\/aguaslindasnoticias.com.br\/index.php\/wp-json\/wp\/v2\/media?parent=5730"}],"wp:term":[{"taxonomy":"category","embeddable":true,"href":"https:\/\/aguaslindasnoticias.com.br\/index.php\/wp-json\/wp\/v2\/categories?post=5730"},{"taxonomy":"post_tag","embeddable":true,"href":"https:\/\/aguaslindasnoticias.com.br\/index.php\/wp-json\/wp\/v2\/tags?post=5730"}],"curies":[{"name":"wp","href":"https:\/\/api.w.org\/{rel}","templated":true}]}}