{"id":5729,"date":"2023-01-04T10:14:54","date_gmt":"2023-01-04T13:14:54","guid":{"rendered":"https:\/\/aguaslindasnoticias.com.br\/index.php\/2023\/01\/04\/com-mobilizacao-de-juliana-porcaro-saboia-advogados-dizem-sim-ao-porte-de-armas-para-a-advocacia-do-df\/"},"modified":"2023-01-04T10:14:54","modified_gmt":"2023-01-04T13:14:54","slug":"com-mobilizacao-de-juliana-porcaro-saboia-advogados-dizem-sim-ao-porte-de-armas-para-a-advocacia-do-df","status":"publish","type":"post","link":"https:\/\/aguaslindasnoticias.com.br\/index.php\/2023\/01\/04\/com-mobilizacao-de-juliana-porcaro-saboia-advogados-dizem-sim-ao-porte-de-armas-para-a-advocacia-do-df\/","title":{"rendered":"Com mobiliza\u00e7\u00e3o de Juliana Porcaro Saboia, advogados dizem sim ao porte de armas para a advocacia do DF"},"content":{"rendered":"\n<figure class=\"wp-block-image size-large\"><img decoding=\"async\" src=\"http:\/\/claricegulyas.com.br\/wp-content\/uploads\/2022\/07\/advogada-bolsonarista-juliana-porcaro-saboia-df-deputada-distrital-bolsonaro-bras\u00edlia-direita.jpeg\" alt=\"\" class=\"wp-image-10512\"\/><\/figure>\n\n\n\n<p><em>Dos 4.715 participantes da consulta p\u00fablica feita pela OABDF, 3.343 (70.9%) votaram a favor do porte de armas<\/em><\/p>\n\n\n\n<p>A maioria dos advogados do Distrito Federal acaba de se posicionar \u00e0 favor do porte de armas para a advocacia. O resultado \u00e9 fruto de uma consulta p\u00fablica feita pela seccional do DF da Ordem dos Advogados do Brasil (OAB\/DF), com encerramento nesta sexta (1\u00ba\/7), \u00e0s 17h. Para a advogada <strong>Juliana Porcaro Saboia<\/strong>, principal defensora do porte de armas para a advocacia, &#8220;nem mesmo a tentativa de manobra pol\u00edtica foi capaz de calar a voz da categoria&#8221;. As vota\u00e7\u00f5es ocorreram pela internet desde o dia 27 de junho, incluindo como tema a Digitaliza\u00e7\u00e3o da Justi\u00e7a.<\/p>\n\n\n\n<p>Resistente a debater o assunto desde o \u00faltimo mandato da diretoria, a OABDF, mesmo que de forma t\u00edmida, finalmente resolveu ouvir os advogados da capital sobre o porte de armas. Duas audi\u00eancias p\u00fablicas tamb\u00e9m foram feitas recentemente pela entidade, sendo a \u00faltima, divulgada e realizada em v\u00e9spera de feriado, sem qu\u00f3rum e com direito a bate-boca. Evento foi transmitido ao vivo pelo Youtube da OABDF.<\/p>\n\n\n\n<p>&#8220;Apesar da tentativa de manobra, o resultado est\u00e1 a\u00ed! A maioria dos advogados do DF \u00e9 a favor do porte de armas para a advocacia. Esta \u00e9 uma bandeira que tenho defendido com unhas e dentes desde o \u00faltimo mandato da nossa entidade e mesmo sem quase ter oportunidade de fala e sofrer ataques pessoais, seguirei em frente pelo melhor para a advocacia do DF. Contem comigo!&#8221;, comemorou a criminalista, em suas m\u00eddias digitais.<\/p>\n\n\n\n<p><strong>Resultado<\/strong><\/p>\n\n\n\n<p>Dos 50.596 advogadas e advogados habilitados, 4.715 participaram da vota\u00e7\u00e3o. Na consulta sobre o Porte de Porte de Armas para a Advocacia, 3.343 (70.9%) votaram a favor e 1.372 (29,1%) contra. Sobre a Digitaliza\u00e7\u00e3o da Justi\u00e7a, 3.598 (76,31%) votaram a favor do Retorno \u00e0s Atividades Presenciais e H\u00edbrido em Todas as Inst\u00e2ncias do Poder Judici\u00e1rio, e 883 (18,73%) votaram a favor do Imediato Retorno Presencial da 1\u00aa Inst\u00e2ncia, 2\u00aa Inst\u00e2ncia e Inst\u00e2ncias Extraordin\u00e1rias. Somente 234 (4,96%) concordam com o Retorno \u00e0s Atividades Presenciais da 1\u00aa Inst\u00e2ncia e H\u00edbrido nas Demais. De acordo com a OABDF &#8220;os resultados servir\u00e3o de base para a atua\u00e7\u00e3o da OAB Nacional junto ao Congresso Nacional e ser\u00e3o divulgados pelos canais da OAB\/DF&#8221;.<\/p>\n\n\n\n<p><strong>Advogada Bolsonarista<\/strong><\/p>\n\n\n\n<p>Amiga da deputada federal Bia Kicis (PL) e da ex-distrital Kelly Bolsonaro (Republicanos), a advogada Juliana Porcaro Saboia tem repercutido nacionalmente ap\u00f3s pedir na Justi\u00e7a o afastamento de Felipe Santa Cruz da presid\u00eancia da Ordem dos Advogados do Brasil (OAB) por uso indevido do cargo para atacar o presidente Jair Messias Bolsonaro e defender a ideologia de esquerda.<\/p>\n\n\n\n<p>A criminalista e membro do Conselho Nacional de Pol\u00edtica Criminal e Penitenci\u00e1ria (CNPCP) tamb\u00e9m tem despertado o interesse de partidos pol\u00edticos e apoiadores de Bolsonaro por defender o porte de arma de fogo e a investiga\u00e7\u00e3o defensiva para advogados no DF.<\/p>\n","protected":false},"excerpt":{"rendered":"<p>Dos 4.715 participantes da consulta p\u00fablica feita pela OABDF, 3.343 (70.9%) votaram a favor do porte de armas A maioria dos advogados do Distrito Federal acaba de se posicionar \u00e0 favor do porte de armas para a advocacia. O resultado \u00e9 fruto de uma consulta p\u00fablica feita pela seccional do DF da Ordem dos Advogados [&hellip;]<\/p>\n","protected":false},"author":1,"featured_media":0,"comment_status":"open","ping_status":"open","sticky":false,"template":"","format":"standard","meta":{"footnotes":""},"categories":[],"tags":[],"class_list":["post-5729","post","type-post","status-publish","format-standard","hentry"],"_links":{"self":[{"href":"https:\/\/aguaslindasnoticias.com.br\/index.php\/wp-json\/wp\/v2\/posts\/5729","targetHints":{"allow":["GET"]}}],"collection":[{"href":"https:\/\/aguaslindasnoticias.com.br\/index.php\/wp-json\/wp\/v2\/posts"}],"about":[{"href":"https:\/\/aguaslindasnoticias.com.br\/index.php\/wp-json\/wp\/v2\/types\/post"}],"author":[{"embeddable":true,"href":"https:\/\/aguaslindasnoticias.com.br\/index.php\/wp-json\/wp\/v2\/users\/1"}],"replies":[{"embeddable":true,"href":"https:\/\/aguaslindasnoticias.com.br\/index.php\/wp-json\/wp\/v2\/comments?post=5729"}],"version-history":[{"count":0,"href":"https:\/\/aguaslindasnoticias.com.br\/index.php\/wp-json\/wp\/v2\/posts\/5729\/revisions"}],"wp:attachment":[{"href":"https:\/\/aguaslindasnoticias.com.br\/index.php\/wp-json\/wp\/v2\/media?parent=5729"}],"wp:term":[{"taxonomy":"category","embeddable":true,"href":"https:\/\/aguaslindasnoticias.com.br\/index.php\/wp-json\/wp\/v2\/categories?post=5729"},{"taxonomy":"post_tag","embeddable":true,"href":"https:\/\/aguaslindasnoticias.com.br\/index.php\/wp-json\/wp\/v2\/tags?post=5729"}],"curies":[{"name":"wp","href":"https:\/\/api.w.org\/{rel}","templated":true}]}}