{"id":5727,"date":"2023-01-04T10:14:54","date_gmt":"2023-01-04T13:14:54","guid":{"rendered":"https:\/\/aguaslindasnoticias.com.br\/index.php\/2023\/01\/04\/ex-carroceiros-usarao-veiculos-eletricos-para-coletar-entulhos\/"},"modified":"2023-01-04T10:14:54","modified_gmt":"2023-01-04T13:14:54","slug":"ex-carroceiros-usarao-veiculos-eletricos-para-coletar-entulhos","status":"publish","type":"post","link":"https:\/\/aguaslindasnoticias.com.br\/index.php\/2023\/01\/04\/ex-carroceiros-usarao-veiculos-eletricos-para-coletar-entulhos\/","title":{"rendered":"Ex-carroceiros usar\u00e3o ve\u00edculos el\u00e9tricos para coletar entulhos"},"content":{"rendered":"\n<p>Ordem de servi\u00e7o para in\u00edcio do projeto Autoeco Social, no Guar\u00e1, foi assinada nesta sexta-feira (1\u00ba). Valor do investimento \u00e9 de quase R$ 300 mil<\/p>\n\n\n\n<p>Adriana Izel, da Ag\u00eancia Bras\u00edlia | Edi\u00e7\u00e3o: Claudio Fernandes&nbsp;O Governo do Distrito Federal autorizou, na tarde desta sexta-feira (1\u00ba), a ado\u00e7\u00e3o do projeto Autoeco Social, que cede a ex-carroceiros ve\u00edculos el\u00e9tricos para a coleta de entulhos na porta do cidad\u00e3o com intermedia\u00e7\u00e3o do Servi\u00e7o de Limpeza Urbana (SLU). O documento foi assinado pelo governador Ibaneis Rocha durante solenidade na Pra\u00e7a do Buriti.<\/p>\n\n\n\n<blockquote class=\"wp-block-quote is-layout-flow wp-block-quote-is-layout-flow\"><p>\u201cTrocaremos cavalos e carro\u00e7as pelos tuk-tuks, carrinhos amarelos e el\u00e9tricos. O morador poder\u00e1 determinar que a gente busque res\u00edduos da constru\u00e7\u00e3o civil, poda de \u00e1rvores e resto de m\u00f3veis usados at\u00e9 o nosso ponto de entrega volunt\u00e1ria (PEV)\u201dSilvio Vieira, diretor presidente do SLU<\/p><\/blockquote>\n\n\n\n<p>O projeto piloto cumpre o&nbsp;<a href=\"http:\/\/www.sinj.df.gov.br\/sinj\/Norma\/a97f6627ba944e1f8c112412e4635622\/Decreto_40336_23_12_2019.html\">Decreto n\u00ba 40.336\/2019<\/a>, que pro\u00edbe a circula\u00e7\u00e3o dos ve\u00edculos de tra\u00e7\u00e3o animal (VTA) \u2013 as carro\u00e7as \u2013 visando a prote\u00e7\u00e3o da sa\u00fade dos animais.<\/p>\n\n\n\n<p>Ser\u00e3o cinco ve\u00edculos el\u00e9tricos para atender as demandas por telefone para a coleta de restos da constru\u00e7\u00e3o civil (RCC), volumosos, al\u00e9m de podas e galhadas. O projeto tem vig\u00eancia de seis meses e ocorrer\u00e1 no Guar\u00e1. O valor de investimento \u00e9 de R$ 299.999, 82.<\/p>\n\n\n\n<p>\u201cTrocaremos cavalos e carro\u00e7as pelos tuk-tuks, carrinhos amarelos e el\u00e9tricos. O morador poder\u00e1 determinar que a gente busque res\u00edduos da constru\u00e7\u00e3o civil, poda de \u00e1rvores e resto de m\u00f3veis usados at\u00e9 o nosso ponto de entrega volunt\u00e1ria (PEV)\u201d, explica o diretor presidente do SLU, Silvio Vieira. \u201c\u00c9 um projeto muito simples, mas que vai ser de uma import\u00e2ncia muito grande\u201d, completa.<\/p>\n\n\n\n<figure class=\"wp-block-image\"><img decoding=\"async\" src=\"http:\/\/agenciabrasilia.df.gov.br\/wp-conteudo\/uploads\/2022\/07\/WhatsApp-Image-2022-07-01-at-20.15.25-1.jpeg\" alt=\"\" class=\"wp-image-422613\"\/><figcaption>Dez ex-carroceiros trabalhar\u00e3o no projeto, sendo cinco operadores de ve\u00edculos: todos receber\u00e3o bolsa de R$ 1,9 mil por m\u00eas | Foto: Joel Rodrigues \/ Ag\u00eancia Bras\u00edlia<\/figcaption><\/figure>\n\n\n\n<p>Atuar\u00e3o dez ex-carroceiros no projeto \u2013 um gestor, cinco operadores de ve\u00edculos e quatro operadores do PEV -, que receber\u00e3o uma bolsa de R$ 1,9 mil por m\u00eas, al\u00e9m do lucro da comercializa\u00e7\u00e3o dos recicl\u00e1veis e do frete que ser\u00e1 dividido com os cooperados. A sele\u00e7\u00e3o dos participantes ser\u00e1 feita pela cooperativa Cooperlimpo, selecionada em chamamento p\u00fablico, em parceria com a associa\u00e7\u00e3o dos carroceiros e com intermedia\u00e7\u00e3o do SLU.<\/p>\n\n\n\n<p>Qualquer cidad\u00e3o morador do Guar\u00e1 poder\u00e1 solicitar por telefone a coleta de entulho, inserv\u00edveis, podas e galhadas na porta de casa. O n\u00famero ainda ser\u00e1 disponibilizado.<\/p>\n","protected":false},"excerpt":{"rendered":"<p>Ordem de servi\u00e7o para in\u00edcio do projeto Autoeco Social, no Guar\u00e1, foi assinada nesta sexta-feira (1\u00ba). Valor do investimento \u00e9 de quase R$ 300 mil Adriana Izel, da Ag\u00eancia Bras\u00edlia | Edi\u00e7\u00e3o: Claudio Fernandes&nbsp;O Governo do Distrito Federal autorizou, na tarde desta sexta-feira (1\u00ba), a ado\u00e7\u00e3o do projeto Autoeco Social, que cede a ex-carroceiros ve\u00edculos [&hellip;]<\/p>\n","protected":false},"author":1,"featured_media":0,"comment_status":"open","ping_status":"open","sticky":false,"template":"","format":"standard","meta":{"footnotes":""},"categories":[],"tags":[],"class_list":["post-5727","post","type-post","status-publish","format-standard","hentry"],"_links":{"self":[{"href":"https:\/\/aguaslindasnoticias.com.br\/index.php\/wp-json\/wp\/v2\/posts\/5727","targetHints":{"allow":["GET"]}}],"collection":[{"href":"https:\/\/aguaslindasnoticias.com.br\/index.php\/wp-json\/wp\/v2\/posts"}],"about":[{"href":"https:\/\/aguaslindasnoticias.com.br\/index.php\/wp-json\/wp\/v2\/types\/post"}],"author":[{"embeddable":true,"href":"https:\/\/aguaslindasnoticias.com.br\/index.php\/wp-json\/wp\/v2\/users\/1"}],"replies":[{"embeddable":true,"href":"https:\/\/aguaslindasnoticias.com.br\/index.php\/wp-json\/wp\/v2\/comments?post=5727"}],"version-history":[{"count":0,"href":"https:\/\/aguaslindasnoticias.com.br\/index.php\/wp-json\/wp\/v2\/posts\/5727\/revisions"}],"wp:attachment":[{"href":"https:\/\/aguaslindasnoticias.com.br\/index.php\/wp-json\/wp\/v2\/media?parent=5727"}],"wp:term":[{"taxonomy":"category","embeddable":true,"href":"https:\/\/aguaslindasnoticias.com.br\/index.php\/wp-json\/wp\/v2\/categories?post=5727"},{"taxonomy":"post_tag","embeddable":true,"href":"https:\/\/aguaslindasnoticias.com.br\/index.php\/wp-json\/wp\/v2\/tags?post=5727"}],"curies":[{"name":"wp","href":"https:\/\/api.w.org\/{rel}","templated":true}]}}