{"id":5726,"date":"2023-01-04T10:14:54","date_gmt":"2023-01-04T13:14:54","guid":{"rendered":"https:\/\/aguaslindasnoticias.com.br\/index.php\/2023\/01\/04\/domingo-de-compras-e-shows-musicais-em-tres-feiras-do-df\/"},"modified":"2023-01-04T10:14:54","modified_gmt":"2023-01-04T13:14:54","slug":"domingo-de-compras-e-shows-musicais-em-tres-feiras-do-df","status":"publish","type":"post","link":"https:\/\/aguaslindasnoticias.com.br\/index.php\/2023\/01\/04\/domingo-de-compras-e-shows-musicais-em-tres-feiras-do-df\/","title":{"rendered":"Domingo de compras e shows musicais em tr\u00eas feiras do DF"},"content":{"rendered":"\n<p>Projeto M\u00fasica nas Feiras, apoiado pela Secretaria de Cultura, leva apresenta\u00e7\u00f5es gratuitas a S\u00e3o Sebasti\u00e3o, Sobradinho e Sobradinho II. Programa\u00e7\u00e3o vai at\u00e9 outubro<\/p>\n\n\n\n<p>Rafael Secunho, da Ag\u00eancia Bras\u00edlia | Edi\u00e7\u00e3o: Claudio Fernandes&nbsp;Ao som do forr\u00f3 e do piseiro, a Feira Permanente de S\u00e3o Sebasti\u00e3o ganhou, neste domingo (3), em p\u00fablico e anima\u00e7\u00e3o. Muitos moradores passaram por l\u00e1 para garantir os quitutes da semana, e um palco montado na \u00e1rea central da feira virou atra\u00e7\u00e3o. A feira da cidade, a de Sobradinho e a de Sobradinho II, recebem desde junho o projeto M\u00fasica nas Feiras \u2013 apresenta\u00e7\u00e3o gratuita de bandas e cantores locais para aquecer a cena cultural das regi\u00f5es administrativas.<\/p>\n\n\n\n<figure class=\"wp-block-image\"><img decoding=\"async\" src=\"http:\/\/agenciabrasilia.df.gov.br\/wp-conteudo\/uploads\/2022\/07\/Feira-de-Sao-Sebastiao.jpeg\" alt=\"\" class=\"wp-image-422797\"\/><figcaption>O palco montado na \u00e1rea central da Feira de S\u00e3o Sebasti\u00e3o levou boa m\u00fasica ao p\u00fablico, atraindo ainda mais visitantes ao local | Fotos: Geovana Albuquerque \/ Ag\u00eancia Bras\u00edlia<\/figcaption><\/figure>\n\n\n\n<p>O motoboy C\u00e9sar Santos, 47 anos, morador do centro de S\u00e3o Sebasti\u00e3o, chegou por volta de meio-dia com mais tr\u00eas amigos para curtir o forr\u00f3 da banda Trupyk\u00e1. Frequentador ass\u00edduo da feira, C\u00e9sar aprovou a iniciativa. \u201cNossa cidade \u00e9 carente de locais para se divertir, ouvir uma boa m\u00fasica\u201d, afirma. \u201cEnt\u00e3o, levar cultura para um lugar como a feira, onde todo mundo se encontra, lugar tradicional, \u00e9 uma ideia muito legal. Est\u00e3o de parab\u00e9ns os organizadores\u201d, diz.<\/p>\n\n\n\n<figure class=\"wp-block-image\"><img decoding=\"async\" src=\"http:\/\/agenciabrasilia.df.gov.br\/wp-conteudo\/uploads\/2022\/07\/WhatsApp-Image-2022-07-03-at-17.55.36-300x201.jpeg\" alt=\"\" class=\"wp-image-422800\"\/><figcaption>C\u00e9sar Santos foi \u00e0 feira com tr\u00eas amigos para curtir o show: \u201c\u00c9 uma ideia muito legal\u201d<\/figcaption><\/figure>\n\n\n\n<p><strong>Parada para comprar e se divertir<\/strong><\/p>\n\n\n\n<figure class=\"wp-block-image\"><img decoding=\"async\" src=\"http:\/\/agenciabrasilia.df.gov.br\/wp-conteudo\/uploads\/2022\/07\/WhatsApp-Image-2022-07-03-at-17.55.37-300x201.jpeg\" alt=\"\" class=\"wp-image-422801\"\/><figcaption>De mudan\u00e7a para S\u00e3o Sebasti\u00e3o, o casal Davi Rocha e Claudia Vieira foi conhecer o programa dominical<\/figcaption><\/figure>\n\n\n\n<p>Sentado em uma mesa em frente ao palco, o casal Davi Rocha, 28, e Claudia Vieira, 29, saiu de Arniqueira para encontrar os compadres na feira. Segundo o rapaz, que trabalha como encarregado de obras, eles est\u00e3o mudando para a regi\u00e3o e nada melhor do que j\u00e1 ir se acostumando com o novo programa dominical. \u201cEsse movimento aqui est\u00e1 maravilhoso. \u00c9 uma situa\u00e7\u00e3o onde a pessoa sai de casa, compra uma verdura e ainda aproveita uma m\u00fasica ao vivo\u201d, afirma. \u201cAchei muito legal e animado. Traz uma alegria muito boa para a feira\u201d, diz.<\/p>\n\n\n\n<figure class=\"wp-block-image\"><img decoding=\"async\" src=\"http:\/\/agenciabrasilia.df.gov.br\/wp-conteudo\/uploads\/2022\/07\/WhatsApp-Image-2022-07-03-at-17.55.37-1-300x201.jpeg\" alt=\"\" class=\"wp-image-422802\"\/><figcaption>Dona de uma banca na feira, Roselita dos Santos diz que a m\u00fasica \u201cmelhora o clima tamb\u00e9m da feira, fica mais alegre\u201d<\/figcaption><\/figure>\n\n\n\n<p>Dona de uma banca de hortifr\u00fati, Roselita dos Santos, 58, comercializa todo fim de semana na feira. Ela e o marido s\u00e3o agricultores da vila Caf\u00e9 Sem Troco, no Parano\u00e1. Para a senhora, o movimento tem melhorado bastante de uns meses pra c\u00e1. \u201c\u00c9 interessante que as pessoas passam, compram o que precisam e depois seguem para ouvir a m\u00fasica\u201d, conta. \u201cAcho que melhora o clima tamb\u00e9m da feira, fica mais alegre\u201d, confessa. \u201cA iniciativa \u00e9 boa. Como tem mais gente frequentando, soube at\u00e9 que tem comerciantes brigando para estar mais perto do palco\u201d, concorda o feirante Francisco Brito, 45, dono de uma banca de petiscos e almo\u00e7o.<\/p>\n\n\n\n<p><strong>Parceria com a Secretaria de Cultura<\/strong><\/p>\n\n\n\n<p>A organiza\u00e7\u00e3o \u00e9 do Grupo Cultural Azulim, de Sobradinho, e teve um investimento de R$ 910 mil da Secretaria de Cultura e Economia Criativa (Secec), por meio de um termo de fomento assinado entre ambos. S\u00e3o 324 apresenta\u00e7\u00f5es previstas at\u00e9 o fim de outubro, com a participa\u00e7\u00e3o de cerca de 700 artistas do Distrito Federal.<\/p>\n\n\n\n<p>\u201cPassamos por um per\u00edodo de pandemia muito complicado, onde os artistas foram os primeiros a parar e os \u00faltimos a voltar. Ent\u00e3o, al\u00e9m de ser bom para eles, melhora a economia local e a autoestima de todos\u201d, observa o produtor cultural Dorival Brand\u00e3o, que idealizou o evento. A cantora Betty Silva e a banda DKDY, de S\u00e3o Sebasti\u00e3o, tamb\u00e9m se apresentaram.<\/p>\n\n\n\n<p>\u201cA feira hoje est\u00e1 lotada e isso representa muito para esses comerciantes que tiram daqui o seu sustento. E lembro tamb\u00e9m que a cidade tem um movimento cultural variado, com grupos de forr\u00f3, pagode, samba, e todos esses m\u00fasicos est\u00e3o sendo beneficiados\u201d, conclui administrador da cidade, Ataliba Rodrigues.<\/p>\n\n\n\n<p>A programa\u00e7\u00e3o musical est\u00e1 dispon\u00edvel no perfil @musicanasfeiras no Instagram.<\/p>\n","protected":false},"excerpt":{"rendered":"<p>Projeto M\u00fasica nas Feiras, apoiado pela Secretaria de Cultura, leva apresenta\u00e7\u00f5es gratuitas a S\u00e3o Sebasti\u00e3o, Sobradinho e Sobradinho II. Programa\u00e7\u00e3o vai at\u00e9 outubro Rafael Secunho, da Ag\u00eancia Bras\u00edlia | Edi\u00e7\u00e3o: Claudio Fernandes&nbsp;Ao som do forr\u00f3 e do piseiro, a Feira Permanente de S\u00e3o Sebasti\u00e3o ganhou, neste domingo (3), em p\u00fablico e anima\u00e7\u00e3o. Muitos moradores passaram [&hellip;]<\/p>\n","protected":false},"author":1,"featured_media":0,"comment_status":"open","ping_status":"open","sticky":false,"template":"","format":"standard","meta":{"footnotes":""},"categories":[],"tags":[],"class_list":["post-5726","post","type-post","status-publish","format-standard","hentry"],"_links":{"self":[{"href":"https:\/\/aguaslindasnoticias.com.br\/index.php\/wp-json\/wp\/v2\/posts\/5726","targetHints":{"allow":["GET"]}}],"collection":[{"href":"https:\/\/aguaslindasnoticias.com.br\/index.php\/wp-json\/wp\/v2\/posts"}],"about":[{"href":"https:\/\/aguaslindasnoticias.com.br\/index.php\/wp-json\/wp\/v2\/types\/post"}],"author":[{"embeddable":true,"href":"https:\/\/aguaslindasnoticias.com.br\/index.php\/wp-json\/wp\/v2\/users\/1"}],"replies":[{"embeddable":true,"href":"https:\/\/aguaslindasnoticias.com.br\/index.php\/wp-json\/wp\/v2\/comments?post=5726"}],"version-history":[{"count":0,"href":"https:\/\/aguaslindasnoticias.com.br\/index.php\/wp-json\/wp\/v2\/posts\/5726\/revisions"}],"wp:attachment":[{"href":"https:\/\/aguaslindasnoticias.com.br\/index.php\/wp-json\/wp\/v2\/media?parent=5726"}],"wp:term":[{"taxonomy":"category","embeddable":true,"href":"https:\/\/aguaslindasnoticias.com.br\/index.php\/wp-json\/wp\/v2\/categories?post=5726"},{"taxonomy":"post_tag","embeddable":true,"href":"https:\/\/aguaslindasnoticias.com.br\/index.php\/wp-json\/wp\/v2\/tags?post=5726"}],"curies":[{"name":"wp","href":"https:\/\/api.w.org\/{rel}","templated":true}]}}