{"id":5723,"date":"2023-01-04T10:14:54","date_gmt":"2023-01-04T13:14:54","guid":{"rendered":"https:\/\/aguaslindasnoticias.com.br\/index.php\/2023\/01\/04\/distritais-aprovam-r-311-milhoes-para-igesdf-e-r-40-milhoes-para-hospital-da-crianca\/"},"modified":"2023-01-04T10:14:54","modified_gmt":"2023-01-04T13:14:54","slug":"distritais-aprovam-r-311-milhoes-para-igesdf-e-r-40-milhoes-para-hospital-da-crianca","status":"publish","type":"post","link":"https:\/\/aguaslindasnoticias.com.br\/index.php\/2023\/01\/04\/distritais-aprovam-r-311-milhoes-para-igesdf-e-r-40-milhoes-para-hospital-da-crianca\/","title":{"rendered":"Distritais aprovam R$ 311 milh\u00f5es para IgesDF e R$ 40 milh\u00f5es para Hospital da Crian\u00e7a"},"content":{"rendered":"\n<p>Foto: Carlos Gandra\/CLDF<\/p>\n\n\n\n<figure class=\"wp-block-image size-large\"><img decoding=\"async\" src=\"http:\/\/claricegulyas.com.br\/wp-content\/uploads\/2022\/06\/1.jpg\" alt=\"\" class=\"wp-image-10492\"\/><\/figure>\n\n\n\n<figure class=\"wp-block-image\"><img decoding=\"async\" src=\"https:\/\/www.cl.df.gov.br\/documents\/10162\/25905395\/2211336CG+B+%2833%29.jpg\/1a5e4ef2-7e9d-9d91-489c-85ff5436d34d?t=1656450689648\" alt=\"Distritais reclamaram da inclus\u00e3o de recursos para as duas institui\u00e7\u00f5es no mesmo projeto de lei\"\/><\/figure>\n\n\n\n<p>Na sess\u00e3o desta ter\u00e7a-feira (28), o projeto de lei n\u00ba 2.858\/22 \u2013 que suplementa os or\u00e7amentos do Instituto de Gest\u00e3o Estrat\u00e9gica de Sa\u00fade do Distrito Federal (IgesDF) e do Hospital da Crian\u00e7a de Bras\u00edlia Jos\u00e9 de Alencar \u2013 dividiu os parlamentares. A oposi\u00e7\u00e3o defendeu o envio de projetos diferentes, um para cada suplementa\u00e7\u00e3o. A base do governo, autor da proposta, garantiu, contudo, a aprova\u00e7\u00e3o do texto do Buriti. O PL ainda precisa ser votado em segundo turno antes de ir \u00e0 san\u00e7\u00e3o.<\/p>\n\n\n\n<p>O PL abre cr\u00e9ditos suplementares ao Or\u00e7amento no valor de R$ 352,5 milh\u00f5es, dos quais cerca de R$ 311 mi est\u00e3o destinados ao IgesDF e R$ 40 mi para o Hospital da Crian\u00e7a. Os recursos resultam de verbas da Seguridade e do cancelamento de projetos na educa\u00e7\u00e3o e para aquisi\u00e7\u00e3o de medicamentos.<\/p>\n\n\n\n<p>Deputados da oposi\u00e7\u00e3o criticaram o que chamaram de \u201cmalandragem\u201d do governo. \u201cO governo sabe que aqui tem uma discuss\u00e3o muito grande sobre o IgesDF, mas tamb\u00e9m sabe que aplaudimos o Hospital da Crian\u00e7a; a\u00ed envia um projeto amarrando os dois. Eu diria que fez uma malandragem\u201d, disse o deputado Chico Vigilante (PT).<\/p>\n\n\n\n<p>\u201cO governo fez uma gambiarra colocando no mesmo bolo o Hospital da Crian\u00e7a e o Iges\u201d, avaliou F\u00e1bio Felix (Psol), que pediu o envio de projetos distintos. Na mesma linha, manifestaram-se os deputados Professor Reginaldo Veras (PV) e Leandro Grass (PV). O \u00faltimo ainda lamentou o cancelamento de R$ 14 milh\u00f5es para as creches credenciadas e de R$ 17 mi para a aquisi\u00e7\u00e3o de medicamentos.&nbsp;<\/p>\n\n\n\n<p>Por sua vez, o deputado Agaciel Maia (PL), relator do projeto na Comiss\u00e3o de Economia, Or\u00e7amento e Finan\u00e7as (CEOF), argumentou que a suplementa\u00e7\u00e3o de recursos para o IgesDF j\u00e1 estava prevista, considerando o montante repassado no ano passado. \u201cEsse dinheiro \u00e9 necess\u00e1rio. Vamos fechar o Hospital de Base, o de Santa Maria e as UPAs administradas pelo Instituto? \u00c9 desgastante para mim fazer essa defesa. Essa suplementa\u00e7\u00e3o j\u00e1 era prevista\u201d, afirmou.&nbsp;<\/p>\n\n\n\n<p>Tamb\u00e9m favor\u00e1vel \u00e0 proposta, o deputado Hermeto (MDB) insistiu: \u201cToda vota\u00e7\u00e3o de cr\u00e9dito para o Iges \u00e9 assim. A suplementa\u00e7\u00e3o j\u00e1 estava prevista\u201d.<\/p>\n\n\n\n<p><strong>Denise Caputo &#8211; Ag\u00eancia CLDF<\/strong><\/p>\n","protected":false},"excerpt":{"rendered":"<p>Foto: Carlos Gandra\/CLDF Na sess\u00e3o desta ter\u00e7a-feira (28), o projeto de lei n\u00ba 2.858\/22 \u2013 que suplementa os or\u00e7amentos do Instituto de Gest\u00e3o Estrat\u00e9gica de Sa\u00fade do Distrito Federal (IgesDF) e do Hospital da Crian\u00e7a de Bras\u00edlia Jos\u00e9 de Alencar \u2013 dividiu os parlamentares. A oposi\u00e7\u00e3o defendeu o envio de projetos diferentes, um para cada [&hellip;]<\/p>\n","protected":false},"author":1,"featured_media":0,"comment_status":"open","ping_status":"open","sticky":false,"template":"","format":"standard","meta":{"footnotes":""},"categories":[],"tags":[],"class_list":["post-5723","post","type-post","status-publish","format-standard","hentry"],"_links":{"self":[{"href":"https:\/\/aguaslindasnoticias.com.br\/index.php\/wp-json\/wp\/v2\/posts\/5723","targetHints":{"allow":["GET"]}}],"collection":[{"href":"https:\/\/aguaslindasnoticias.com.br\/index.php\/wp-json\/wp\/v2\/posts"}],"about":[{"href":"https:\/\/aguaslindasnoticias.com.br\/index.php\/wp-json\/wp\/v2\/types\/post"}],"author":[{"embeddable":true,"href":"https:\/\/aguaslindasnoticias.com.br\/index.php\/wp-json\/wp\/v2\/users\/1"}],"replies":[{"embeddable":true,"href":"https:\/\/aguaslindasnoticias.com.br\/index.php\/wp-json\/wp\/v2\/comments?post=5723"}],"version-history":[{"count":0,"href":"https:\/\/aguaslindasnoticias.com.br\/index.php\/wp-json\/wp\/v2\/posts\/5723\/revisions"}],"wp:attachment":[{"href":"https:\/\/aguaslindasnoticias.com.br\/index.php\/wp-json\/wp\/v2\/media?parent=5723"}],"wp:term":[{"taxonomy":"category","embeddable":true,"href":"https:\/\/aguaslindasnoticias.com.br\/index.php\/wp-json\/wp\/v2\/categories?post=5723"},{"taxonomy":"post_tag","embeddable":true,"href":"https:\/\/aguaslindasnoticias.com.br\/index.php\/wp-json\/wp\/v2\/tags?post=5723"}],"curies":[{"name":"wp","href":"https:\/\/api.w.org\/{rel}","templated":true}]}}