{"id":5722,"date":"2023-01-04T10:14:54","date_gmt":"2023-01-04T13:14:54","guid":{"rendered":"https:\/\/aguaslindasnoticias.com.br\/index.php\/2023\/01\/04\/coleta-seletiva-e-setor-beleza-terao-aliquota-de-2-no-imposto-sobre-servicos\/"},"modified":"2023-01-04T10:14:54","modified_gmt":"2023-01-04T13:14:54","slug":"coleta-seletiva-e-setor-beleza-terao-aliquota-de-2-no-imposto-sobre-servicos","status":"publish","type":"post","link":"https:\/\/aguaslindasnoticias.com.br\/index.php\/2023\/01\/04\/coleta-seletiva-e-setor-beleza-terao-aliquota-de-2-no-imposto-sobre-servicos\/","title":{"rendered":"Coleta seletiva e setor beleza ter\u00e3o al\u00edquota de 2% no Imposto sobre Servi\u00e7os"},"content":{"rendered":"\n<figure class=\"wp-block-image\"><img decoding=\"async\" src=\"https:\/\/www.cl.df.gov.br\/documents\/10162\/25905395\/2211336CG+%2838%29.jpg\/daa30fc4-19db-4463-2400-5a6f8efb5aa8?t=1656446450329\" alt=\"#\"\/><\/figure>\n\n\n\n<figure class=\"wp-block-image size-large\"><img decoding=\"async\" src=\"http:\/\/claricegulyas.com.br\/wp-content\/uploads\/2022\/06\/a5.jpg\" alt=\"\" class=\"wp-image-10489\"\/><\/figure>\n\n\n\n<p>A C\u00e2mara Legislativa aprovou o estabelecimento da al\u00edquota de 2% no Imposto sobre Servi\u00e7os (ISS) incidente sobre a coleta seletiva e o setor de beleza. A medida faz parte de dois projetos de lei complementar (n\u00ba 109\/2022 e n\u00ba 123\/2022, respectivamente), de autoria do deputado Delmasso (Republicanos). \u00c0s mat\u00e9rias foi apensado ainda o PLC n\u00ba 126\/2022, do Executivo, que determina o mesmo percentual \u00e0s opera\u00e7\u00f5es relacionadas ao monitoramento e rastreamento \u00e0 dist\u00e2ncia de ve\u00edculos, cargas e pessoas.<\/p>\n\n\n\n<p>Ao justificar os projetos, Delmasso observou que a proposta n\u00e3o cont\u00e9m ren\u00fancia fiscal, mas beneficia um segmento ligado \u00e0 preserva\u00e7\u00e3o do meio ambiente, por meio da reciclagem de materiais descartados, e o setor de beleza que, segundo ele, foi um dos mais prejudicados durante a pandemia.<\/p>\n\n\n\n<p><strong>Marco T\u00falio Alencar &#8211; Ag\u00eancia CLDF<\/strong><\/p>\n","protected":false},"excerpt":{"rendered":"<p>A C\u00e2mara Legislativa aprovou o estabelecimento da al\u00edquota de 2% no Imposto sobre Servi\u00e7os (ISS) incidente sobre a coleta seletiva e o setor de beleza. A medida faz parte de dois projetos de lei complementar (n\u00ba 109\/2022 e n\u00ba 123\/2022, respectivamente), de autoria do deputado Delmasso (Republicanos). \u00c0s mat\u00e9rias foi apensado ainda o PLC n\u00ba [&hellip;]<\/p>\n","protected":false},"author":1,"featured_media":0,"comment_status":"open","ping_status":"open","sticky":false,"template":"","format":"standard","meta":{"footnotes":""},"categories":[],"tags":[],"class_list":["post-5722","post","type-post","status-publish","format-standard","hentry"],"_links":{"self":[{"href":"https:\/\/aguaslindasnoticias.com.br\/index.php\/wp-json\/wp\/v2\/posts\/5722","targetHints":{"allow":["GET"]}}],"collection":[{"href":"https:\/\/aguaslindasnoticias.com.br\/index.php\/wp-json\/wp\/v2\/posts"}],"about":[{"href":"https:\/\/aguaslindasnoticias.com.br\/index.php\/wp-json\/wp\/v2\/types\/post"}],"author":[{"embeddable":true,"href":"https:\/\/aguaslindasnoticias.com.br\/index.php\/wp-json\/wp\/v2\/users\/1"}],"replies":[{"embeddable":true,"href":"https:\/\/aguaslindasnoticias.com.br\/index.php\/wp-json\/wp\/v2\/comments?post=5722"}],"version-history":[{"count":0,"href":"https:\/\/aguaslindasnoticias.com.br\/index.php\/wp-json\/wp\/v2\/posts\/5722\/revisions"}],"wp:attachment":[{"href":"https:\/\/aguaslindasnoticias.com.br\/index.php\/wp-json\/wp\/v2\/media?parent=5722"}],"wp:term":[{"taxonomy":"category","embeddable":true,"href":"https:\/\/aguaslindasnoticias.com.br\/index.php\/wp-json\/wp\/v2\/categories?post=5722"},{"taxonomy":"post_tag","embeddable":true,"href":"https:\/\/aguaslindasnoticias.com.br\/index.php\/wp-json\/wp\/v2\/tags?post=5722"}],"curies":[{"name":"wp","href":"https:\/\/api.w.org\/{rel}","templated":true}]}}